{"id":9986,"date":"2015-12-28T00:00:37","date_gmt":"2015-12-27T23:00:37","guid":{"rendered":"http:\/\/www.unionbelge.be\/?p=9986"},"modified":"2015-12-30T12:44:30","modified_gmt":"2015-12-30T11:44:30","slug":"groen-sur-la-meme-ligne-la-n-va-groen-op-dezelfde-lijn-als-n-va","status":"publish","type":"post","link":"https:\/\/www.unionbelge.be\/?p=9986","title":{"rendered":"GROEN SUR LA MEME LIGNE QUE LA N-VA &#8211; GROEN OP DEZELFDE LIJN ALS N-VA"},"content":{"rendered":"<p><strong><a href=\"https:\/\/www.unionbelge.be\/wp-content\/uploads\/2015\/12\/VBesien-IMG_0236.png\"><img loading=\"lazy\" decoding=\"async\" class=\"alignleft size-medium wp-image-9987\" src=\"https:\/\/www.unionbelge.be\/wp-content\/uploads\/2015\/12\/VBesien-IMG_0236-244x300.png\" alt=\"VBesien-IMG_0236\" width=\"244\" height=\"300\" data-wp-pid=\"9987\" srcset=\"https:\/\/www.unionbelge.be\/wp-content\/uploads\/2015\/12\/VBesien-IMG_0236-244x300.png 244w, https:\/\/www.unionbelge.be\/wp-content\/uploads\/2015\/12\/VBesien-IMG_0236-420x517.png 420w, https:\/\/www.unionbelge.be\/wp-content\/uploads\/2015\/12\/VBesien-IMG_0236.png 466w\" sizes=\"auto, (max-width: 244px) 100vw, 244px\" \/><\/a>GROEN = N-VA = VB<br \/>\n<\/strong><\/p>\n<p><strong>Le 6 d\u00e9cembre 2015, on a appris que Groen serait pr\u00eat \u00e0 aider la N-VA afin d\u2019obtenir une majorit\u00e9 \u00e0 Deurne, un district de la ville d&#8217;Anvers. De quoi s\u2019agit-il et quelles le\u00e7ons faut-il en tirer? \u00a0<\/strong><\/p>\n<p>1. La ville d&#8217;Anvers est depuis la fusion des communes divis\u00e9e en neuf districts, chacun avec ses propres pouvoirs, qui sont cependant limit\u00e9s. Dans tous ces districts &#8211; \u00e0 l\u2019exception de Borgerhout (majorit\u00e9: sp.a, PTB, Groen) \u2013 la N-VA est au pouvoir. A Anvers, \u00e0 Hoboken et \u00e0 Merksem, le parti Groen gouverne d\u00e9j\u00e0 avec la N-VA. Le CD&amp;V, qui est \u00e0 l\u2019heure actuelle au pouvoir dans quatre conseils de district et qui fournit deux des huit \u00e9chevins au conseil communal de la ville d\u2019Anvers, \u00a0reste aussi un parti puissant \u00e0 Anvers.<\/p>\n<p>2. Jusque d\u00e9but 2015, la N-VA avait \u00e0 Deurne 13 sur 29 si\u00e8ges. Ensemble avec un si\u00e8ge du CD&amp;V et un du VLD, le parti avait la majorit\u00e9. Cependant, un \u00a0conseiller de district de la N-VA ayant quitt\u00e9 le parti, cette majorit\u00e9 \u00e9troite fut perdue, rendant ainsi le district &#8221;ingouvernable&#8221;. Le cartel SP.A-Groen, qui compte 7 si\u00e8ges, s\u2019\u00e9tait pr\u00e9sent\u00e9 ensemble aux \u00e9lections avec la promesse de rester uni. Cette promesse a \u00e9t\u00e9 tenue jusqu&#8217;au 6 d\u00e9cembre 2015, jour o\u00f9 le parti Groen, qui a 4 si\u00e8ges, \u201ca d\u00e9pann\u00e9\u201d la majorit\u00e9. Groen a remplac\u00e9 le si\u00e8ge du CD&amp;V. Certains observateurs y voient un exp\u00e9riment en vue des \u00e9lections locales de 2018, voire les \u00e9lections nationales de 2019.<\/p>\n<p>3. Bien que Groen ait quatre fois plus de si\u00e8ges au conseil du district que le CD&amp;V, le parti obtient pourtant la m\u00eame quantit\u00e9 d&#8217;\u00e9chevins, \u00e0 savoir un seul. Groen n\u2019aura donc pratiquement aucun poids politique. De plus, dans le dossier important de la liaison d\u2019Oosterweel, Groen (contre) et la N-VA (pour) d\u00e9fendent des positions tout \u00e0 fait oppos\u00e9es.<\/p>\n<p>4. Mais plus important que cela est le fait que Groen ne voie aucun probl\u00e8me dans une collaboration avec un parti s\u00e9paratiste qui conna\u00eet dans ces rangs bon nombre d\u2019anciens membres du Vlaams Blok\/Belang, un parti s\u00e9paratiste et d\u2019extr\u00eame-droite avec lequel aucun parti n\u00e9erlandophone ne souhaite collaborer. Le s\u00e9paratisme est apparemment tout \u00e0 fait normal pour Groen.<\/p>\n<p>5. Dans <a href=\"https:\/\/jmeblommaert.wordpress.com\/2015\/12\/09\/groen-en-n-va-samen-in-bad-enkele-vragen\/\">un article d&#8217;opinion sur son site<\/a>, le professeur Jan Blommaert (Universit\u00e9 de Tilburg) pointe du doigt le caract\u00e8re ethnocratique, antisocial et raciste de la N-VA et se demande \u00e0 juste titre si &#8220;<i>Groen estime<\/i> <i>qu\u2019il s\u2019agit d\u2019un d\u00e9tail?<\/i>&#8220;. Si Groen l\u2019estime r\u00e9ellement parce que cette probl\u00e9matique ne serait pas pertinente au niveau local, <strong>\u00ab\u00a0<i>pourquoi alors ne pas coop\u00e9rer avec le Vlaams Belang?\u00a0\u00bb<\/i><\/strong><\/p>\n<p>N\u2019oublions surtout pas que Groen (anciennement Agalev) est un parti tr\u00e8s flamingant. Ce parti fut cr\u00e9\u00e9 comme une formation unilingue aux c\u00f4t\u00e9s d\u2019Ecolo, donc suivant une logique conf\u00e9d\u00e9raliste. Cela est \u00e9trange \u00e9tant donn\u00e9 que l&#8217;\u00e9cologie ne conna\u00eet pas de fronti\u00e8res entre les pays ni de fronti\u00e8res linguistiques. En outre, les verts ont approuv\u00e9 les r\u00e9formes d\u2019Etat anti-belges de 1993, 2001 et 2011, qui sont une \u00e9manation du racisme linguistique. En 2010, le parti a m\u00eame approuv\u00e9 la note extr\u00eamement radicale de De Wever. Dans un certain sens, Groen est pire que la N-VA. Cette derni\u00e8re n&#8217;a en effet jamais vot\u00e9 une r\u00e9forme de l\u2019Etat (parce que les r\u00e9formes n\u2019allaient pas assez loin pour elle, mais c\u2019est le r\u00e9sultat qui compte).<\/p>\n<p>Wouter Van Besien, l&#8217;ancien pr\u00e9sident de Groen (2009-2014), qui est maintenant pr\u00e9sident de Groen \u00e0 Anvers, a co-n\u00e9goci\u00e9 la sixi\u00e8me r\u00e9forme de l&#8217;\u00c9tat (2010-2013). Lors de ces n\u00e9gociations, il a notamment exig\u00e9 l\u2019abolition du S\u00e9nat belge \u2013 ce qu\u2019il a largement obtenu. Dans sa jeunesse, il fut actif dans un mouvement de jeunesse flamingant et au \u00ab Conseil flamand de la Jeunesse \u00bb. En 1998, il devint le secr\u00e9taire national du mouvement de jeunesse \u00ab\u00a0Chiro-Flandre\u00a0\u00bb. Il a \u00e9galement pr\u00e9f\u00e9r\u00e9 le parlement &#8220;flamand&#8221; au parlement &#8220;f\u00e9d\u00e9ral&#8221;. Il y si\u00e8ge depuis 2014. Son parti est \u00e9galement hostile \u00e0 l&#8217;\u00e9gard de la famille royale belge et des provinces. Par cons\u00e9quent, Van Besien peut \u00eatre consid\u00e9r\u00e9 comme l\u2019un des flamingants les plus radicaux et les plus performants de l\u2019histoire de la Belgique. Il en sera sans doute fier\u2026<\/p>\n<p><strong>L\u2019\u00e9quation \u00ab\u00a0Groen = N-VA\u00a0= VB\u00bb est donc proche de la v\u00e9rit\u00e9 sur le plan communautaire.<\/strong><\/p>\n<p>&nbsp;<\/p>\n<figure id=\"attachment_9988\" aria-describedby=\"caption-attachment-9988\" style=\"width: 227px\" class=\"wp-caption alignleft\"><a href=\"https:\/\/www.unionbelge.be\/wp-content\/uploads\/2015\/12\/REG1_GSS3VF298010districten_antwerpen_DS_v1_081001.jpg\"><img loading=\"lazy\" decoding=\"async\" class=\"size-medium wp-image-9988\" src=\"https:\/\/www.unionbelge.be\/wp-content\/uploads\/2015\/12\/REG1_GSS3VF298010districten_antwerpen_DS_v1_081001-227x300.jpg\" alt=\"Les districts anversois - de Antwerpse districten (www.standaard.be)\" width=\"227\" height=\"300\" data-wp-pid=\"9988\" srcset=\"https:\/\/www.unionbelge.be\/wp-content\/uploads\/2015\/12\/REG1_GSS3VF298010districten_antwerpen_DS_v1_081001-227x300.jpg 227w, https:\/\/www.unionbelge.be\/wp-content\/uploads\/2015\/12\/REG1_GSS3VF298010districten_antwerpen_DS_v1_081001-300x396.jpg 300w, https:\/\/www.unionbelge.be\/wp-content\/uploads\/2015\/12\/REG1_GSS3VF298010districten_antwerpen_DS_v1_081001.jpg 315w\" sizes=\"auto, (max-width: 227px) 100vw, 227px\" \/><\/a><figcaption id=\"caption-attachment-9988\" class=\"wp-caption-text\">Les districts anversois &#8211; de Antwerpse districten (www.standaard.be)<\/figcaption><\/figure>\n<p><strong>GROEN = N-VA = VB<br \/>\n<\/strong><\/p>\n<p><strong>Op 6 december 2015 werd duidelijk dat Groen de N-VA aan een meerderheid zou helpen in Deurne, een Antwerps district. Wat is er aan de hand en welke lessen kan men hieruit trekken?<\/strong><\/p>\n<p>1. De stad Antwerpen is sinds de gemeentenfusie onderverdeeld in negen districten, elk met eigen &#8211; weliswaar beperkte &#8211; bevoegdheden. In alle districten &#8211; op Borgerhout na (meerderheid : sp.a, PVDA, Groen) &#8211;\u00a0is de N-VA\u00a0aan de macht. In Antwerpen, Hoboken en Merksem bestuurt Groen nu al met de N-VA.\u00a0CD&amp;V, die momenteel in vier districtsraden meebestuurt en in het Antwerps stadsbestuur twee van de acht schepenen levert, blijft een belangrijke machtsfactor in Antwerpen.<\/p>\n<p>2. In Deurne had de N-VA tot begin 2015 een\u00a0meerderheid met 13 van de 29 zetels, aangevuld met \u00e9\u00e9n van\u00a0CD&amp;V en \u00e9\u00e9n van VLD. Echter, toen een districtraadslid\u00a0van de N-VA opstapte, ging die nipte meerderheid verloren waardoor het district &#8221;onbestuurbaar&#8221; werd. Het kartel SP.A-Groen (7 zetels) was samen naar de verkiezingen getrokken en had ook beloofd dat te blijven doen. Tot op 6 december 2015 dus, toen Groen\u00a0(4 zetels)\u00a0de meerderheid &#8221;depanneerde&#8221;. Groen heeft de zetel van\u00a0CD&amp;V vervangen. Sommige waarnemers zien hier een experiment in, met het oog op de lokale verkiezingen van 2018 of zelfs in het licht van de nationale verkiezingen van 2019.<\/p>\n<p>3. Hoewel Groen 4 maal m\u00e9\u00e9r zetels heeft in de districtsraad dan\u00a0CD&amp;V, krijgt ze nochtans evenveel schepenen, namelijk slechts \u00e9\u00e9n. Wegen op het beleid zit er dus quasi niet in. In het belangrijke dossier van de Oosterweelverbinding staan Groen (contra) en N-VA (pro) bovendien diametraal tegenover elkaar.<\/p>\n<p>4. Maar belangrijker is het feit dat Groen geen probleem ziet in een samenwerking met een separatistische partij die in haar rangen heel wat vroegere leden van het Vlaams Blok\/Belang telt. Het VB is een separatistische en extreemrechtse partij waarmee geen enkele Nederlandstalige partij wil samenwerken. Separatisme is voor Groen blijkbaar een normale zaak.<\/p>\n<p>5. Professor\u00a0Jan Blommaert (Universiteit Tilburg) wijst <a href=\"https:\/\/jmeblommaert.wordpress.com\/2015\/12\/09\/groen-en-n-va-samen-in-bad-enkele-vragen\/\">in een opiniestuk op zijn site<\/a> op het etnocratische, asociale en racistische karakter van de N-VA en vraagt zich zeer terecht af: &#8216;,\u00a0<i>vindt Groen dit een detail?<\/i><i>\u00a0<\/i>En indien Groen dit een detail vindt omdat dergelijke zaken onbelangrijk zijn op lokaal niveau,\u00a0<strong>\u201c<i>waarom dan niet samenwerken met het Vlaams Belang<\/i>?\u201d<\/strong><\/p>\n<p>Laten we vooral niet vergeten dat Groen (voordien Agalev) een zeer flamingantische partij is. Ten eerste is de partij als \u00e9\u00e9ntalige partij ontstaan naast Ecolo, dus volgens een confederalistische logica. Dit is heel vreemd aangezien ecologie geen landsgrenzen, laat staan taalgrenzen kent. Bovendien keurden de groenen de anti-Belgische en taalracistische staatshervormingen van 1993, 2001 en 2011 mee goed. In 2010 keurden ze zelfs de zeer extremistische\u00a0nota-De Wever goed. In zekere zin is Groen nog erger dan de N-VA. Die laatste partij keurde immers nooit een staatshervorming goed (wegens niet ver genoeg gaand, maar het resultaat telt).<\/p>\n<p>Wouter Van Besien, de vroegere voorzitter van Groen (2009-2014), nu voorzitter van Groen-Antwerpen is, heeft mee de zesde staatshervorming heeft onderhandeld (2010-2013). Tijdens die onderhandelingen heeft hij ondermeer ge\u00ebist dat de Belgische Senaat zou afgeschaft worden \u2013 wat grotendeels gelukt is. Tijdens zijn jeugd was hij actief binnen de \u201cVlaamse\u201d jeugdbeweging en de \u201cVlaamse Jeugdraad\u201d en werd in 1998 nationaal secretaris van de Chirojeugd-Vlaanderen. Hij koos ook voor het \u201cVlaams\u201d parlement i.p.v. het \u201cfederaal\u201d parlement. Daar zetelt hij sinds 2014. Zijn partij staat eveneens vijandig t.o.v. het Belgisch koningshuis en de provincies. Bijgevolg kan Van Besien als \u00e9\u00e9n van de meest radicale en succesvolle flaminganten beschouwd worden. Hij zal er ongetwijfeld fier op zijn\u2026<\/p>\n<p><strong>De stelling \u00ab\u00a0Groen = N-VA\u00a0= VB\u00bb staat dan ook dicht bij de waarheid op communautair vlak.<\/strong><\/p>\n","protected":false},"excerpt":{"rendered":"<p>Le 6 d\u00e9cembre 2015, on a appris que Groen serait pr\u00eat \u00e0 aider le N-VA afin d\u2019obtenir une majorit\u00e9 \u00e0 Deurne, un district de la ville d&#8217;Anvers. De quoi s\u2019agit-il et quelles le\u00e7ons faut-il en tirer?  <\/p>\n<p>Op 6 december 2015 werd duidelijk dat Groen de N-VA aan een meerderheid zou helpen in Deurne, een Antwerps district. Wat is er aan de hand en welke lessen kan men hieruit trekken?  <\/p>\n","protected":false},"author":2,"featured_media":0,"comment_status":"closed","ping_status":"closed","sticky":false,"template":"","format":"standard","meta":{"ngg_post_thumbnail":0,"jetpack_post_was_ever_published":false,"_jetpack_newsletter_access":"","_jetpack_dont_email_post_to_subs":false,"_jetpack_newsletter_tier_id":0,"_jetpack_memberships_contains_paywalled_content":false,"powered_cache_disable_cache":false,"_jetpack_memberships_contains_paid_content":false,"footnotes":"","jetpack_publicize_message":"","jetpack_publicize_feature_enabled":true,"jetpack_social_post_already_shared":true,"jetpack_social_options":{"image_generator_settings":{"template":"highway","default_image_id":0,"font":"","enabled":false},"version":2}},"categories":[1,5],"tags":[],"class_list":["post-9986","post","type-post","status-publish","format-standard","hentry","category-news0","category-opinions"],"jetpack_publicize_connections":[],"jetpack_featured_media_url":"","jetpack_sharing_enabled":true,"jetpack_shortlink":"https:\/\/wp.me\/p6Y7u0-2B4","jetpack_likes_enabled":false,"_links":{"self":[{"href":"https:\/\/www.unionbelge.be\/index.php?rest_route=\/wp\/v2\/posts\/9986","targetHints":{"allow":["GET"]}}],"collection":[{"href":"https:\/\/www.unionbelge.be\/index.php?rest_route=\/wp\/v2\/posts"}],"about":[{"href":"https:\/\/www.unionbelge.be\/index.php?rest_route=\/wp\/v2\/types\/post"}],"author":[{"embeddable":true,"href":"https:\/\/www.unionbelge.be\/index.php?rest_route=\/wp\/v2\/users\/2"}],"replies":[{"embeddable":true,"href":"https:\/\/www.unionbelge.be\/index.php?rest_route=%2Fwp%2Fv2%2Fcomments&post=9986"}],"version-history":[{"count":3,"href":"https:\/\/www.unionbelge.be\/index.php?rest_route=\/wp\/v2\/posts\/9986\/revisions"}],"predecessor-version":[{"id":9992,"href":"https:\/\/www.unionbelge.be\/index.php?rest_route=\/wp\/v2\/posts\/9986\/revisions\/9992"}],"wp:attachment":[{"href":"https:\/\/www.unionbelge.be\/index.php?rest_route=%2Fwp%2Fv2%2Fmedia&parent=9986"}],"wp:term":[{"taxonomy":"category","embeddable":true,"href":"https:\/\/www.unionbelge.be\/index.php?rest_route=%2Fwp%2Fv2%2Fcategories&post=9986"},{"taxonomy":"post_tag","embeddable":true,"href":"https:\/\/www.unionbelge.be\/index.php?rest_route=%2Fwp%2Fv2%2Ftags&post=9986"}],"curies":[{"name":"wp","href":"https:\/\/api.w.org\/{rel}","templated":true}]}}