{"id":9944,"date":"2015-12-01T00:00:56","date_gmt":"2015-11-30T23:00:56","guid":{"rendered":"http:\/\/www.unionbelge.be\/?p=9944"},"modified":"2016-11-15T20:17:19","modified_gmt":"2016-11-15T19:17:19","slug":"9944","status":"publish","type":"post","link":"https:\/\/www.unionbelge.be\/?p=9944","title":{"rendered":"INTERNATIONALE PERS VERNIETIGEND OVER FEDERALISME EN TAALNATIONALISME &#8211; LA PRESSE INTERNATIONALE MET AU PILORI LE FEDERALISME ET LE NATIONALISME LINGUISTIQUE"},"content":{"rendered":"<p><strong><a href=\"https:\/\/www.unionbelge.be\/wp-content\/uploads\/2015\/11\/fossil_poster.jpg\"><img loading=\"lazy\" decoding=\"async\" class=\"alignleft size-medium wp-image-9946\" src=\"https:\/\/www.unionbelge.be\/wp-content\/uploads\/2015\/11\/fossil_poster-300x250.jpg\" alt=\"fossil_poster\" width=\"300\" height=\"250\" data-wp-pid=\"9946\" srcset=\"https:\/\/www.unionbelge.be\/wp-content\/uploads\/2015\/11\/fossil_poster-300x250.jpg 300w, https:\/\/www.unionbelge.be\/wp-content\/uploads\/2015\/11\/fossil_poster-420x350.jpg 420w, https:\/\/www.unionbelge.be\/wp-content\/uploads\/2015\/11\/fossil_poster-800x666.jpg 800w, https:\/\/www.unionbelge.be\/wp-content\/uploads\/2015\/11\/fossil_poster.jpg 945w\" sizes=\"auto, (max-width: 300px) 100vw, 300px\" \/><\/a>FEDERALISME EN PARTICRATIE MAKEN ZICH BELACHELIJK<\/strong><\/p>\n<p><strong>De buitenlandse pers is niet mals voor het taalfederalisme in Belgi\u00eb. Of het nu gaat over de klimaattop in Parijs of de aanslagen in Parijs, de buitenlandse journalisten hebben het gemunt op de versnippering van bevoegdheden.<\/strong><\/p>\n<p><span style=\"text-decoration: underline;\">Wat de B.U.B. al sedert zijn oprichting zegt, wordt nu ook internationaal erkend<\/span>: <span style=\"text-decoration: underline;\">het Belgische federalisme is een mislukking<\/span>. Het taalnationalisme, dat de grondslag ervan vormt, is een hinderpaal voor elk deugdelijk bestuur. Waar is de tijd dat het Belgische federalisme nog door de particratie geroemd werd als een voorbeeld voor de rest van de wereld? Hieronder vindt u een samenvatting van de internationale pers.\u00a0In een andere artikel gaan we in op de Belgische perscommentaren.<\/p>\n<p><a href=\"http:\/\/www.politico.eu\/article\/belgium-failed-state-security-services-molenbeek-terrorism\/\">Volgens de Amerikaanse nieuwspublicatie<\/a> <em><strong>Politico<\/strong><\/em> (19.11.15) wordt er in de strijd tegen terreur in zowat elk Europees land meer macht, personeel en geld gecentraliseerd in de strijd tegen het terrorisme, maar slaat <span style=\"text-decoration: underline;\"><strong>\u201c<i>Belgi\u00eb, de gevangene van zijn eigen taalpolitiek, de omgekeerde richting in door de gewesten te versterken<\/i>\u201d.<\/strong> <\/span>Ook wordt erop gewezen dat het gebrek aan co\u00f6rdinatie tussen de verschillende beleidsniveaus tot een falende communicatie leidt: \u201c<i>in grote mate legt de politieke klasse zich neer bij deze verstoorde situaties omdat ze ze accepteert als de te betalen prijs voor taalkundige en opportunistische onenigheden<\/i>\u201d. De nagel op de kop, alweer.<\/p>\n<p>In <strong><i>The<\/i> <i>Washington Post<\/i><\/strong> (21.11.15) lezen we hoe het enorme Justitiepaleis eertijds [in het unitaire Belgi\u00eb] een schitterend bouwwerk was, dat opgedragen was aan de democratische waarden van de staat, maar vandaag [in het federale Belgi\u00eb] bedekt wordt met zodanig versleten steigers dat het nu een symbool is van de Belgische verwaarlozing van \u201c<em>law and order<\/em>\u201d. <a href=\"https:\/\/www.washingtonpost.com\/world\/europe\/paris-attacks-rooted-in-brussels-bring-question-why-belgium\/2015\/11\/21\/7e31cd10-9028-11e5-934c-a369c80822c2_story.html\">Dit dagblad wijst op zijn beurt op<\/a> <strong>\u201c<i>de taaltwisten die bureaucratische verwarring zaaien inzake justitie en veiligheid<\/i>\u201d.\u00a0<\/strong><\/p>\n<p>In een artikel voor de <strong>BBC<\/strong> <a href=\"http:\/\/www.bbc.com\/news\/world-europe-34934270\">schrijft de Belgische politicoloog Dave Sinardet<\/a> (27.11.15): \u201c\u2026 <i>much of the international criticism has focused on the failings of Belgium&#8217;s state structures, which don&#8217;t necessarily appear particularly suitable for dealing efficiently with today&#8217;s challenges<\/i>\u201d. Vervolgens komt hij tot de kern van de zaak: \u201c<i>The country&#8217;s constitution was reformed five times between 1970 and 2001. <\/i><i>And in 2010-2011, it went without a government for 541 days due to a drawn-out deadlock over negotiating a sixth state reform. <\/i>[\u2026]<i>\u201d<\/i>. Het tegenargument dat soms gehoord wordt, nl. dat alle federaties ingewikkeld zijn, wordt vakkundig van tafel geveegd, met volgende rake vaststelling: \u201c<i>Belgium is a small largely (sub)urbanised country where everything is closely intertwined, especially in and around Brussels<\/i>\u201d. Sinardet is niet mals voor het beleid van \u201conze\u201d politici: \u201c<strong><i>a cocktail of nationalist and partisan reasoning has led to state powers being shattered and new institutions and administrations being created over the years<\/i><\/strong> [\u2026] <strong><i>The result is a lack of co-ordination and institutional imbroglio<\/i><\/strong>\u201d. Een mooi voorbeeld van dat imbroglio is de laatste (zesde !) staatshervorming, die Sinardet terecht afdoet als vier jaar kostbare tijdverspilling door de Belgische politieke klasse die elders had kunnen ingestoken worden \u2013 bijvoorbeeld in het verbeteren van de veiligheid.<\/p>\n<p>Maar ook het gebrek aan akkoord van de Belgische delegatie op de <strong>klimaattop in Parijs<\/strong> ontsnapt niet aan de internationale spotternij. Op de eerste dag van de VN-conferentie (30 november) werd Belgi\u00eb belachelijk gemaakt omdat het door enkele NGO\u2019s verkozen werd tot <strong>\u201cfossiel van de dag\u201d<\/strong> wegens zijn onbekwaamheid om een klimaatvoorstel voor te leggen door de reeds 6 jaar aanslepende onenigheid tussen de gewesten op dit vlak. Er zijn landen die veel groter zijn dan Belgi\u00eb en met \u00e9\u00e9n standpunt naar de klimaatconferentie gaan.<\/p>\n<p>Nochtans is \u00e9\u00e9n minister niet genoeg. Het hele regionalistisch denken moet verdwijnen. Belgi\u00eb is te klein voor federalisme.<\/p>\n<p>Het taalfederalisme in Belgi\u00eb is niet alleen duur, ineffici\u00ebnt, complex, discriminerend, staatsbedreigend, ongrondwettelijk en absurd, maar ook gevaarlijk omdat het onze veiligheid bedreigt en vervuilend omdat het ons milieubeleid blokkeert. Waar wachten we eigenlijk nog op om dit systeem af te schaffen?<\/p>\n<p>&nbsp;<\/p>\n<p><strong>LE FEDERALISME ET LA PARTICRATIE SE RIDICULISENT<\/strong><\/p>\n<p><strong>Lorsqu\u2019il s\u2019agit du f\u00e9d\u00e9ralisme linguistique en Belgique, la presse internationale ne m\u00e2che pas ses mots<i>.<\/i> Que ce soit le sommet sur le climat \u00e0 Paris ou les attentats de Paris, les journalistes \u00e9trangers fustigent l\u2019\u00e9parpillement des comp\u00e9tences.<\/strong><\/p>\n<p><span style=\"text-decoration: underline;\">Ce que le B.U.B. affirme depuis sa fondation, est maintenant reconnu au niveau international: le f\u00e9d\u00e9ralisme belge est un \u00e9chec.<\/span> Le nationalisme linguistique qui en est la base est un obstacle \u00e0 la bonne gouvernance. O\u00f9 est l\u2019\u00e9poque que la particratie se vantait du f\u00e9d\u00e9ralisme comme un exemple pour le reste du monde\u00a0? Ci-dessous vous trouverez un sommaire de la presse internationale. Dans un autre article, nous nous pencherons sur les commentaires de la presse belge.<\/p>\n<p><a href=\"http:\/\/www.politico.eu\/article\/belgium-failed-state-security-services-molenbeek-terrorism\/\">Selon le magazine am\u00e9ricain<\/a> <em><strong>Politico<\/strong><\/em> (19.11.15) le combat contre le terrorisme m\u00e8ne \u00e0 une plus grande centralisation du pouvoir, du personnel et des moyens financiers dans pratiquement chaque pays europ\u00e9en, mais <strong>\u201c<i>la Belgique, prisonni\u00e8re de sa politique linguistique, prend la direction oppos\u00e9e et renforce le pouvoir des r\u00e9gions<\/i>\u201d.<\/strong> En outre, le magazine souligne qu\u2019un manque de coordination entre les diff\u00e9rents niveaux de pouvoir d\u00e9bouche sur une communication d\u00e9faillante: &#8220;<i>Dans une large mesure, la classe politique s&#8217;est r\u00e9sign\u00e9e \u00e0 ces dysfonctionnements, les acceptant comme le prix \u00e0 payer des dissensions linguistiques et opportunistes<\/i>\u201d. Ainsi, le doigt est mis sur le fond du probl\u00e8me.<\/p>\n<p><strong><i>The<\/i> <i>Washington Post<\/i> <\/strong>(21.11.15) \u00e9voque l&#8217;\u00e9norme Palais de Justice, autrefois [dans la Belgique unitaire] un monument \u00e9tincelant d\u00e9di\u00e9 aux valeurs d\u00e9mocratiques, mais \u00e0 pr\u00e9sent recouvert d&#8217;\u00e9chafaudages si d\u00e9cr\u00e9pits, qu&#8217;il symbolise la n\u00e9gligence belge [de la Belgique f\u00e9d\u00e9rale] \u00e0 l&#8217;\u00e9gard de l\u2019ordre public&#8221;. <a href=\"https:\/\/www.washingtonpost.com\/world\/europe\/paris-attacks-rooted-in-brussels-bring-question-why-belgium\/2015\/11\/21\/7e31cd10-9028-11e5-934c-a369c80822c2_story.html\">A son tour, ce journal fustige<\/a> <strong>\u201c<i>les dissensions linguistiques qui s\u00e8ment la confusion bureaucratique au niveau de la justice et de la s\u00e9curit\u00e9<\/i>\u201d.<\/strong><\/p>\n<p>Dans un article pour la <strong>BBC<\/strong>, <a href=\"http:\/\/www.bbc.com\/news\/world-europe-34934270\">le politologue belge Dave Sinardet \u00e9crit<\/a>: \u201c\u2026 <i>much of the international criticism has focused on the failings of Belgium&#8217;s state structures, which don&#8217;t necessarily appear particularly suitable for dealing efficiently with today&#8217;s challenges<\/i>\u201d. Ensuite, il analyse le fond du probl\u00e8me: \u201c<i>The country&#8217;s constitution was reformed five times between 1970 and 2001. <\/i><i>And in 2010-2011, it went without a government for 541 days due to a drawn-out deadlock over negotiating a sixth state reform. <\/i>[\u2026]<i>\u201d<\/i>. L\u2019argument contraire que l\u2019on entend parfois, notamment que toutes les f\u00e9d\u00e9rations sont complexes, est balay\u00e9 d\u2019un revers de la main: \u201c<i>Belgium is a small largely (sub)urbanised country where everything is closely intertwined, especially in and around Brussels<\/i>\u201d. Quant \u00e0 la politique de \u201cnos\u201d politiciens, Sinardet ne p\u00e8se pas ces mots\u00a0: \u201c<strong><i>a cocktail of nationalist and partisan reasoning has led to state powers being shattered and new institutions and administrations being created over the years<\/i><\/strong> [\u2026] <strong><i>The result is a lack of co-ordination and institutional imbroglio<\/i><\/strong>\u201d. Un bel exemple de cet imbroglio est la derni\u00e8re (sixi\u00e8me!) r\u00e9forme de l\u2019Etat que Sinardet d\u00e9crit \u00e0 juste titre comme une perte de temps de quatre ann\u00e9es de la part de la classe politique belge, temps que l\u2019on aurait pu investir dans autre chose \u2013 par exemple dans l\u2019am\u00e9lioration de la s\u00e9curit\u00e9.<\/p>\n<p>Mais aussi l\u2019absence d\u2019accord de la d\u00e9l\u00e9gation belge au <strong>sommet sur le climat \u00e0 Paris<\/strong> n\u2019\u00e9chappe pas \u00e0 la ris\u00e9e internationale. Au premier jour de la conf\u00e9rence de l\u2019ONU (30 novembre), la Belgique a \u00e9t\u00e9 ridiculis\u00e9e en \u00e9tant \u00e9lue <strong>\u00ab\u00a0fossile du jour\u00a0\u00bb<\/strong> par plusieurs ONG en raison de son incapacit\u00e9 de soumettre une proposition climatique vu la divergence entre les r\u00e9gions \u00e0 ce sujet, divergence qui persiste depuis 6 ans. Des pays bien plus grands que la Belgique sont en mesure de venir \u00e0 la conf\u00e9rence avec un seul plan.<\/p>\n<p>Toutefois, un seul ministre pour l\u2019environnement n\u2019est pas suffisant. Il faut aussi arr\u00eater toute la pens\u00e9e r\u00e9gionaliste. La Belgique est trop petite pour \u00eatre d\u00e9f\u00e9d\u00e9ralis\u00e9e.<\/p>\n<p><strong>Le f\u00e9d\u00e9ralisme linguistique en Belgique n\u2019est pas seulement cher, inefficace, compliqu\u00e9, discriminatoire, une menace pour l\u2019Etat, inconstitutionnel et absurde, mais aussi tr\u00e8s dangereux vu qu\u2019il menace notre s\u00e9curit\u00e9 et polluant vu qu\u2019il bloque notre politique de l\u2019environnement. Qu\u2019est-ce que l\u2019on attend pour enfin abolir ce syst\u00e8me?<\/strong><\/p>\n<p>&nbsp;<\/p>\n<p>&nbsp;<\/p>\n","protected":false},"excerpt":{"rendered":"<p>De buitenlandse pers is niet mals voor het taalfederalisme in Belgi\u00eb. Of het nu gaat over de klimaattop in Parijs of de aanslagen in Parijs, de buitenlandse journalisten hebben het gemunt op de versnippering van bevoegdheden.<\/p>\n<p>Lorsqu\u2019il s\u2019agit du f\u00e9d\u00e9ralisme linguistique en Belgique, la presse internationale ne m\u00e2che pas ses mots. Que ce soit le sommet sur le climat \u00e0 Paris ou les attentats de Paris, les journalistes \u00e9trangers fustigent l\u2019\u00e9parpillement des comp\u00e9tences<\/p>\n","protected":false},"author":2,"featured_media":0,"comment_status":"closed","ping_status":"closed","sticky":false,"template":"","format":"standard","meta":{"ngg_post_thumbnail":0,"jetpack_post_was_ever_published":false,"_jetpack_newsletter_access":"","_jetpack_dont_email_post_to_subs":false,"_jetpack_newsletter_tier_id":0,"_jetpack_memberships_contains_paywalled_content":false,"powered_cache_disable_cache":false,"_jetpack_memberships_contains_paid_content":false,"footnotes":"","jetpack_publicize_message":"","jetpack_publicize_feature_enabled":true,"jetpack_social_post_already_shared":true,"jetpack_social_options":{"image_generator_settings":{"template":"highway","default_image_id":0,"font":"","enabled":false},"version":2}},"categories":[1,5],"tags":[],"class_list":["post-9944","post","type-post","status-publish","format-standard","hentry","category-news0","category-opinions"],"jetpack_publicize_connections":[],"jetpack_featured_media_url":"","jetpack_sharing_enabled":true,"jetpack_shortlink":"https:\/\/wp.me\/s6Y7u0-9944","jetpack_likes_enabled":false,"_links":{"self":[{"href":"https:\/\/www.unionbelge.be\/index.php?rest_route=\/wp\/v2\/posts\/9944","targetHints":{"allow":["GET"]}}],"collection":[{"href":"https:\/\/www.unionbelge.be\/index.php?rest_route=\/wp\/v2\/posts"}],"about":[{"href":"https:\/\/www.unionbelge.be\/index.php?rest_route=\/wp\/v2\/types\/post"}],"author":[{"embeddable":true,"href":"https:\/\/www.unionbelge.be\/index.php?rest_route=\/wp\/v2\/users\/2"}],"replies":[{"embeddable":true,"href":"https:\/\/www.unionbelge.be\/index.php?rest_route=%2Fwp%2Fv2%2Fcomments&post=9944"}],"version-history":[{"count":10,"href":"https:\/\/www.unionbelge.be\/index.php?rest_route=\/wp\/v2\/posts\/9944\/revisions"}],"predecessor-version":[{"id":10778,"href":"https:\/\/www.unionbelge.be\/index.php?rest_route=\/wp\/v2\/posts\/9944\/revisions\/10778"}],"wp:attachment":[{"href":"https:\/\/www.unionbelge.be\/index.php?rest_route=%2Fwp%2Fv2%2Fmedia&parent=9944"}],"wp:term":[{"taxonomy":"category","embeddable":true,"href":"https:\/\/www.unionbelge.be\/index.php?rest_route=%2Fwp%2Fv2%2Fcategories&post=9944"},{"taxonomy":"post_tag","embeddable":true,"href":"https:\/\/www.unionbelge.be\/index.php?rest_route=%2Fwp%2Fv2%2Ftags&post=9944"}],"curies":[{"name":"wp","href":"https:\/\/api.w.org\/{rel}","templated":true}]}}