{"id":9827,"date":"2015-07-21T21:49:35","date_gmt":"2015-07-21T19:49:35","guid":{"rendered":"http:\/\/www.unionbelge.be\/?p=9827"},"modified":"2015-07-21T21:49:35","modified_gmt":"2015-07-21T19:49:35","slug":"stand-du-b-u-b-21-07-2015","status":"publish","type":"post","link":"https:\/\/www.unionbelge.be\/?p=9827","title":{"rendered":"STAND (DU) B.U.B. 21.07.2015"},"content":{"rendered":"<figure id=\"attachment_9829\" aria-describedby=\"caption-attachment-9829\" style=\"width: 168px\" class=\"wp-caption alignright\"><a href=\"https:\/\/www.unionbelge.be\/wp-content\/uploads\/2015\/07\/DSC01140.jpg\"><img loading=\"lazy\" decoding=\"async\" class=\"size-medium wp-image-9829\" alt=\"Veel volk op 21 juli 2015 aan de stand van de B.U.B. - Beaucoup de monde le 21 juillet 2015 au stand du B.U.B.\" src=\"https:\/\/www.unionbelge.be\/wp-content\/uploads\/2015\/07\/DSC01140-168x300.jpg\" width=\"168\" height=\"300\" data-wp-pid=\"9829\" srcset=\"https:\/\/www.unionbelge.be\/wp-content\/uploads\/2015\/07\/DSC01140-168x300.jpg 168w, https:\/\/www.unionbelge.be\/wp-content\/uploads\/2015\/07\/DSC01140-420x747.jpg 420w, https:\/\/www.unionbelge.be\/wp-content\/uploads\/2015\/07\/DSC01140-800x1422.jpg 800w, https:\/\/www.unionbelge.be\/wp-content\/uploads\/2015\/07\/DSC01140-576x1024.jpg 576w, https:\/\/www.unionbelge.be\/wp-content\/uploads\/2015\/07\/DSC01140-450x800.jpg 450w, https:\/\/www.unionbelge.be\/wp-content\/uploads\/2015\/07\/DSC01140-675x1200.jpg 675w, https:\/\/www.unionbelge.be\/wp-content\/uploads\/2015\/07\/DSC01140-1013x1800.jpg 1013w, https:\/\/www.unionbelge.be\/wp-content\/uploads\/2015\/07\/DSC01140.jpg 1080w\" sizes=\"auto, (max-width: 168px) 100vw, 168px\" \/><\/a><figcaption id=\"caption-attachment-9829\" class=\"wp-caption-text\">Veel volk op 21 juli 2015 aan de stand van de B.U.B. &#8211; Beaucoup de monde le 21 juillet 2015 au stand du B.U.B.<\/figcaption><\/figure>\n<p><strong>FETE NATIONALE<\/strong><\/p>\n<p><strong>Le 21 juillet 2015, le B.U.B. avait de nouveau un stand Rue de la R\u00e9gence \u00e0 Bruxelles \u00e0 l&#8217;occasion de la f\u00eate nationale belge. Nous constatons que le B.U.B. n&#8217;est pas encore tr\u00e8s connu en soi, mais que notre message unitariste est bien compris par presque tous les Belges et que surtout les jeunes, mais aussi de plus en plus de personnes \u00e2g\u00e9es,\u00a0adh\u00e8rent \u00e0 l&#8217;id\u00e9e de retourner \u00e0 une Belgique unitaire.<\/strong><\/p>\n<p>La journ\u00e9e \u00e9tait de nouveau tr\u00e8s remplie et une occasion pour les membres de revoir des anciens du parti ainsi que de nouveaux membres et de recontrer les citoyens belges. Comme toujours, c&#8217;\u00e9tait une exp\u00e9rience enrichissante. Notamment, le premier ministre Charles Michel et l&#8217;archev\u00eaque Andr\u00e9 L\u00e9onard ont re\u00e7u un tract du B.U.B.. <\/p>\n<p>Pour le parti, il est essentiel de continuer \u00e0 d\u00e9fendre l&#8217;id\u00e9ologie unitariste \u00e0 une \u00e9poque o\u00f9 la Belgique a d\u00e9j\u00e0 connu 6 r\u00e9formes de l&#8217;Etat antibelges et o\u00f9 les s\u00e9paratistes sont au pouvoir partout dans le pays.<\/p>\n<p><strong>Ensemble avec le soutien d&#8217;un grand nombre de Belges, nous pourrons r\u00e9tablir l&#8217;ordre institutionnel en Belgique !<\/strong><\/p>\n<p>&nbsp;<\/p>\n<figure id=\"attachment_9828\" aria-describedby=\"caption-attachment-9828\" style=\"width: 580px\" class=\"wp-caption aligncenter\"><a href=\"https:\/\/www.unionbelge.be\/wp-content\/uploads\/2015\/07\/DSC01122.jpg\"><img loading=\"lazy\" decoding=\"async\" class=\"size-large wp-image-9828\" alt=\"Stand (du) B.U.B. 21.07.2015\" src=\"https:\/\/www.unionbelge.be\/wp-content\/uploads\/2015\/07\/DSC01122-1024x576.jpg\" width=\"580\" height=\"326\" data-wp-pid=\"9828\" srcset=\"https:\/\/www.unionbelge.be\/wp-content\/uploads\/2015\/07\/DSC01122-1024x576.jpg 1024w, https:\/\/www.unionbelge.be\/wp-content\/uploads\/2015\/07\/DSC01122-420x236.jpg 420w, https:\/\/www.unionbelge.be\/wp-content\/uploads\/2015\/07\/DSC01122-800x450.jpg 800w, https:\/\/www.unionbelge.be\/wp-content\/uploads\/2015\/07\/DSC01122-300x169.jpg 300w, https:\/\/www.unionbelge.be\/wp-content\/uploads\/2015\/07\/DSC01122-1200x675-cropped.jpg 1200w, https:\/\/www.unionbelge.be\/wp-content\/uploads\/2015\/07\/DSC01122.jpg 1920w\" sizes=\"auto, (max-width: 580px) 100vw, 580px\" \/><\/a><figcaption id=\"caption-attachment-9828\" class=\"wp-caption-text\">Stand (du) B.U.B. 21.07.2015<\/figcaption><\/figure>\n<p><strong>NATIONALE FEESTDAG<\/strong><\/p>\n<p><strong>Op 21 juli 2015 had de B.U.B. opnieuw een stand in de Regentschapstraat in Brussel ter gelegenheid van de Belgische nationale feestdag. We stellen vast dat de B.U.B. nog niet erg gekend is, maar dat onze unitaristische boodschap door bijna alle Belgen begrepen wordt en dat vooral de jongeren, maar ook steeds meer ouderen, een terugkeer naar een unitair Belgi\u00eb genegen zijn.<\/strong><\/p>\n<p>De dag was opnieuw erg gevuld en een gelegenheid voor de leden om vroegere en nieuwe leden van de partij te zien alsook de Belgische burgers te ontmoeten. Zoals altijd was dit een verrijkende ervaring. Ondermeer Eerste minister Charles Michel en aartsbisschop Andr\u00e9 L\u00e9onard hebben een pamflet van de B.U.B. in ontvangst genomen. <\/p>\n<p>Voor de partij is het essentieel om de unitaristische ideologie verder te blijven verdedigen op een moment dat Belgi\u00eb reeds 6 anti-Belgische staatshervormingen gekend heeft en dat separatisten overal in het land aan de macht zijn.<\/p>\n<p><strong>Samen met de steun van een groot aantal Belgen zullen we de institutionele orde in Belgi\u00eb kunnen herstellen !<\/strong><\/p>\n<p><figure id=\"attachment_9830\" aria-describedby=\"caption-attachment-9830\" style=\"width: 580px\" class=\"wp-caption aligncenter\"><a href=\"https:\/\/www.unionbelge.be\/wp-content\/uploads\/2015\/07\/DSC01146.jpg\"><img loading=\"lazy\" decoding=\"async\" src=\"https:\/\/www.unionbelge.be\/wp-content\/uploads\/2015\/07\/DSC01146-1024x576.jpg\" alt=\"vlnr - de gauche \u00e0 droite: Jean-Paul Stevens, J\u00e9r\u00e9my Charlier, Luc Claerhout\" width=\"580\" height=\"326\" class=\"size-large wp-image-9830\" data-wp-pid=\"9830\" srcset=\"https:\/\/www.unionbelge.be\/wp-content\/uploads\/2015\/07\/DSC01146-1024x576.jpg 1024w, https:\/\/www.unionbelge.be\/wp-content\/uploads\/2015\/07\/DSC01146-420x236.jpg 420w, https:\/\/www.unionbelge.be\/wp-content\/uploads\/2015\/07\/DSC01146-800x450.jpg 800w, https:\/\/www.unionbelge.be\/wp-content\/uploads\/2015\/07\/DSC01146-300x168.jpg 300w, https:\/\/www.unionbelge.be\/wp-content\/uploads\/2015\/07\/DSC01146-1200x675-cropped.jpg 1200w, https:\/\/www.unionbelge.be\/wp-content\/uploads\/2015\/07\/DSC01146.jpg 1920w\" sizes=\"auto, (max-width: 580px) 100vw, 580px\" \/><\/a><figcaption id=\"caption-attachment-9830\" class=\"wp-caption-text\">vlnr &#8211; de gauche \u00e0 droite: Jean-Paul Stevens, J\u00e9r\u00e9my Charlier, Luc Claerhout<\/figcaption><\/figure>[<\/p>\n","protected":false},"excerpt":{"rendered":"<p>Le 21 juillet 2015, le B.U.B. avait de nouveau un stand Rue de la R\u00e9gence \u00e0 Bruxelles \u00e0 l&#8217;occasion de la f\u00eate nationale belge. Nous constatons que le B.U.B. n&#8217;est pas encore tr\u00e8s connu, mais que notre message unitariste est connu de presque tous les Belges et que surtout les jeunes, mais aussi de plus en plus de personnes \u00e2g\u00e9es, adh\u00e8rent \u00e0 l&#8217;id\u00e9e de retourner \u00e0 une Belgique unitaire.<\/p>\n<p>Op 21 juli 2015 had de B.U.B. opnieuw een stand in de Regentschapstraat in Brussel ter gelegenheid van de Belgische nationale feestdag. We stellen vast dat de B.U.B. nog niet erg gekend is, maar dat onze unitaristische boodschap door bijna alle Belgen gekend is en dat vooral de jongeren, maar ook steeds meer ouderen, een terugkeer naar een unitair Belgi\u00eb genegen zijn. <\/p>\n","protected":false},"author":2,"featured_media":0,"comment_status":"closed","ping_status":"closed","sticky":false,"template":"","format":"standard","meta":{"ngg_post_thumbnail":0,"jetpack_post_was_ever_published":false,"_jetpack_newsletter_access":"","_jetpack_dont_email_post_to_subs":false,"_jetpack_newsletter_tier_id":0,"_jetpack_memberships_contains_paywalled_content":false,"powered_cache_disable_cache":false,"_jetpack_memberships_contains_paid_content":false,"footnotes":"","jetpack_publicize_message":"","jetpack_publicize_feature_enabled":true,"jetpack_social_post_already_shared":false,"jetpack_social_options":{"image_generator_settings":{"template":"highway","default_image_id":0,"font":"","enabled":false},"version":2}},"categories":[1,4],"tags":[],"class_list":["post-9827","post","type-post","status-publish","format-standard","hentry","category-news0","category-info"],"jetpack_publicize_connections":[],"jetpack_featured_media_url":"","jetpack_sharing_enabled":true,"jetpack_shortlink":"https:\/\/wp.me\/p6Y7u0-2yv","jetpack_likes_enabled":false,"_links":{"self":[{"href":"https:\/\/www.unionbelge.be\/index.php?rest_route=\/wp\/v2\/posts\/9827","targetHints":{"allow":["GET"]}}],"collection":[{"href":"https:\/\/www.unionbelge.be\/index.php?rest_route=\/wp\/v2\/posts"}],"about":[{"href":"https:\/\/www.unionbelge.be\/index.php?rest_route=\/wp\/v2\/types\/post"}],"author":[{"embeddable":true,"href":"https:\/\/www.unionbelge.be\/index.php?rest_route=\/wp\/v2\/users\/2"}],"replies":[{"embeddable":true,"href":"https:\/\/www.unionbelge.be\/index.php?rest_route=%2Fwp%2Fv2%2Fcomments&post=9827"}],"version-history":[{"count":2,"href":"https:\/\/www.unionbelge.be\/index.php?rest_route=\/wp\/v2\/posts\/9827\/revisions"}],"predecessor-version":[{"id":9832,"href":"https:\/\/www.unionbelge.be\/index.php?rest_route=\/wp\/v2\/posts\/9827\/revisions\/9832"}],"wp:attachment":[{"href":"https:\/\/www.unionbelge.be\/index.php?rest_route=%2Fwp%2Fv2%2Fmedia&parent=9827"}],"wp:term":[{"taxonomy":"category","embeddable":true,"href":"https:\/\/www.unionbelge.be\/index.php?rest_route=%2Fwp%2Fv2%2Fcategories&post=9827"},{"taxonomy":"post_tag","embeddable":true,"href":"https:\/\/www.unionbelge.be\/index.php?rest_route=%2Fwp%2Fv2%2Ftags&post=9827"}],"curies":[{"name":"wp","href":"https:\/\/api.w.org\/{rel}","templated":true}]}}