{"id":9815,"date":"2015-07-12T11:54:33","date_gmt":"2015-07-12T09:54:33","guid":{"rendered":"http:\/\/www.unionbelge.be\/?p=9815"},"modified":"2015-08-10T10:56:30","modified_gmt":"2015-08-10T08:56:30","slug":"nationale-feestdag-fete-nationale-nationalfeiertag","status":"publish","type":"post","link":"https:\/\/www.unionbelge.be\/?p=9815","title":{"rendered":"NATIONALE FEESTDAG &#8211; FETE NATIONALE &#8211; NATIONALFEIERTAG"},"content":{"rendered":"<figure id=\"attachment_9046\" aria-describedby=\"caption-attachment-9046\" style=\"width: 300px\" class=\"wp-caption alignleft\"><a href=\"https:\/\/www.unionbelge.be\/wp-content\/uploads\/2014\/07\/21.07.2014-2.jpg\"><img loading=\"lazy\" decoding=\"async\" class=\"size-medium wp-image-9046\" alt=\"B.U.B.-stand op 21 juli 2014 - le stand du B.U.B. le 21.07.2014\" src=\"https:\/\/www.unionbelge.be\/wp-content\/uploads\/2014\/07\/21.07.2014-2-300x225.jpg\" width=\"300\" height=\"225\" data-wp-pid=\"9046\" srcset=\"https:\/\/www.unionbelge.be\/wp-content\/uploads\/2014\/07\/21.07.2014-2-300x225.jpg 300w, https:\/\/www.unionbelge.be\/wp-content\/uploads\/2014\/07\/21.07.2014-2-420x315.jpg 420w, https:\/\/www.unionbelge.be\/wp-content\/uploads\/2014\/07\/21.07.2014-2-800x600.jpg 800w, https:\/\/www.unionbelge.be\/wp-content\/uploads\/2014\/07\/21.07.2014-2-1024x768.jpg 1024w, https:\/\/www.unionbelge.be\/wp-content\/uploads\/2014\/07\/21.07.2014-2-1200x900-cropped.jpg 1200w, https:\/\/www.unionbelge.be\/wp-content\/uploads\/2014\/07\/21.07.2014-2.jpg 1632w\" sizes=\"auto, (max-width: 300px) 100vw, 300px\" \/><\/a><figcaption id=\"caption-attachment-9046\" class=\"wp-caption-text\">B.U.B.-stand op 21 juli 2014 &#8211; le stand du B.U.B. le 21.07.2014<\/figcaption><\/figure>\n<p><strong>Le 21 juillet 2015, jour de la f\u00eate nationale belge, le B.U.B. aura de nouveau un stand Rue de la R\u00e9gence \u00e0 Bruxelles (en face du Petit Sablon) \u00e0 partir de 10 h du matin.<\/strong><\/p>\n<p>Il sera un plaisir pour nous de vous y rencontrer ! Ensemble, nous pourrons changer la politique belge pour rendre notre pays de nouveau unitaire\u00a0et solidaire.<\/p>\n<p>Salutations belges,<\/p>\n<p>&nbsp;<\/p>\n<p><strong>Op 21 juli 2015, de nationale feestdag van Belgi\u00eb, zal de B.U.B. opnieuw een stand in de Regentschapstraat in Brussel hebben (tegenover de Kleine Zavel) vanaf 10 u \u2019s morgens.<\/strong><\/p>\n<p>Het \u00a0zal voor ons een plezier zijn u daar te mogen ontmoeten ! Samen kunnen we de Belgische politiek veranderen om ons land opnieuw unitair en solidair te maken.<\/p>\n<p>Met Belgische groeten,<\/p>\n<p>Jeremy Longheval<br \/>\nSecretaris &#8211; Secr\u00e9taire B.U.B.<\/p>\n","protected":false},"excerpt":{"rendered":"<p>Le 21 juillet 2015, jour de la f\u00eate nationale belge, le B.U.B. aura de nouveau un stand Rue de la R\u00e9gence \u00e0 Bruxelles (en face du Petit Sablon) \u00e0 partir de 10 h du matin.<\/p>\n<p>Op 21 juli 2015, de nationale feestdag van Belgi\u00eb, zal de B.U.B. opnieuw een stand in de Regentschapstraat in Brussel hebben (tegenover de Kleine Zavel) vanaf 10 u \u2019s morgens. <\/p>\n","protected":false},"author":2,"featured_media":0,"comment_status":"closed","ping_status":"closed","sticky":false,"template":"","format":"standard","meta":{"ngg_post_thumbnail":0,"jetpack_post_was_ever_published":false,"_jetpack_newsletter_access":"","_jetpack_dont_email_post_to_subs":false,"_jetpack_newsletter_tier_id":0,"_jetpack_memberships_contains_paywalled_content":false,"powered_cache_disable_cache":false,"_jetpack_memberships_contains_paid_content":false,"footnotes":"","jetpack_publicize_message":"","jetpack_publicize_feature_enabled":true,"jetpack_social_post_already_shared":false,"jetpack_social_options":{"image_generator_settings":{"template":"highway","default_image_id":0,"font":"","enabled":false},"version":2}},"categories":[4],"tags":[],"class_list":["post-9815","post","type-post","status-publish","format-standard","hentry","category-info"],"jetpack_publicize_connections":[],"jetpack_featured_media_url":"","jetpack_sharing_enabled":true,"jetpack_shortlink":"https:\/\/wp.me\/p6Y7u0-2yj","jetpack_likes_enabled":false,"_links":{"self":[{"href":"https:\/\/www.unionbelge.be\/index.php?rest_route=\/wp\/v2\/posts\/9815","targetHints":{"allow":["GET"]}}],"collection":[{"href":"https:\/\/www.unionbelge.be\/index.php?rest_route=\/wp\/v2\/posts"}],"about":[{"href":"https:\/\/www.unionbelge.be\/index.php?rest_route=\/wp\/v2\/types\/post"}],"author":[{"embeddable":true,"href":"https:\/\/www.unionbelge.be\/index.php?rest_route=\/wp\/v2\/users\/2"}],"replies":[{"embeddable":true,"href":"https:\/\/www.unionbelge.be\/index.php?rest_route=%2Fwp%2Fv2%2Fcomments&post=9815"}],"version-history":[{"count":3,"href":"https:\/\/www.unionbelge.be\/index.php?rest_route=\/wp\/v2\/posts\/9815\/revisions"}],"predecessor-version":[{"id":9820,"href":"https:\/\/www.unionbelge.be\/index.php?rest_route=\/wp\/v2\/posts\/9815\/revisions\/9820"}],"wp:attachment":[{"href":"https:\/\/www.unionbelge.be\/index.php?rest_route=%2Fwp%2Fv2%2Fmedia&parent=9815"}],"wp:term":[{"taxonomy":"category","embeddable":true,"href":"https:\/\/www.unionbelge.be\/index.php?rest_route=%2Fwp%2Fv2%2Fcategories&post=9815"},{"taxonomy":"post_tag","embeddable":true,"href":"https:\/\/www.unionbelge.be\/index.php?rest_route=%2Fwp%2Fv2%2Ftags&post=9815"}],"curies":[{"name":"wp","href":"https:\/\/api.w.org\/{rel}","templated":true}]}}