{"id":9719,"date":"2015-05-09T12:46:05","date_gmt":"2015-05-09T10:46:05","guid":{"rendered":"http:\/\/www.unionbelge.be\/?p=9719"},"modified":"2016-01-20T11:47:26","modified_gmt":"2016-01-20T10:47:26","slug":"historische-flamingantische-bekentenis-aveu-historique-flamingant","status":"publish","type":"post","link":"https:\/\/www.unionbelge.be\/?p=9719","title":{"rendered":"HISTORISCHE FLAMINGANTISCHE BEKENTENIS &#8211; AVEU FLAMINGANT HISTORIQUE"},"content":{"rendered":"<figure id=\"attachment_9738\" aria-describedby=\"caption-attachment-9738\" style=\"width: 620px\" class=\"wp-caption aligncenter\"><a href=\"https:\/\/www.unionbelge.be\/wp-content\/uploads\/2015\/05\/Jambon.jpg\"><img loading=\"lazy\" decoding=\"async\" class=\"size-full wp-image-9738\" src=\"https:\/\/www.unionbelge.be\/wp-content\/uploads\/2015\/05\/Jambon.jpg\" alt=\"Jambons toespraak voor de 'Cercle de Wallonie' - l'allocation de Jambon pour le 'Cercle de Wallonie' (foto, photo Eric Lalmand, belga)\" width=\"620\" height=\"413\" data-wp-pid=\"9738\" srcset=\"https:\/\/www.unionbelge.be\/wp-content\/uploads\/2015\/05\/Jambon.jpg 620w, https:\/\/www.unionbelge.be\/wp-content\/uploads\/2015\/05\/Jambon-300x200.jpg 300w\" sizes=\"auto, (max-width: 620px) 100vw, 620px\" \/><\/a><figcaption id=\"caption-attachment-9738\" class=\"wp-caption-text\">Jambons toespraak voor de &#8216;Cercle de Wallonie&#8217; &#8211; l&#8217;allocation de Jambon pour le &#8216;Cercle de Wallonie&#8217; (foto, photo Eric Lalmand, belga)<\/figcaption><\/figure>\n<p><strong>SOCIAAL-ECONOMISCHE VERSCHILLEN ZIJN SLECHTS FACADE<\/strong><\/p>\n<p><strong>Op 29 april 2015 gaf minister van binnenlandse zaken Jan Jambon (N-VA) een toespraak voor zijn wallingantische vrienden in de \u201c<em>Cercle de \u2018Wallonie\u2019<\/em>\u201d. Hij bespraak er onder meer de economische relance, de indexsprong en de daling van de werkgeversbijdragen. Tijdens een korte vragensessie werd hem gevraagd of het communautaire programma van de N-VA zou behouden worden als de noord-zuidtransfers binnen enkele jaren zouden stoppen.<\/strong><\/p>\n<p>Jambon verklaarde (in het Frans): \u201cDe noord-zuidtransfers helpen ons enkel voor de marketing. Maar in feite, interesseert het ons niet\u201d. De fameuze door de flaminganten zo verguisde transfers van het zogenaamde \u201cVlaanderen\u201d naar \u201cWalloni\u00eb\u201d zijn dus gewoon propaganda en slechts een middel om Belgi\u00eb te splitsen. Het interesseert de flaminganten eigenlijk niet, maar ze gebruiken of misbruiken de kwestie om de kiezers tegen de zogezegd \u201cluie Walen\u201d op te zetten.<\/p>\n<p>Bij de B.U.B. maakten we die analyse al meer dan 10 jaar geleden, wat we in ons boek hebben bevestigd (deel 3, hoofdstuk 4: de sociaal-economische versterker). Ons discours was wat dat betreft altijd rechtlijnig: transfers vormen nooit een scheidingsgrond, hoe hoog ze ook liggen. E\u00e9n van de belangrijkste en hardste flaminganten op dit moment heeft dit nu bevestigd.<\/p>\n<p><strong>Bijgevolg vervalt het \u201cargument\u201d van de transfers (dat er eigenlijk geen was) nu volledig. Nu de sociaal-economische sluier is opgelicht, rest de flaminganten enkel nog het taalracisme.<\/strong><\/p>\n<p>&nbsp;<\/p>\n<figure id=\"attachment_9720\" aria-describedby=\"caption-attachment-9720\" style=\"width: 300px\" class=\"wp-caption alignleft\"><a href=\"https:\/\/www.unionbelge.be\/wp-content\/uploads\/2015\/05\/Stre\u0301py.jpg\"><img loading=\"lazy\" decoding=\"async\" class=\"size-medium wp-image-9720\" src=\"https:\/\/www.unionbelge.be\/wp-content\/uploads\/2015\/05\/Stre\u0301py-300x225.jpg\" alt=\"N-VA actie tegen de &quot;transfers&quot;, georganiseerd in Henegouwen op 6 januari 2005 \/ Action de la N-VA contre les &quot;transferts&quot;, organis\u00e9e dans la province du Hainaut le 6 janvier 2005\" width=\"300\" height=\"225\" data-wp-pid=\"9720\" \/><\/a><figcaption id=\"caption-attachment-9720\" class=\"wp-caption-text\">N-VA actie tegen de &#8220;transfers&#8221;, georganiseerd in Henegouwen op 6 januari 2005 \/ Action de la N-VA contre les &#8220;transferts&#8221;, organis\u00e9e dans la province du Hainaut le 6 janvier 2005 (bron ongekend &#8211; source inconnue)<\/figcaption><\/figure>\n<p><strong>LES DIFFERENCES SOCIO-ECONOMIQUES NE SONT QU&#8217;UNE FACADE<\/strong><\/p>\n<p><strong>Le 29 avril 2015, le ministre de l\u2019int\u00e9rieur Jan Jambon (N-VA) pronon\u00e7a un discours devant ses amis wallingants du &#8220;<em>Cercle de &#8220;Wallonie&#8221;<\/em>&#8220;. Il y commentait la relance \u00e9conomique, le saut d\u2019index et la diminution des charges patronales. Lors d\u2019une br\u00e8ve s\u00e9ance de questions-r\u00e9ponses, il fut interrog\u00e9 sur le sort du programme communautaire de la N-VA dans le cas o\u00f9 les transferts financiers nord-sud viendraient de cesser d&#8217;ici quelques ann\u00e9es.<\/strong><\/p>\n<p>Jambon d\u00e9clara (en fran\u00e7ais): &#8220;Les transferts Nord-Sud, \u00e7a nous aide juste pour le marketing. Mais en fait, \u00e7a ne nous int\u00e9resse pas.&#8221; Les fameux transferts, tant d\u00e9cri\u00e9s par les flamingants, de la soi-disant &#8220;Flandre&#8221; vers la soi-disant &#8220;Wallonie&#8221; ne sont de la pure propagande et ne constituent qu\u2019un moyen pour scinder la Belgique. Les flamingants n\u2019y sont pas vraiment int\u00e9ress\u00e9s, mais ils utilisent la probl\u00e9matique pour monter les \u00e9lecteurs contre les soi-disant &#8220;Wallons paresseux.&#8221;<\/p>\n<p>Le B.U.B. a d\u00e9j\u00e0 fait cette analyse il y a plus de 10 ans, ce qui nous confirm\u00e9 dans notre livre en n\u00e9erlandais (partie 3, chapitre 4 : l\u2019amplificateur socio-\u00e9conomique). Notre discours \u00e9tait d&#8217;ailleurs toujours coh\u00e9rent: les transferts ne forment jamais une cause de scission, quelle que soit leur importance. L\u2019un des flamingants les plus importants et les plus durs du moment l\u2019a maintenant confirm\u00e9.<\/p>\n<p><strong>Par cons\u00e9quent, l\u2019\u00abargument\u00bb des transferts (qui en r\u00e9alit\u00e9 n\u2019en \u00e9tait pas un) perd toute sa valeur. Maintenant que le voile socio-\u00e9conomique a \u00e9t\u00e9 lev\u00e9, il ne reste aux flamingants que le racisme linguistique.<\/strong><\/p>\n<p>&nbsp;<\/p>\n","protected":false},"excerpt":{"rendered":"<p>Op 29 april 2015 gaf minister van binnenlandse zaken Jan Jambon (N-VA) een toespraak voor zijn wallingantische vrienden in de \u201cCercle de \u2018Wallonie\u2019\u201d. Hij bespraak er onder meer de economische relance, de indexsprong en de daling van de werkgeversbijdragen. Tijdens een korte vragensessie werd hem gevraagd of het communautaire programma van de N-VA zou behouden worden als de noord-zuidtransfers binnen enkele jaren zouden stoppen.<\/p>\n<p>Le 29 avril 2015, le ministre de l\u2019int\u00e9rieur Jan Jambon (N-VA) pronon\u00e7a un discours devant ses amis wallingants du &#8220;Cercle de &#8220;Wallonie&#8221;&#8221;. Il y commentait la relance \u00e9conomique, le saut d\u2019index et la diminution des charges patronales. Lors d\u2019une br\u00e8ve s\u00e9ance de questions-r\u00e9ponses, il fut interrog\u00e9 sur le sort du programme communautaire de la N-VA dans le cas o\u00f9 les transferts financiers nord-sud viendraient de cesser d&#8217;ici quelques ann\u00e9es.<\/p>\n","protected":false},"author":2,"featured_media":0,"comment_status":"closed","ping_status":"closed","sticky":false,"template":"","format":"standard","meta":{"ngg_post_thumbnail":0,"jetpack_post_was_ever_published":false,"_jetpack_newsletter_access":"","_jetpack_dont_email_post_to_subs":false,"_jetpack_newsletter_tier_id":0,"_jetpack_memberships_contains_paywalled_content":false,"powered_cache_disable_cache":false,"_jetpack_memberships_contains_paid_content":false,"footnotes":"","jetpack_publicize_message":"","jetpack_publicize_feature_enabled":true,"jetpack_social_post_already_shared":false,"jetpack_social_options":{"image_generator_settings":{"template":"highway","default_image_id":0,"font":"","enabled":false},"version":2}},"categories":[1,5],"tags":[],"class_list":["post-9719","post","type-post","status-publish","format-standard","hentry","category-news0","category-opinions"],"jetpack_publicize_connections":[],"jetpack_featured_media_url":"","jetpack_sharing_enabled":true,"jetpack_shortlink":"https:\/\/wp.me\/p6Y7u0-2wL","jetpack_likes_enabled":false,"_links":{"self":[{"href":"https:\/\/www.unionbelge.be\/index.php?rest_route=\/wp\/v2\/posts\/9719","targetHints":{"allow":["GET"]}}],"collection":[{"href":"https:\/\/www.unionbelge.be\/index.php?rest_route=\/wp\/v2\/posts"}],"about":[{"href":"https:\/\/www.unionbelge.be\/index.php?rest_route=\/wp\/v2\/types\/post"}],"author":[{"embeddable":true,"href":"https:\/\/www.unionbelge.be\/index.php?rest_route=\/wp\/v2\/users\/2"}],"replies":[{"embeddable":true,"href":"https:\/\/www.unionbelge.be\/index.php?rest_route=%2Fwp%2Fv2%2Fcomments&post=9719"}],"version-history":[{"count":8,"href":"https:\/\/www.unionbelge.be\/index.php?rest_route=\/wp\/v2\/posts\/9719\/revisions"}],"predecessor-version":[{"id":10127,"href":"https:\/\/www.unionbelge.be\/index.php?rest_route=\/wp\/v2\/posts\/9719\/revisions\/10127"}],"wp:attachment":[{"href":"https:\/\/www.unionbelge.be\/index.php?rest_route=%2Fwp%2Fv2%2Fmedia&parent=9719"}],"wp:term":[{"taxonomy":"category","embeddable":true,"href":"https:\/\/www.unionbelge.be\/index.php?rest_route=%2Fwp%2Fv2%2Fcategories&post=9719"},{"taxonomy":"post_tag","embeddable":true,"href":"https:\/\/www.unionbelge.be\/index.php?rest_route=%2Fwp%2Fv2%2Ftags&post=9719"}],"curies":[{"name":"wp","href":"https:\/\/api.w.org\/{rel}","templated":true}]}}