{"id":9650,"date":"2015-03-21T16:12:09","date_gmt":"2015-03-21T14:12:09","guid":{"rendered":"http:\/\/www.unionbelge.be\/?p=9650"},"modified":"2016-11-15T19:26:13","modified_gmt":"2016-11-15T18:26:13","slug":"9650","status":"publish","type":"post","link":"https:\/\/www.unionbelge.be\/?p=9650","title":{"rendered":"FLAMINGANTISCH ZANGFEEST TOONT HYPOCRISIE VAN DE PARTICRATIE &#8211; LA FETE DU CHANT FLAMINGANT DEMONTRE L\u2019HYPOCRISIE DE LA PARTICRATIE"},"content":{"rendered":"<p><strong>FLAMINGANTISCH ZANGFEEST TOONT HYPOCRISIE VAN DE PARTICRATIE<\/strong><\/p>\n<p><strong>Op 8 maart 2015 woonden de N-VA-ministers Jan Jambon en Vandeput alsook de N-VA-Kamervoorzitter Siegfried Bracke het jaarlijks fascistisch Vlaams-nationaal Zangfeest in Antwerpen bij. Dit komt er natuurlijk van als men separatistische partijen tot de (federale) regering toelaat. Maar het meest tergend vond de B.U.B. de terechte, maar verschrikkelijk hypocriete reactie van de PS.<\/strong><\/p>\n<p>Stel u voor dat de Spaanse minister van landsverdediging een bijeenkomst bijwoont waar Franco ge\u00eberd wordt. Of dat de parlementsvoorzitter van Oekra\u00efne naar een herdenking gaat om de aansluiting van de Krim bij Ruslandte vieren. Beeldt u zich in dat de Franse minister van binnenlandse zaken met Corsicaanse separatisten een feestje gaat bouwen. Onmogelijk? Zeer zeker, genoemde personen zouden op staande voet uit hun ambt ontzet worden.Sterker nog, ze zouden nooit nog een openbaar ambt mogen bekleden.<\/p>\n<p>Slechts op \u00e9\u00e9n plek kan dit: in Belgi\u00eb. Niet alleen kunnen hier openlijke separatisten in de regering zitten, ze mogen er ook mogen\u00a0belangrijke posten bekleden zoals Jambon op binnenlandse zaken en Vandeput op landsverdediging. De Eerste Burger van het land,\u00a0 Bracke, de Kamervoorzitter, mocht ook ongestraft\u00a0op het &#8216;Vlaams&#8217;-nationaal zangfeest het einde van Belgi\u00eb bezingen en &#8216;Belgi\u00eb barst&#8217; roepen. Ze mogen dit bovendien doen samen met het &#8216;Vlaams&#8217; Belang, een partij waartegen de andere partijen een \u2018cordon sanitaire\u2019 gevormd hebben, het fascistische Voorpost, het\u00a0NSV en andere rechts-extremisten. Daarmee scharen ze zich in de lange anti-Belgische traditie van het zangfeest, dat in de jaren 1930 in fascistische kringen ontstond. De Duitse bezetter heeft de voortzetting van dit nationalistisch gebeuren tijdens de oorlog toegelaten. M.a.w. fascistischer kan niet.<\/p>\n<p>In het \u2018federaal\u2019 parlement waren er nauwelijks reacties op de aanwezigheid van de ministers, alsof fascisme en separatisme onder de particraten banaal en toegelaten zijn. Onkelinkx van de PS was zowat de enige die verontwaardigd reageerde, maar haar reactie was verschrikkelijk hypocriet. Geen partij heeft immers zozeer de anti-Belgische\u00a0&#8216;staatshervormingen&#8217; (lees: staatsafbraken) ondersteund als de PS. De N-VA wil \u2018gewoon\u2019 deze \u00ab\u00a0hervormingen\u00bb afwerken door alle overgebleven federale bevoegdheden te splitsen.<\/p>\n<p>De premier deed het incident af als het &#8216;uiten van een mening&#8217;.\u00a0 De bevolking moet immers gerustgesteld worden. De N-VA zou zogezegd verantwoordelijk, zelfs &#8216;Belgisch&#8217; worden\u2026<\/p>\n<p><strong>Vergis u niet. Belgi\u00eb is een oligarchische particratie waarin intolerante en staatsgevaarlijke\u00a0rechts-extremisten het voor het zeggen hebben. Zelfs de voormalige Oostbloklanden en de Sovjet-Unie waren democratischer dan het huidige federale Belgi\u00eb.<\/strong><\/p>\n<p>&nbsp;<\/p>\n<p><strong>LA FETE DU CHANT FLAMINGANT DEMONTRE L\u2019HYPOCRISIE DE LA PARTICRATIE<\/strong><\/p>\n<p><strong>Le 8 mars 2015, les ministres de la N-VA Jan Jambon et Steven Vandeput ainsi que le pr\u00e9sident de la Chambre, Siegfried Bracke (N-VA), ont assist\u00e9 \u00e0 la f\u00eate fasciste du chant national \u201cflamand\u201d (\u201cVlaams\u201d Nationaal Zangfeest) \u00e0 Anvers. C\u2019est la premi\u00e8re fois que des ministres en fonction y \u00e9taient pr\u00e9sents vu que c\u2019est aussi la premi\u00e8re fois que les flamingants durs sont entr\u00e9s dans le gouvernement \u00ab\u00a0f\u00e9d\u00e9ral\u00a0\u00bb. Plus troublant encore \u00e9tait la r\u00e9action justifi\u00e9e, mais extr\u00eamement hypocrite, du PS.<\/strong><\/p>\n<p>Imaginez-vous que le ministre espagnol de la D\u00e9fense assiste \u00e0 une r\u00e9union \u00e0 la gloire du g\u00e9n\u00e9ral Franco. Ou que le pr\u00e9sident du parlement ukrainien se rende \u00e0 la comm\u00e9moration de la r\u00e9unification de la Crim\u00e9e \u00e0 la Russie. Ou encore que le ministre de l&#8217;Int\u00e9rieur fran\u00e7ais fasse la f\u00eate avec les s\u00e9paratistes corses ou basques. Impossible? Certes, ces politiciens seraient imm\u00e9diatement d\u00e9cri\u00e9s et d\u00e9mis de leurs fonctions. Plus jamais, ils n\u2019auraient pu encore \u00a0occuper des fonctions publiques.<\/p>\n<p>Il n\u2019y a qu\u2019un endroit au monde o\u00f9 le contraire est possible: en Belgique. Ici, non seulement les s\u00e9paratistes peuvent-ils si\u00e9ger au gouvernement, ils peuvent m\u00eame occuper des postes minist\u00e9riels importants, comme Jambon aux affaires int\u00e9rieures ou Vandeput \u00e0 la\u00a0 d\u00e9fense. Le premier citoyen du pays, Bracke (N-VA), le pr\u00e9sident de la Chambre, peut \u00e9galement chanter \u00e0 la f\u00eate du chant national \u201cflamand\u201d et crier: \u00ab\u00a0la Belgique, qu\u2019elle cr\u00e8ve\u00a0!\u00bb. En outre, ils peuvent le faire en compagnie du parti \u00ab\u00a0Vlaams\u00a0\u00bb Belang, contre qui les autres partis ont form\u00e9 un \u2018cordon sanitaire\u2019, l\u2019organisation fasciste Voorpost, le NSV et d\u2019autres extr\u00e9mistes de droite. Ainsi ils s\u2019inscrivent dans la longue tradition antibelge du \u00ab\u00a0zangfeest\u00a0\u00bb, qui trouve ses origines dans les milieux fascistes des ann\u00e9es 1930. L\u2019occupant allemand a autoris\u00e9 la continuation de cet \u00e9v\u00e9nement nationaliste pendant la guerre. En d\u2019autres termes, plus fasciste que cela, tu meurs.<\/p>\n<p>N\u00e9anmoins, au Parlement \u2018f\u00e9d\u00e9ral\u2019, il n&#8217;y avait pratiquement aucune r\u00e9action contre la pr\u00e9sence des ministres, comme si le fascisme et le s\u00e9paratisme \u00e9taient devenus banals et tol\u00e9r\u00e9s entre les particrates. Onkelinkx du PS \u00e9tait \u00e0 peu pr\u00e8s la seule qui a montr\u00e9 son indignation, mais sa r\u00e9action fut terriblement hypocrite. Aucun autre parti n\u2019a soutenu autant les \u00abr\u00e9formes de l\u2019Etat\u00bb anti-belges (lisez: destructions de l\u2019Etat) que le PS. Or, la N-VA veut \u2018simplement\u2019 parachever ces \u00ab\u00a0r\u00e9formes\u00a0\u00bb en scindant toutes les comp\u00e9tences f\u00e9d\u00e9rales restantes.<\/p>\n<p>Le premier ministre a relativis\u00e9 l\u2019incident comme \u00ab\u00a0l\u2019expression d\u2019une opinion\u00a0\u00bb. Il fallait bien rassurer la population. La N-VA serait soi-disant en train de devenir \u2018responsable\u2019, voire \u00ab\u00a0belge\u00a0\u00bb.<\/p>\n<p><strong>D\u00e9trompez-vous. La Belgique est une particratie oligarchique dirig\u00e9e par des extr\u00e9mistes de droite intol\u00e9rants et s\u00e9paratistes. M\u00eame les anciens pays du bloc de l&#8217;Est et l&#8217;Union sovi\u00e9tique \u00e9taient plus d\u00e9mocratiques que la Belgique f\u00e9d\u00e9rale actuelle.<\/strong><\/p>\n","protected":false},"excerpt":{"rendered":"<p>Op 8 maart 2015 woonden de N-VA-ministers Jan Jambon en Vandeput alsook de N-VA-Kamervoorzitter Siegfried Bracke het jaarlijks fascistisch Vlaams-nationaal Zangfeest in Antwerpen bij. Dit komt er natuurlijk van als men separatistische partijen tot de (federale) regering toelaat. Maar het meest tergend vond de B.U.B. de terechte, maar verschrikkelijk hypocriete reactie van de PS.<\/p>\n<p>Le 8 mars 2015, les ministres de la N-VA Jan Jambon et Steven Vandeput ainsi que le pr\u00e9sident de la Chambre, Siegfried Bracke (N-VA), ont assist\u00e9 \u00e0 la f\u00eate fasciste du chant national \u201cflamand\u201d (\u201cVlaams\u201d Nationaal Zangfeest) \u00e0 Anvers. C\u2019est la premi\u00e8re fois que des ministres en fonction y \u00e9taient pr\u00e9sents vu que c\u2019est aussi la premi\u00e8re fois que les flamingants durs sont entr\u00e9s dans le gouvernement \u00ab f\u00e9d\u00e9ral \u00bb. Plus troublant encore \u00e9tait la r\u00e9action justifi\u00e9e, mais extr\u00eamement hypocrite, du PS.<\/p>\n","protected":false},"author":2,"featured_media":0,"comment_status":"closed","ping_status":"closed","sticky":false,"template":"","format":"standard","meta":{"ngg_post_thumbnail":0,"jetpack_post_was_ever_published":false,"_jetpack_newsletter_access":"","_jetpack_dont_email_post_to_subs":false,"_jetpack_newsletter_tier_id":0,"_jetpack_memberships_contains_paywalled_content":false,"powered_cache_disable_cache":false,"_jetpack_memberships_contains_paid_content":false,"footnotes":"","jetpack_publicize_message":"","jetpack_publicize_feature_enabled":true,"jetpack_social_post_already_shared":false,"jetpack_social_options":{"image_generator_settings":{"template":"highway","default_image_id":0,"font":"","enabled":false},"version":2}},"categories":[1,5],"tags":[],"class_list":["post-9650","post","type-post","status-publish","format-standard","hentry","category-news0","category-opinions"],"jetpack_publicize_connections":[],"jetpack_featured_media_url":"","jetpack_sharing_enabled":true,"jetpack_shortlink":"https:\/\/wp.me\/s6Y7u0-9650","jetpack_likes_enabled":false,"_links":{"self":[{"href":"https:\/\/www.unionbelge.be\/index.php?rest_route=\/wp\/v2\/posts\/9650","targetHints":{"allow":["GET"]}}],"collection":[{"href":"https:\/\/www.unionbelge.be\/index.php?rest_route=\/wp\/v2\/posts"}],"about":[{"href":"https:\/\/www.unionbelge.be\/index.php?rest_route=\/wp\/v2\/types\/post"}],"author":[{"embeddable":true,"href":"https:\/\/www.unionbelge.be\/index.php?rest_route=\/wp\/v2\/users\/2"}],"replies":[{"embeddable":true,"href":"https:\/\/www.unionbelge.be\/index.php?rest_route=%2Fwp%2Fv2%2Fcomments&post=9650"}],"version-history":[{"count":9,"href":"https:\/\/www.unionbelge.be\/index.php?rest_route=\/wp\/v2\/posts\/9650\/revisions"}],"predecessor-version":[{"id":10757,"href":"https:\/\/www.unionbelge.be\/index.php?rest_route=\/wp\/v2\/posts\/9650\/revisions\/10757"}],"wp:attachment":[{"href":"https:\/\/www.unionbelge.be\/index.php?rest_route=%2Fwp%2Fv2%2Fmedia&parent=9650"}],"wp:term":[{"taxonomy":"category","embeddable":true,"href":"https:\/\/www.unionbelge.be\/index.php?rest_route=%2Fwp%2Fv2%2Fcategories&post=9650"},{"taxonomy":"post_tag","embeddable":true,"href":"https:\/\/www.unionbelge.be\/index.php?rest_route=%2Fwp%2Fv2%2Ftags&post=9650"}],"curies":[{"name":"wp","href":"https:\/\/api.w.org\/{rel}","templated":true}]}}