{"id":9642,"date":"2015-03-15T14:27:47","date_gmt":"2015-03-15T12:27:47","guid":{"rendered":"http:\/\/www.unionbelge.be\/?p=9642"},"modified":"2016-11-15T19:27:38","modified_gmt":"2016-11-15T18:27:38","slug":"la-corruption-au-haut-niveau-corruptie-op-het-hoogste-niveau","status":"publish","type":"post","link":"https:\/\/www.unionbelge.be\/?p=9642","title":{"rendered":"LA CORRUPTION AU PLUS HAUT NIVEAU &#8211; CORRUPTIE OP HET HOOGSTE NIVEAU"},"content":{"rendered":"<figure id=\"attachment_9643\" aria-describedby=\"caption-attachment-9643\" style=\"width: 569px\" class=\"wp-caption aligncenter\"><a href=\"https:\/\/www.unionbelge.be\/wp-content\/uploads\/2015\/03\/Kubla.jpg\"><img loading=\"lazy\" decoding=\"async\" class=\"size-full wp-image-9643\" src=\"https:\/\/www.unionbelge.be\/wp-content\/uploads\/2015\/03\/Kubla.jpg\" alt=\"Kubla, le &quot;m\u00e9rite&quot; &quot;wallon&quot; - Kubla, de &quot;Waalse&quot; &quot;verdienste&quot; (image, afbeelding Nord Presse)\" width=\"569\" height=\"400\" data-wp-pid=\"9643\" \/><\/a><figcaption id=\"caption-attachment-9643\" class=\"wp-caption-text\">Kubla, le &#8220;m\u00e9rite&#8221; &#8220;wallon&#8221; &#8211; Kubla, de &#8220;Waalse&#8221; &#8220;verdienste&#8221; (image, afbeelding Nord Presse)<\/figcaption><\/figure>\n<p><b><span style=\"color: #000000; font-family: Calibri; font-size: medium;\">LE FEDERALISME A INSTITUTIONNALISE LA CORRUPTION<\/span><\/b><\/p>\n<p><b><span style=\"color: #000000; font-family: Calibri; font-size: medium;\">La particratie belge est gravement malade. Nous le savons d\u00e9j\u00e0 depuis l\u2019affaire Agusta des ann\u00e9es 90. Mais de nouvelles affaires de corruption se succ\u00e8dent. Une action citoyenne contre un pouvoir politique qui asphyxie la Belgique et les Belges de plus en plus s\u2019impose d\u2019urgence. <\/span><\/b><\/p>\n<p><span style=\"color: #000000; font-family: Calibri; font-size: medium;\">L\u2019affaire des pots-de-vin li\u00e9e \u00e0 l\u2019achat d\u2019h\u00e9licopt\u00e8res Agusta pour l\u2019arm\u00e9e belge a secou\u00e9 la politique belge dans les ann\u00e9es 90. Des figures proue du PS et du SP ont \u00e9t\u00e9 condamn\u00e9es \u00e0 des peines de prison \u00e0 l\u2019issue d\u2019un proc\u00e8s fleuve. <\/span><\/p>\n<p><span style=\"color: #000000; font-family: Calibri; font-size: medium;\">Ensuite, d\u2019autres affaires de corruption ont secou\u00e9 le PS dans les ann\u00e9es 2000 (Jean-Claude Van Cauwenberghe, Michel Daerden,\u2026).<\/span><\/p>\n<p><span style=\"font-family: Calibri;\"><span style=\"color: #000000; font-size: medium;\">Toutefois, la corruption ne se limite plus aux socialistes. Du 24 au 27 f\u00e9vrier 2015, le bourgmestre de Waterloo et l\u2019ancien ministre \u00ab\u00a0wallon\u00a0\u00bb Serge Kubla (MR), d\u00e9cor\u00e9 du <\/span><span style=\"color: #000000; font-size: medium;\">\u00a0<\/span><span style=\"color: #000000; font-size: medium;\">m\u00e9rite \u00ab\u00a0wallon\u00a0\u00bb en 2014, a \u00e9t\u00e9 incarc\u00e9r\u00e9 \u00e0 la prison de Forest dans le cadre d&#8217;une affaire de corruption congolaise aux multiples ramifications. Le bourgmestre d\u2019Uccle et l\u2019ancien pr\u00e9sident du S\u00e9nat, Armand De Decker (MR), est soup\u00e7onn\u00e9 par la justice fran\u00e7aise de conflit d\u2019int\u00e9r\u00eats et de corruption. Les magistrats fran\u00e7ais<\/span><span style=\"color: #000000; font-size: medium;\">\u00a0 <\/span><span style=\"color: #000000; font-size: medium;\">enqu\u00eatant\u00a0le\u00a0dossier Sarkozy accusent De Decker d\u2019avoir utilis\u00e9 son influence politique en tant qu\u2019avocat dans le dossier du milliardaire belgo-kazakh Chodiev. Le 11 mars 2015, le B.U.B. a en outre appris via les m\u00e9dias que le bourgmestre de Ganshoren, Herv\u00e9 Gillard (MR), est accus\u00e9 par la justice d\u2019avoir d\u00e9pouill\u00e9 une retrait\u00e9e pour financer sa campagne \u00e9lectorale (une affaire Bettencourt belge sans le magot). Dans le cadre du dossier UPlace, un projet de construction tr\u00e8s controvers\u00e9 d\u2019un nouveau complexe de magasins pr\u00e8s du Ring de Bruxelles \u00e0 Vilvorde dans le Brabant, le gouvernement \u00ab\u00a0flamand\u00a0\u00bb aurait fait appel au m\u00eame bureau d\u2019\u00e9tudes que celui de UPlace, ce qui constitue manifestement un conflit d\u2019int\u00e9r\u00eats. C&#8217;est sans doute aussi une indication d&#8217;une grande affaire de corruption impliquant tous les partis n\u00e9erlandophones sauf Groen.<\/span><\/span><\/p>\n<p><span style=\"font-family: Calibri;\"><b><span style=\"color: #000000; font-size: medium;\">Selon le B.U.B., ces affaires ne sont que le sommet de l\u2019iceberg.<\/span><\/b><span style=\"color: #000000; font-size: medium;\"> Toute la particratie en Belgique est corrompue parce qu\u2019elle est au pouvoir depuis trop longtemps et se croit donc au-dessus des lois. Le B.U.B. constate que les affaires de corruption \u00e9clatent lorsqu\u2019il existe une forte opposition contre un gouvernement (dans le temps la droite contre la gauche et maintenant la gauche contre la droite), <\/span><span style=\"color: #000000; font-size: medium;\">\u00a0<\/span><span style=\"color: #000000; font-size: medium;\">ce qui motive les adversaires \u00e0 divulguer les affaires de corruption. La plupart des affaires reste pourtant cach\u00e9e \u00e0 cause de la complicit\u00e9 de la particratie qui se partage tout le pouvoir politique en Belgique \u00e0 travers les multiples gouvernements de la Belgique \u00ab\u00a0f\u00e9d\u00e9rale\u00a0\u00bb. Nous pensons notamment \u00e0 la fraude \u00e9lectorale du 25 mai 2014, dont aucun parti traditionnel n\u2019a int\u00e9r\u00eat \u00e0 divulguer la v\u00e9rit\u00e9. <\/span><b><span style=\"color: #000000; font-size: medium;\">Dans un certain sens, le f\u00e9d\u00e9ralisme a donc aussi institutionnalis\u00e9 la corruption politique.<\/span><\/b><\/span><\/p>\n<p><b><span style=\"color: #000000; font-family: Calibri; font-size: medium;\">Le B.U.B. est d\u2019avis que cette particratie a d\u00e9pass\u00e9 sa date de p\u00e9remption depuis longtemps et qu\u2019il est plus que temps de la remplacer. Les partis politiques, c\u2019est comme les v\u00eatements, ils s\u2019usent \u00e0 l\u2019usage\u2026<\/span><\/b><\/p>\n<p><b><span style=\"color: #000000; font-family: Calibri; font-size: medium;\">\u00a0<\/span><\/b><\/p>\n<p><b><span style=\"color: #000000; font-family: Calibri; font-size: medium;\">FEDERALISME HEEFT CORRUPTIE GE\u00cfNSTITUTIONALISEERD<\/span><\/b><\/p>\n<p><b><span style=\"font-family: Calibri;\"><span style=\"color: #000000; font-size: medium;\">De Belgische particratie is zwaar ziek. We weten het al sinds de Agusta-zaak van de jaren 90. Maar <\/span><span style=\"color: #000000; font-size: medium;\">\u00a0<\/span><span style=\"color: #000000; font-size: medium;\">nieuwe corruptiezaken volgen elkaar op. Burgeractie tegen een politieke macht die Belgi\u00eb en de Belgen steeds meer verstikt is meer dan ooit noodzakelijk. <\/span><\/span><\/b><\/p>\n<p><span style=\"color: #000000; font-family: Calibri; font-size: medium;\">De zaak van steekpenningen gelinkt aan de aankoop van Agusta-helicopters voor het Belgisch leger deed de Belgische politiek van de jaren 90 op haar grondvesten daveren. Kopstukken van de PS en de SP werden tot celstraffen veroordeeld na een lang aanslepend proces.<\/span><\/p>\n<p><span style=\"color: #000000; font-family: Calibri; font-size: medium;\">Nadien hebben andere corruptiezaken in de jaren 2000 de PS dooreengeschud (Jean-Claude Van Cauwenberghe, Michel Daerden,\u2026).<\/span><\/p>\n<p><span style=\"font-family: Calibri;\"><span style=\"color: #000000; font-size: medium;\">Maar de corruptie blijft niet beperkt tot de socialisten. Van 24 tot 27 februari 2015 werd de burgemeester van Waterloo en vroeger \u201cWaals\u201d minister Serge Kubla (MR), die in 2014 de medaille voor de \u201cWaalse\u201d verdienste kreeg, opgesloten in de gevangenis van Vorst in het kader van een wijdvertakte Congolese corruptiezaak. De burgemeester van Ukkel en vroegere voorzitter van de Senaat, Armand De Decker (MR), wordt door het Franse gerecht verdacht van belangenvermenging en corruptie. De Franse magistraten, die de zaak Sarkozy onderzoeken,\u00a0beschuldigen De Decker ervan als advocaat zijn politieke invloed te hebben gebruikt in het dossier van de Belgisch-Kazakse miljardair Chodiev. <\/span><span style=\"color: #000000; font-size: medium;\">\u00a0<\/span><span style=\"color: #000000; font-size: medium;\">Op 11 maart 2015 heeft de B.U.B. bovendien via de media vernomen dat de burgemeester van Ganshoren, Herv\u00e9 Gillard (MR), door het gerecht beschuldigd wordt van het pluimen van een oude vrouw om zijn kiescampagne te financieren (een Belgische zaak Bettencourt in het klein). In het kader van het dossier UPlace, een zeer omstreden bouwproject voor een nieuw winkelcomplex aan de Brusselse Ring in Vilvoorde, Brabant, zou de \u201cVlaamse\u201d regering beroep hebben gedaan op hetzelfde studiebureau als dat van UPlace, wat uiteraard een belangenconflict uitmaakt. Waarschijnlijk is dit ook een aanwijzing van een grote corruptiezaak waarin alle Nederlandstalige partijen behoudens Groen betrokken zijn.<\/span><\/span><\/p>\n<p><span style=\"font-family: Calibri;\"><b><span style=\"color: #000000; font-size: medium;\">Volgens de B.U.B. zijn die zaken slechts de top van de ijsberg.<\/span><\/b><span style=\"color: #000000; font-size: medium;\"> Heel de particratie in Belgi\u00eb is corrupt omdat ze veel te lang aan de macht is en zich daardoor boven de wet waant. De B.U.B. stelt vast dat de corruptiezaken aan het licht komen wanneer er een sterke oppositie tegen een regering bestaat (vroeger rechts tegen links, nu links tegen rechts), wat de tegenstanders motiveert om de corruptiezaken in de openbaarheid te brengen. Het merendeel van de zaken blijft nochtans verborgen wegens de medeplichtigheid van de particratie, die de politieke macht in Belgi\u00eb onder zich verdeelt via de vele regeringen van het \u201cfederale\u201d Belgi\u00eb. We denken ondermeer aan de kiesfraude van 25 mei 2014, waarvan geen enkele traditionele partij er belang bij heeft de waarheid naar buiten te brengen. <\/span><b><span style=\"color: #000000; font-size: medium;\">In zekere zin heeft het federalisme dus ook de politieke corruptie ge\u00efnstitutionaliseerd.<\/span><\/b><\/span><\/p>\n<p><b><span style=\"color: #000000; font-family: Calibri; font-size: medium;\">De B.U.B. is van mening dat de geldigheidsdatum van deze particratie sinds lang verstreken is en dat het meer dan tijd is om haar te vervangen. Politieke partijen zijn als kleren, ze verslijten door gebruik\u2026<\/span><\/b><\/p>\n<p><span style=\"color: #000000; font-family: Calibri; font-size: medium;\">\u00a0<\/span><\/p>\n","protected":false},"excerpt":{"rendered":"<p>La particratie belge est gravement malade. Nous le savons d\u00e9j\u00e0 depuis l\u2019affaire Agusta des ann\u00e9es 90. Mais de nouvelles affaires de corruption se succ\u00e8dent. Une action citoyenne contre un pouvoir politique qui asphyxie la Belgique et les Belges de plus en plus s\u2019impose d\u2019urgence. <\/p>\n<p>De Belgische particratie is zwaar ziek. We weten het al sinds de Agusta-zaak van de jaren 90. Maar  nieuwe corruptiezaken volgen elkaar op. Burgeractie tegen een politieke macht die Belgi\u00eb en de Belgen steeds meer verstikt is meer dan ooit noodzakelijk. <\/p>\n","protected":false},"author":2,"featured_media":0,"comment_status":"closed","ping_status":"closed","sticky":false,"template":"","format":"standard","meta":{"ngg_post_thumbnail":0,"jetpack_post_was_ever_published":false,"_jetpack_newsletter_access":"","_jetpack_dont_email_post_to_subs":false,"_jetpack_newsletter_tier_id":0,"_jetpack_memberships_contains_paywalled_content":false,"powered_cache_disable_cache":false,"_jetpack_memberships_contains_paid_content":false,"footnotes":"","jetpack_publicize_message":"","jetpack_publicize_feature_enabled":true,"jetpack_social_post_already_shared":false,"jetpack_social_options":{"image_generator_settings":{"template":"highway","default_image_id":0,"font":"","enabled":false},"version":2}},"categories":[1,5],"tags":[],"class_list":["post-9642","post","type-post","status-publish","format-standard","hentry","category-news0","category-opinions"],"jetpack_publicize_connections":[],"jetpack_featured_media_url":"","jetpack_sharing_enabled":true,"jetpack_shortlink":"https:\/\/wp.me\/p6Y7u0-2vw","jetpack_likes_enabled":false,"_links":{"self":[{"href":"https:\/\/www.unionbelge.be\/index.php?rest_route=\/wp\/v2\/posts\/9642","targetHints":{"allow":["GET"]}}],"collection":[{"href":"https:\/\/www.unionbelge.be\/index.php?rest_route=\/wp\/v2\/posts"}],"about":[{"href":"https:\/\/www.unionbelge.be\/index.php?rest_route=\/wp\/v2\/types\/post"}],"author":[{"embeddable":true,"href":"https:\/\/www.unionbelge.be\/index.php?rest_route=\/wp\/v2\/users\/2"}],"replies":[{"embeddable":true,"href":"https:\/\/www.unionbelge.be\/index.php?rest_route=%2Fwp%2Fv2%2Fcomments&post=9642"}],"version-history":[{"count":7,"href":"https:\/\/www.unionbelge.be\/index.php?rest_route=\/wp\/v2\/posts\/9642\/revisions"}],"predecessor-version":[{"id":10760,"href":"https:\/\/www.unionbelge.be\/index.php?rest_route=\/wp\/v2\/posts\/9642\/revisions\/10760"}],"wp:attachment":[{"href":"https:\/\/www.unionbelge.be\/index.php?rest_route=%2Fwp%2Fv2%2Fmedia&parent=9642"}],"wp:term":[{"taxonomy":"category","embeddable":true,"href":"https:\/\/www.unionbelge.be\/index.php?rest_route=%2Fwp%2Fv2%2Fcategories&post=9642"},{"taxonomy":"post_tag","embeddable":true,"href":"https:\/\/www.unionbelge.be\/index.php?rest_route=%2Fwp%2Fv2%2Ftags&post=9642"}],"curies":[{"name":"wp","href":"https:\/\/api.w.org\/{rel}","templated":true}]}}