{"id":9593,"date":"2015-03-03T23:21:25","date_gmt":"2015-03-03T21:21:25","guid":{"rendered":"http:\/\/www.unionbelge.be\/?p=9593"},"modified":"2016-11-15T19:29:33","modified_gmt":"2016-11-15T18:29:33","slug":"nationale-vergadering-b-u-b-reunion-nationale-du-b-u-b","status":"publish","type":"post","link":"https:\/\/www.unionbelge.be\/?p=9593","title":{"rendered":"NATIONALE VERGADERING B.U.B. &#8211; REUNION NATIONALE DU B.U.B."},"content":{"rendered":"<p><strong><a href=\"https:\/\/www.unionbelge.be\/wp-content\/uploads\/2015\/03\/10402923_10205983579129098_3586205961856027755_n.jpg\"><img loading=\"lazy\" decoding=\"async\" class=\"alignleft size-medium wp-image-9594\" src=\"https:\/\/www.unionbelge.be\/wp-content\/uploads\/2015\/03\/10402923_10205983579129098_3586205961856027755_n-300x168.jpg\" alt=\"10402923_10205983579129098_3586205961856027755_n\" width=\"300\" height=\"168\" data-wp-pid=\"9594\" srcset=\"https:\/\/www.unionbelge.be\/wp-content\/uploads\/2015\/03\/10402923_10205983579129098_3586205961856027755_n-300x168.jpg 300w, https:\/\/www.unionbelge.be\/wp-content\/uploads\/2015\/03\/10402923_10205983579129098_3586205961856027755_n-420x236.jpg 420w, https:\/\/www.unionbelge.be\/wp-content\/uploads\/2015\/03\/10402923_10205983579129098_3586205961856027755_n-800x450.jpg 800w, https:\/\/www.unionbelge.be\/wp-content\/uploads\/2015\/03\/10402923_10205983579129098_3586205961856027755_n.jpg 960w\" sizes=\"auto, (max-width: 300px) 100vw, 300px\" \/><\/a>NATIONALE VERGADERING B.U.B.<\/strong><\/p>\n<p><strong>Op 28 februari 2015 hield de B.U.B. te Molenbeek zijn jaarlijkse nationale vergadering. De kwaliteit van de uiteenzettingen bewees eens te meer dat de B.U.B. \u00e9\u00e9n van de weinige oppositiepartijen in Belgi\u00eb is, die bovendien dicht bij de bevolking staat. Nochtans is ze grotendeels onbekend, wat duidelijk ten onrechte is.<\/strong><\/p>\n<p>Gedurende drie uur was er een opeenvolging van erg boeiende en geanimeerde uiteenzettingen over verschillende thema\u2019s (de partij en het instititutionele (Hans Van de Cauter), de geschiedenis van Belgi\u00eb (Bruno Yammine), energie (Vincent Massaut), mobiliteit (Benedict Verbiest), het basisinkomen (Dimitri Par\u00e9e en Baudouin Huben\u00e9) en het tweetalig onderwijs (Fran\u00e7oise Massaut)) met tussenin een koffiepause. U kan de teksten van de voordrachten op de site consulteren.<\/p>\n<p>Het publiek was erg tevreden en merkte op dat de B.U.B. \u2013 ondanks zijn schaarse middelen \u2013 op ideologisch vlak gerijpt is. Het programma is in de loop van de tijd gediversifieerd, wat niet wegneemt dat in elk onderwerp het communautaire en de eenmaking van bevoegdheden aanwezig is. Het is inderdaad niet meer mogelijk om in Belgi\u00eb aan ernstige politiek te doen zonder het federalisme op te heffen. Uiteraard heeft de particratie geen belang bij een dergelijke omwenteling. Dat is de reden waarom ze plaats moet ruimen voor nationale en tweetalige partijen zoals de B.U.B. indien men de splitsing van het land of een politieke stilstand wil vermijden. Het grote probleem is dat de particratie de media beheerst en de verkiezingen manipuleert. De Belgische kiezer dient dit te weten opdat hij met kennis van zaken kan stemmen en op een correcte manier op politiek vlak kan ageren, ook buiten de verkiezingsperiodes om.<\/p>\n<p>Indien de Belgische burger zou weten wat de B.U.B. verkondigt (of het recht had om het te weten), zou hij begrijpen dat Belgi\u00eb geen democratie meer is, maar een particratie, gecontroleerd door enkele partijen die hun macht niet ontlenen aan democratische verkiezingen, maar aan oubollige voorrechten die niet verzoenbaar zijn met internationaal erkende democratische waarden. Zelfs in Albani\u00eb en Azerbeidzjan bestaat er meer controle op de verkiezingen dan hier.<\/p>\n<p><strong>Deze nationale vergadering van de B.U.B., de enige unitaristische partij in Belgi\u00eb, verdiende een uitzending op de \u201cnationale\u201d televisie, zeker wanneer men rekening houdt met de ongelofelijke idiotie\u00ebn die vandaag uitgezonden worden.<\/strong><\/p>\n<p>&nbsp;<\/p>\n<p><strong>REUNION NATIONALE DU B.U.B.<\/strong><\/p>\n<p><strong>Le 28 f\u00e9vrier 2015, le B.U.B. a tenu sa r\u00e9union nationale annuelle \u00e0 Molenbeek. La qualit\u00e9\u00a0des expos\u00e9s a prouv\u00e9 de nouveau que le B.U.B. est un des seuls partis d\u2019opposition en Belgique, qui est en outre proche du peuple, quoique largement inconnu \u2013 et manifestement \u00e0 tort.<\/strong><\/p>\n<p>Des expos\u00e9s tr\u00e8s int\u00e9ressants et anim\u00e9s sur des th\u00e8mes divers (le parti et l\u2019institutionnel (Hans Van de Cauter), l\u2019histoire de la Belgique (Bruno Yammine), l\u2019\u00e9nergie (Vincent Massaut), la mobilit\u00e9 (Benedict Verbiest), le revenu de base (Dimitri Par\u00e9e et Baudouin Huben\u00e9) et l\u2019enseignement bilingue (Fran\u00e7oise Massaut)) se sont succ\u00e9d\u00e9s pendant trois heures, entrecoup\u00e9s par une pause pour d\u00e9guster les boissons et les g\u00e2teaux. Vous pouvez consulter les textes des expos\u00e9s sur le site.<\/p>\n<p>Le public \u00e9tait tr\u00e8s content et a remarqu\u00e9\u00a0que le B.U.B. &#8211; malgr\u00e9 ses maigres moyens \u2013 arrive \u00e0 maturit\u00e9 sur le plan id\u00e9ologique. Le programme s\u2019est diversifi\u00e9 au fil du temps, mais on voit que dans chaque sujet, le communautaire et l\u2019unification des comp\u00e9tences restent pr\u00e9sents. Il n\u2019est en effet plus possible de mener une politique s\u00e9rieuse en Belgique sans supprimer le f\u00e9d\u00e9ralisme. La particratie n\u2019a \u00e9videmment pas int\u00e9r\u00eat \u00e0 un tel chamboulement. C\u2019est la raison pour laquelle, elle doit laisser la place \u00e0 des partis nationaux et bilingues comme le B.U.B. si on veut \u00e9viter la scission du pays ou le marasme politique total. Le grand probl\u00e8me est que la particratie ma\u00eetrise les m\u00e9dias et manipule les \u00e9lections. Il faut que l\u2019\u00e9lecteur belge le sache afin qu\u2019il puisse voter en connaissance de cause et agir de fa\u00e7on correcte sur le plan politique, aussi en dehors des p\u00e9riodes \u00e9lectorales.<\/p>\n<p>Si le citoyen belge entendait le discours du B.U.B. (ou avait le droit de l\u2019entendre), il comprendrait que la Belgique n\u2019est plus une d\u00e9mocratie, mais une particratie, contr\u00f4l\u00e9e par quelques partis qui ne tirent pas leur pouvoir d\u2019une \u00e9lection d\u00e9mocratique, mais d\u2019un privil\u00e8ge surann\u00e9 et incompatible avec les valeurs d\u00e9mocratiques internationalement reconnues. M\u00eame en Albanie et en Azerba\u00efdjan, il existe plus de contr\u00f4le sur les \u00e9lections qu\u2019ici.<\/p>\n<p>Cette r\u00e9union nationale du B.U.B., le seul parti unitariste en Belgique, m\u00e9ritait une diffusion \u00e0 la TV \u00ab\u00a0nationale\u00a0\u00bb\u00a0surtout tenant compte des incroyables b\u00eatises qui sont diffus\u00e9es actuellement.<\/p>\n","protected":false},"excerpt":{"rendered":"<p>Op 28 februari 2015 hield de B.U.B. te Molenbeek zijn jaarlijkse nationale vergadering. De kwaliteit van de uiteenzettingen bewees eens te meer dat de B.U.B. \u00e9\u00e9n van de weinige oppositiepartijen in Belgi\u00eb is, die bovendien dicht bij de bevolking staat. Nochtans is ze grotendeels onbekend, wat duidelijk ten onrechte is.<\/p>\n<p>Le 28 f\u00e9vrier 2015, le B.U.B. a tenu sa r\u00e9union nationale annuelle \u00e0 Molenbeek. La qualit\u00e9 des expos\u00e9s a prouv\u00e9 de nouveau que le B.U.B. est un des seuls partis d\u2019opposition en Belgique, qui est en outre proche du peuple, quoique largement inconnu \u2013 et manifestement \u00e0 tort.<\/p>\n","protected":false},"author":2,"featured_media":0,"comment_status":"closed","ping_status":"closed","sticky":false,"template":"","format":"standard","meta":{"ngg_post_thumbnail":0,"jetpack_post_was_ever_published":false,"_jetpack_newsletter_access":"","_jetpack_dont_email_post_to_subs":false,"_jetpack_newsletter_tier_id":0,"_jetpack_memberships_contains_paywalled_content":false,"powered_cache_disable_cache":false,"_jetpack_memberships_contains_paid_content":false,"footnotes":"","jetpack_publicize_message":"","jetpack_publicize_feature_enabled":true,"jetpack_social_post_already_shared":false,"jetpack_social_options":{"image_generator_settings":{"template":"highway","default_image_id":0,"font":"","enabled":false},"version":2}},"categories":[1,4],"tags":[],"class_list":["post-9593","post","type-post","status-publish","format-standard","hentry","category-news0","category-info"],"jetpack_publicize_connections":[],"jetpack_featured_media_url":"","jetpack_sharing_enabled":true,"jetpack_shortlink":"https:\/\/wp.me\/p6Y7u0-2uJ","jetpack_likes_enabled":false,"_links":{"self":[{"href":"https:\/\/www.unionbelge.be\/index.php?rest_route=\/wp\/v2\/posts\/9593","targetHints":{"allow":["GET"]}}],"collection":[{"href":"https:\/\/www.unionbelge.be\/index.php?rest_route=\/wp\/v2\/posts"}],"about":[{"href":"https:\/\/www.unionbelge.be\/index.php?rest_route=\/wp\/v2\/types\/post"}],"author":[{"embeddable":true,"href":"https:\/\/www.unionbelge.be\/index.php?rest_route=\/wp\/v2\/users\/2"}],"replies":[{"embeddable":true,"href":"https:\/\/www.unionbelge.be\/index.php?rest_route=%2Fwp%2Fv2%2Fcomments&post=9593"}],"version-history":[{"count":3,"href":"https:\/\/www.unionbelge.be\/index.php?rest_route=\/wp\/v2\/posts\/9593\/revisions"}],"predecessor-version":[{"id":10764,"href":"https:\/\/www.unionbelge.be\/index.php?rest_route=\/wp\/v2\/posts\/9593\/revisions\/10764"}],"wp:attachment":[{"href":"https:\/\/www.unionbelge.be\/index.php?rest_route=%2Fwp%2Fv2%2Fmedia&parent=9593"}],"wp:term":[{"taxonomy":"category","embeddable":true,"href":"https:\/\/www.unionbelge.be\/index.php?rest_route=%2Fwp%2Fv2%2Fcategories&post=9593"},{"taxonomy":"post_tag","embeddable":true,"href":"https:\/\/www.unionbelge.be\/index.php?rest_route=%2Fwp%2Fv2%2Ftags&post=9593"}],"curies":[{"name":"wp","href":"https:\/\/api.w.org\/{rel}","templated":true}]}}