{"id":9506,"date":"2015-01-06T22:10:01","date_gmt":"2015-01-06T20:10:01","guid":{"rendered":"http:\/\/www.unionbelge.be\/?p=9506"},"modified":"2016-01-20T12:29:34","modified_gmt":"2016-01-20T11:29:34","slug":"lattitude-inacceptable-des-politiciens-onaanvaardbare-houding-politici","status":"publish","type":"post","link":"https:\/\/www.unionbelge.be\/?p=9506","title":{"rendered":"L\u2019ATTITUDE INACCEPTABLE DES POLITICIENS  &#8211; ONAANVAARDBARE HOUDING POLITICI"},"content":{"rendered":"<p><b>L\u2019ATTITUDE INACCEPTABLE DES POLITICIENS\u00a0<\/b><\/p>\n<p><b>Le pr\u00e9sident de la Chambre <\/b><b>Siegfried Bracke (N-VA) d\u00e9clarait r\u00e9cemment que l\u2019ind\u00e9pendance \u201c<i>flamande<\/i>\u201d \u00e9tait, \u201c<i>selon lui<\/i>\u201d, tout comme les lois de Darwin, \u201c<i>in\u00e9vitable<\/i>\u201d (<i>Le Soir<\/i>, 3 janvier 2015). Selon le B.U.B., la d\u00e9mocratie belge se trouve confront\u00e9e \u00e0 un s\u00e9rieux probl\u00e8me. <\/b><\/p>\n<p>Si l\u2019ind\u00e9pendance \u201cflamande\u201d est vraiment un fait naturel, pourquoi Bracke ne pr\u00f4ne-t-il pas la suppression de son propre parti? Ce parti s\u00e9paratiste poss\u00e8derait d\u2019ailleurs plus de 43 millions d\u2019euros en 2019 gr\u00e2ce aux subsides du contribuable belge. Jamais un parti n\u2019aura-t-il re\u00e7u autant de fonds publics.<\/p>\n<p>Dans un certain sens, il est bien que Bracke suive la ligne dure. Plus la N-VA parle de la scission de la Belgique, moins de gens voteront pour elle. Pour ceux qui ne sont pas encore au courant: une N-VA non-s\u00e9paratiste, cela n\u2019existe pas\u00a0!<\/p>\n<p>Il est toutefois inqui\u00e9tant que le pr\u00e9sident de la Chambre des Repr\u00e9sentants \u2013 le premier citoyen du pays donc \u2013 puisse exprimer ouvertement sa haine envers la Belgique sans susciter de vague d\u2019indignation de la part des autres partis. Pourquoi n\u2019est-il contredit par aucun politicien ou parti au parlement \u2018f\u00e9d\u00e9ral\u2019? Seul le premier ministre (qui d\u00e9clara avant les \u00e9lections ne jamais vouloir gouverner avec la N-VA) a d\u00e9clar\u00e9 ti\u00e8dement \u201c<i>ne pas \u00eatre d\u2019accord<\/i>\u201d avec\u00a0Bracke. Tous les partis avec \u00e9lus sont-ils donc s\u00e9paratistes? Probablement pas: le PTB n\u2019a pas r\u00e9agi non plus, bien qu\u2019il ne soit certainement pas un parti antibelge (au contraire). Peut-\u00eatre que certains politiciens ont trouv\u00e9 une r\u00e9action inutile. Qui plus est, hormis un seul journal, personne n\u2019en a parl\u00e9. Bon nombre de politiciens sont sans doute tacitement d\u2019accord avec la N-VA.<\/p>\n<p><b>Pourquoi l\u2019opposition, qui met sans cesse en cause la politique socio-\u00e9conomique de droite men\u00e9e par le gouvernement, ne demande-t-elle pas la d\u00e9mission de Bracke? Lorsqu\u2019il s\u2019\u00e9tait av\u00e9r\u00e9 que certains ministres de la N-VA entretenaient des liens avec la droite radicale, plusieurs politiciens ont bien r\u00e9clam\u00e9 leur d\u00e9mission. Mais le fait que le pr\u00e9sident de la Chambre aspire \u00e0 la destruction du pays est apparemment devenu un fait divers. L\u2019introduction d\u2019un imp\u00f4t sur la plus-value provoque infiniment plus de remous chez les particrates que l\u2019unit\u00e9 de la Belgique. L\u2019attitude hypocrite des partis traditionnels ne conna\u00eet pas de limites. <\/b><\/p>\n<p>&nbsp;<\/p>\n<p><b>ONAANVAARDBARE HOUDING POLITICI\u00a0<\/b><\/p>\n<p><b>Kamervoorzitter <\/b><b>Siegfried Bracke (N-VA) verklaarde onlangs dat \u201c<i>Vlaamse<\/i>\u201d onafhankelijkheid \u201c<i>volgens hem<\/i>\u201d net als de wetten van Darwin \u201convermijdelijk\u201d was (<i>Le Soir<\/i>, 3 januari 2015). Volgens de B.U.B. is hier een serieus probleem voor de Belgische democratie.<\/b><\/p>\n<p>Als \u201cVlaamse\u201d onafhankelijkheid inderdaad een natuurlijk gegeven is, waarom pleit Bracke er dan niet voor om zijn partij op te heffen? Zijn separatistische partij zou overigens in 2019 via subsidies van de Belgische belastingbetaler m\u00e9\u00e9r dan 43 miljoen euro bezitten. Nooit eerder bezat een partij zoveel Belgische overheidssteun.<\/p>\n<p>In zekere zin is het goed dat Bracke de harde lijn predikt. Hoe meer de N-VA over de splitsing van Belgi\u00eb spreekt, hoe minder stemmen de partij overhouden. Voor al wie het nog niet weet: er bestaat geen niet-separatistische N-VA !<\/p>\n<p>Anderzijds is het beangstigend dat de voorzitter van de Kamer van Volksvertegenwoordigers \u2013 de eerste burger van het land dus \u2013 zo openlijk zijn haat voor Belgi\u00eb kan ventileren zonder dat dit bij de andere partijen een storm van protest opwekt. Waarom is er immers geen enkele politicus of partij in het \u2018federaal\u2019 parlement die hem tegenspreekt? Enkel de premier (die v\u00f3\u00f3r de verkiezingen verklaarde nooit met de N-VA te zullen regeren) liet flauwtjes verstaan het \u201c<i>niet eens te zijn<\/i>\u201d met de \u201c<i>visie<\/i>\u201d van Bracke. Zijn alle partijen met verkozenen separatistisch? Wellicht niet, de PVDA bv. heeft ook niet gereageerd en is beslist geen anti-Belgische partij (integendeel). Misschien hebben sommige politici het niet de moeite waard geacht om te reageren. Buiten \u00e9\u00e9n dagblad berichtte ook niemand erover. Vele politici zijn het ongetwijfeld stilzwijgend met de N-VA eens.<\/p>\n<p><b>Waarom vraagt de oppositie, die voortdurend van leer trekt tegen het rechtse sociaal-economische beleid van de regering, niet het ontslag van Bracke? Toen bleek dat bepaalde N-VA-ministers banden met radicaal-rechts hadden werd wel door verschillende politici om hun ontslag geschreeuwd. Het nastreven van de vernietiging van een staat door de Kamervoorzitter van dat land is daarentegen blijkbaar een \u201c<i>fait divers<\/i>\u201d geworden. Het invoeren van een meerwaardebelasting zorgt bij de particraten voor oneindig meer animositeit dan de eenheid van Belgi\u00eb. De hypocriete houding van de traditionele partijen kent geen grenzen.<\/b><\/p>\n","protected":false},"excerpt":{"rendered":"<p>Le pr\u00e9sident de la Chambre Siegfried Bracke (N-VA) d\u00e9clarait r\u00e9cemment que l\u2019ind\u00e9pendance \u201cflamande\u201d \u00e9tait, \u201cselon lui\u201d, tout comme les lois de Darwin, \u201cin\u00e9vitable\u201d (Le Soir, 3 janvier 2015). Selon le B.U.B., la d\u00e9mocratie belge se trouve confront\u00e9e \u00e0 un s\u00e9rieux probl\u00e8me. <\/p>\n<p>Kamervoorzitter Siegfried Bracke (N-VA) verklaarde onlangs dat \u201cVlaamse\u201d onafhankelijkheid \u201cvolgens hem\u201d net als de wetten van Darwin \u201convermijdelijk\u201d was (Le Soir, 3 januari 2015). Volgens de B.U.B. is hier een serieus probleem voor de Belgische democratie.<\/p>\n","protected":false},"author":2,"featured_media":0,"comment_status":"closed","ping_status":"closed","sticky":false,"template":"","format":"standard","meta":{"ngg_post_thumbnail":0,"jetpack_post_was_ever_published":false,"_jetpack_newsletter_access":"","_jetpack_dont_email_post_to_subs":false,"_jetpack_newsletter_tier_id":0,"_jetpack_memberships_contains_paywalled_content":false,"powered_cache_disable_cache":false,"_jetpack_memberships_contains_paid_content":false,"footnotes":"","jetpack_publicize_message":"","jetpack_publicize_feature_enabled":true,"jetpack_social_post_already_shared":false,"jetpack_social_options":{"image_generator_settings":{"template":"highway","default_image_id":0,"font":"","enabled":false},"version":2}},"categories":[1],"tags":[],"class_list":["post-9506","post","type-post","status-publish","format-standard","hentry","category-news0"],"jetpack_publicize_connections":[],"jetpack_featured_media_url":"","jetpack_sharing_enabled":true,"jetpack_shortlink":"https:\/\/wp.me\/p6Y7u0-2tk","jetpack_likes_enabled":false,"_links":{"self":[{"href":"https:\/\/www.unionbelge.be\/index.php?rest_route=\/wp\/v2\/posts\/9506","targetHints":{"allow":["GET"]}}],"collection":[{"href":"https:\/\/www.unionbelge.be\/index.php?rest_route=\/wp\/v2\/posts"}],"about":[{"href":"https:\/\/www.unionbelge.be\/index.php?rest_route=\/wp\/v2\/types\/post"}],"author":[{"embeddable":true,"href":"https:\/\/www.unionbelge.be\/index.php?rest_route=\/wp\/v2\/users\/2"}],"replies":[{"embeddable":true,"href":"https:\/\/www.unionbelge.be\/index.php?rest_route=%2Fwp%2Fv2%2Fcomments&post=9506"}],"version-history":[{"count":3,"href":"https:\/\/www.unionbelge.be\/index.php?rest_route=\/wp\/v2\/posts\/9506\/revisions"}],"predecessor-version":[{"id":10146,"href":"https:\/\/www.unionbelge.be\/index.php?rest_route=\/wp\/v2\/posts\/9506\/revisions\/10146"}],"wp:attachment":[{"href":"https:\/\/www.unionbelge.be\/index.php?rest_route=%2Fwp%2Fv2%2Fmedia&parent=9506"}],"wp:term":[{"taxonomy":"category","embeddable":true,"href":"https:\/\/www.unionbelge.be\/index.php?rest_route=%2Fwp%2Fv2%2Fcategories&post=9506"},{"taxonomy":"post_tag","embeddable":true,"href":"https:\/\/www.unionbelge.be\/index.php?rest_route=%2Fwp%2Fv2%2Ftags&post=9506"}],"curies":[{"name":"wp","href":"https:\/\/api.w.org\/{rel}","templated":true}]}}