{"id":9368,"date":"2014-11-09T23:07:41","date_gmt":"2014-11-09T21:07:41","guid":{"rendered":"http:\/\/www.unionbelge.be\/?p=9368"},"modified":"2016-11-15T23:12:16","modified_gmt":"2016-11-15T22:12:16","slug":"la-strategie-anti-belge-des-separatistes-de-anti-belgische-strategie-van-de-separatisten","status":"publish","type":"post","link":"https:\/\/www.unionbelge.be\/?p=9368","title":{"rendered":"LA STRATEGIE ANTI-BELGE DES SEPARATISTES &#8211; DE ANTI-BELGISCHE STRATEGIE VAN DE SEPARATISTEN"},"content":{"rendered":"<figure id=\"attachment_9369\" aria-describedby=\"caption-attachment-9369\" style=\"width: 280px\" class=\"wp-caption alignleft\"><a href=\"https:\/\/www.unionbelge.be\/wp-content\/uploads\/2014\/11\/dyn004_original_280_220_pjpeg_2526183_f209330df28ccf626d65651c1cf00d12.jpg\"><img loading=\"lazy\" decoding=\"async\" class=\"wp-image-9369 size-full\" src=\"https:\/\/www.unionbelge.be\/wp-content\/uploads\/2014\/11\/dyn004_original_280_220_pjpeg_2526183_f209330df28ccf626d65651c1cf00d12.jpg\" alt=\"Une section de la N-VA br\u00fble le drapeau belge (septembre 2007) - een N-VA-sectie verbrandt de Belgische vlag (september 2007)\" width=\"280\" height=\"220\" data-wp-pid=\"9369\" \/><\/a><figcaption id=\"caption-attachment-9369\" class=\"wp-caption-text\">Une section de la N-VA br\u00fble le drapeau belge (septembre 2007) &#8211; een N-VA-sectie verbrandt de Belgische vlag (september 2007) (source-bron: http:\/\/janice-laureyssens-visie.skynetblogs.be\/)<\/figcaption><\/figure>\n<p><strong>UN GOUVERNEMENT PAS SI SOCIO-ECONOMIQUE<\/strong><\/p>\n<p><strong>R\u00e9cemment, on a annonc\u00e9 que le gouvernement Michel r\u00e9aliserait des \u00e9conomies tant au niveau de la politique culturelle belge qu\u2019\u00e0 celui de la politique scientifique nationale. Ces \u00e9conomies ne sont pas uniquement motiv\u00e9es par des motifs \u00e9conomiques, mais cadrent aussi dans une bataille id\u00e9ologique contre l\u2019Etat belge qui, selon les s\u00e9paratistes, devrait se transformer en une conf\u00e9d\u00e9ration. Un Belge averti en vaut deux.<\/strong><\/p>\n<p><span style=\"text-decoration: underline;\"><strong>1. Un gouvernement socio-\u00e9conomique?\u00a0<\/strong><\/span><\/p>\n<p>Lors de son installation d\u00e9but octobre 2014, le nouveau gouvernement a d\u00e9clar\u00e9 qu&#8217;il se focaliserait sur <strong>des mesures socio-\u00e9conomiques<\/strong>.\u00a0 Cela doit pourtant \u00eatre relativis\u00e9.<\/p>\n<p>Tout d&#8217;abord, ce gouvernement ex\u00e9cuterait int\u00e9gralement <strong>la sixi\u00e8me &#8220;r\u00e9forme de l&#8217;Etat&#8221;<\/strong>.\u00a0 Celle-ci pr\u00e9voit un transfert de 17 milliards d&#8217;euros de comp\u00e9tences notamment dans les domaines de la s\u00e9curit\u00e9 sociale, du march\u00e9 de l&#8217;emploi, de la mobilit\u00e9 et du code de la route, de la justice, de l&#8217;\u00e9conomie, de l&#8217;urbanisme et du logement, de l\u2019am\u00e9nagement du territoire, des affaires int\u00e9rieures et des diff\u00e9rentes institutions &#8220;f\u00e9d\u00e9rales&#8221;. De plus, cette r\u00e9forme a quasiment effac\u00e9 le S\u00e9nat, a scind\u00e9 l&#8217;arrondissement \u00e9lectoral bilingue de BHV, a &#8220;d\u00e9doubl\u00e9&#8221; l&#8217;arrondissement judiciaire du m\u00eame nom et a accord\u00e9 encore plus d&#8217;autonomie fiscale aux r\u00e9gions.<\/p>\n<p>De plus, l&#8217;accord de gouvernement fait allusion en termes couverts \u00e0 <strong>la d\u00e9claration de r\u00e9vision de l&#8217;article 195 de la Constitution belge<\/strong> qui r\u00e8gle la mani\u00e8re de r\u00e9viser la constitution.\u00a0 Notamment la N-VA esp\u00e8re ainsi pouvoir introduire le soi-disant conf\u00e9d\u00e9ralisme.<\/p>\n<p><span style=\"text-decoration: underline;\"><strong>2. L\u2019analyse de l\u2019accord de gouvernement<\/strong><\/span><\/p>\n<p>Plusieurs passages dans l\u2019accord du gouvernement ont une <strong>orientation clairement communautaire.<\/strong><\/p>\n<p>Ainsi, en ce qui concerne<strong> l&#8217;emploi et la comp\u00e9titivit\u00e9,<\/strong> un cadre technique pour assurer la mise en oeuvre de la sixi\u00e8me \u201cr\u00e9forme\u201d de l\u2019Etat sera pr\u00e9par\u00e9 et soumis pr\u00e9alablement aux r\u00e9gions.\u00a0 Celles-ci seront impliqu\u00e9es dans la mesure de relance &#8220;d&#8217;aide sp\u00e9cifique aux zones franches&#8221;.\u00a0 Ces m\u00eames r\u00e9gions seront associ\u00e9es au service \u00e0 la collectivit\u00e9 pour les ch\u00f4meurs \u2013 une mesure que le gouvernement \u201cf\u00e9d\u00e9ral\u201d veut mettre en \u0153uvre. L\u2019accord de gouvernement oblige ce dernier \u00e0 soutenir les entit\u00e9s f\u00e9d\u00e9r\u00e9es afin que la r\u00e9glementation du ch\u00f4mage soutienne au mieux les politiques r\u00e9gionales d\u2019emploi.<\/p>\n<p>En ce qui concerne <strong>les soins de sant\u00e9<\/strong>, la mise en place de soins de sant\u00e9 abordables, accessibles et de haute qualit\u00e9 ne peut \u00eatre r\u00e9alis\u00e9e, selon ce gouvernement, \u201c<i>qu&#8217;en collaboration et concertation avec les entit\u00e9s f\u00e9d\u00e9r\u00e9es<\/i>\u201d.\u00a0 Le gouvernement prendra des initiatives notamment pour l&#8217;accueil hivernal des sans-abri en coop\u00e9ration avec les entit\u00e9s f\u00e9d\u00e9r\u00e9es.\u00a0 Il est pr\u00e9vu \u00e9galement une coordination avec les communaut\u00e9s pour le transport m\u00e9dical non urgent.<\/p>\n<p>En ce qui concerne <strong>l&#8217;\u00e9nergie et l&#8217;environnement,<\/strong> l\u2019\u00e9tablissement de la norme d&#8217;\u00e9nergie se fera \u201c<i>autant que possible<\/i>\u201d en collaboration avec les entit\u00e9s f\u00e9d\u00e9r\u00e9es, tout comme la r\u00e9daction du programme national de r\u00e8gles concernant le milieu marin.\u00a0 Aussi pour la garantie d&#8217;approvisionnement de la Belgique en mati\u00e8re d\u2019\u00e9nergie, on collaborera avec les r\u00e9gions.<\/p>\n<p><strong>La politique scientifique belge<\/strong> sera &#8220;mieux cibl\u00e9e&#8221; sur les r\u00e9gions, une agence interf\u00e9d\u00e9rale pour l\u2019espace sera cr\u00e9\u00e9e qui regroupera tous les moyens f\u00e9d\u00e9raux et les r\u00e9gions y seront \u201cassoci\u00e9es\u201d. \u00a0 Le service public scientifique \u00a0(BELSPO) &#8211; <span style=\"text-decoration: underline;\">proclam\u00e9 le meilleur service public en 2014<\/span> (!) &#8211; \u00a0serait d\u00e9mantel\u00e9 et \u201cint\u00e9gr\u00e9 dans une autre direction g\u00e9n\u00e9rale\u201d.\u00a0 Le Secr\u00e9tariat Polaire Belge perdrait son statut parastatal et deviendrait une ASBL internationale \u00e0 laquelle d&#8217;autres pays pourraient participer. \u00a0 En outre, le minist\u00e8re des Grandes Villes serait supprim\u00e9 (il ne se trouve plus dans l&#8217;accord de gouvernement), bien qu&#8217;un ministre reste comp\u00e9tent pour les Grandes Villes (Jan Jambon de la N-VA).\u00a0 De plus, les d\u00e9partements scientifiques et culturels seront soumis \u00e0 des \u00e9conomies draconiennes.<\/p>\n<p>En mati\u00e8re de <strong>Justice<\/strong>, les entit\u00e9s f\u00e9d\u00e9r\u00e9es seront consult\u00e9es concernant les questions qui r\u00e9v\u00e8lent de leurs comp\u00e9tences lors de la modernisation du code p\u00e9nal.\u00a0 La politique contre la \u201cradicalisation\u201d serait \u00e9galement men\u00e9e en concertation avec les entit\u00e9s f\u00e9d\u00e9r\u00e9es.<\/p>\n<p style=\"text-align: justify;\">Par ailleurs, <strong>l&#8217;avenir des institutions &#8220;f\u00e9d\u00e9rales&#8221;<\/strong> ne semble pas vraiment assur\u00e9.\u00a0 D\u2019abord, il \u00e9tait question d&#8217;une privatisation de la SNCB, de la Poste et de Belgacom. \u00a0Finalement, l&#8217;accord de gouvernement ne le mentionne plus, mais le ministre des finances, Johan Van Overtveldt (N-VA), a d\u00e9clar\u00e9 qu&#8217;\u00e0 la longue Belfius devait \u00eatre privatis\u00e9 (12.10.14).\u00a0 Le centre interf\u00e9d\u00e9ral pour l&#8217;\u00e9galit\u00e9 des chances (auparavant le Centre pour l&#8217;\u00e9galit\u00e9 des chances et la lutte contre le racisme) serait d\u00e9sormais dirig\u00e9 par Matthias Storme (N-VA) qui d\u00e9clarait en 2004 que voter pour le Vlaams Belang, parti ouvertement raciste, \u00e9tait une n\u00e9cessit\u00e9 \u00e9thique\u2026<\/p>\n<p>Dans le chapitre <strong>Affaires Etrang\u00e8res<\/strong>, il est dit sous le titre \u2018diplomatie \u00e9conomique\u2019 que le niveau \u201cf\u00e9d\u00e9ral\u201d doit \u201c<em>soutenir<\/em>\u201d les entit\u00e9s f\u00e9d\u00e9r\u00e9es. Bien que le gouvernement promette que les missions communes men\u00e9es par un membre de la Famille Royale seront maintenues, mais les r\u00e9gions ont fait en sorte que leur nombre a \u00e9t\u00e9 baiss\u00e9 de quatre par ann\u00e9e \u00e0 deux. La politique \u00e9trang\u00e8re belge est d\u2019ailleurs davantage vid\u00e9e de sa substance. Le gouvernement attache \u201c[en effet] <i>une grande importance \u00e0 la r\u00e9vision des accords de coop\u00e9ration avec les gouvernements des entit\u00e9s f\u00e9d\u00e9r\u00e9es en ce qui concerne la repr\u00e9sentation dans les postes diplomatiques et consulaires de notre pays, ainsi qu\u2019\u00e0 la concertation et \u00e0 la repr\u00e9sentation dans le cadre de l\u2019Union europ\u00e9enne et des organisations internationales concern\u00e9es. Cette r\u00e9vision est prioritaire et il est urgent qu\u2019elle soit adapt\u00e9e aux r\u00e9formes institutionnelles dans le cadre europ\u00e9en et belge<\/i>\u201d. En m\u00eame temps, le gouvernement observe que la situation sur le terrain peut inciter \u00e0 une approche\u00a0 pragmatique \u201c<i>afin de d\u00e9fendre au mieux nos int\u00e9r\u00eats et ce, dans les meilleures conditions <\/i>\u201d. Scinder pour ensuite coop\u00e9rer de nouveau. Plus absurde est impossible.<\/p>\n<p><span style=\"text-decoration: underline;\"><strong>3. Tactique<\/strong><\/span><\/p>\n<p>De ce qui pr\u00e9c\u00e8de, on peut conclure que:<\/p>\n<p>1) l\u2019accord de gouvernement contient bien un volet communautaire\u00a0;<\/p>\n<p>2)\u00a0\u00a0 Plusieurs minist\u00e8res et institutions f\u00e9d\u00e9rales sont menac\u00e9s par une combinaison de restructurations et d\u2019\u00e9conomies.\u00a0 Apr\u00e8s, on pourra dire qu\u2019ils ne fonctionnent pluss et qu\u2019ils doivent \u201cpar cons\u00e9quent\u201d \u00eatre scind\u00e9s.<\/p>\n<p>3)\u00a0\u00a0 Apr\u00e8s l&#8217;\u00e9viction du S\u00e9nat des membres de la dynastie, la r\u00e9vision des dotations, on coupe \u00a0maintenant les missions princi\u00e8res en deux.\u00a0 Cette attitude est \u00e9videmment hypocrite parce que les s\u00e9paratistes affirmaient \u201cque les princes devaient travailler\u201d.<\/p>\n<p>4)\u00a0\u00a0 L&#8217;Etat f\u00e9d\u00e9ral est cens\u00e9 se mettre de plus en plus au service des r\u00e9gions et communaut\u00e9s. \u00a0Finalement, le gouvernement f\u00e9d\u00e9ral ne sera plus en mesure de d\u00e9cider seul et devra demander l&#8217;accord des r\u00e9gions et communaut\u00e9s sur tous les sujets. C\u2019est conf\u00e9d\u00e9ralisme masqu\u00e9.<\/p>\n<p>5)\u00a0\u00a0 Toutes les fonctions cl\u00e9s de ce gouvernement (sauf les affaires \u00e9trang\u00e8res, le budget et la sant\u00e9 publique) sont aux mains de deux partis s\u00e9paratistes, le CD&amp;V et la N-VA: le march\u00e9 de l&#8217;emploi, les affaires int\u00e9rieures, la s\u00e9curit\u00e9, la police, la d\u00e9fense, les finances, la politique d&#8217;asile, la justice et l\u2019\u00e9conomie.<\/p>\n<p><strong><span style=\"text-decoration: underline;\">Conclusion<\/span><\/strong><\/p>\n<p><strong>La tactique des nationalistes linguistiques est claire, du moins pour ceux qui veulent la voir: asservir le gouvernement f\u00e9d\u00e9ral et le mettre au service des entit\u00e9s f\u00e9d\u00e9r\u00e9es. Il est\u00a0\u00e9vident\u00a0que la Belgique m\u00e9rite\u00a0mieux que\u00a0ce nationalisme\u00a0antibelge. Le B.U.B. se souvient que d\u00e9j\u00e0 par le pass\u00e9 les s\u00e9paratistes nous ont impos\u00e9 le f\u00e9d\u00e9ralisme linguistique pour ensuite \u201cconstater\u201d que ce syst\u00e8me ne fonctionnait pas. L\u2019histoire risque de se r\u00e9p\u00e9ter.<\/strong><\/p>\n<p>&nbsp;<\/p>\n<p><strong>EEN NIET ZO SOCIAAL-ECONOMISCHE REGERING\u00a0<\/strong><\/p>\n<p><strong>Onlangs raakte bekend dat er zowel in het Belgische cultuurbeleid als in het nationale wetenschapsbeleid fors bespaard zal worden door de regering Michel. Deze feiten zijn echter niet alleen ingegeven door economische motieven, maar ook door een bredere ideologische strijd tegen de Belgische staat, die zich volgens de separatisten in een confederatie zou moeten omvormen. Een verwittigde Belg is er twee waard.<\/strong><\/p>\n<p><strong><span style=\"text-decoration: underline;\">1. Een sociaal-economische regering?<\/span>\u00a0<\/strong><\/p>\n<p>De nieuwe regering heeft vanaf haar aantreden begin oktober 2014 verklaard dat ze louter <strong>sociaal-economische maatregelen<\/strong> zou treffen. Dat moet toch genuanceerd worden.<\/p>\n<p>Vooreerst zou deze regering onverkort <strong>de zesde \u201cstaatshervorming\u201d uitvoeren<\/strong>. Daarin zit een overdracht van 17 miljard euro aan bevoegdheden vervat o.a. in sociale zekerheid, arbeidsmarktbeleid, mobiliteit en verkeer, justitie, economie, stedenbouw, huisvesting, ruimtelijke ordening, binnenlandse zaken en verschillende \u201cfederale\u201d instellingen. Deze hervorming heeft ook de Senaat bijna afgeschaft, heeft het tweetalig kiesarrondissement BHV gesplitst, het gerechtelijk arrondissement met dezelfde naam ontdubbeld en nog meer meer fiscale autonomie aan de gewesten verleend.<\/p>\n<p>Bovendien maakt het regeerakkoord in bedekte termen allusie op <strong>de verklaring tot herziening van artikel 195 van de Belgische grondwet<\/strong> dat de manier om de grondwet te herzien regelt. Met name de N-VA hoopt op die manier het zogenaamde \u201cconfederalisme\u201d in te kunnen voeren.<\/p>\n<p><span style=\"text-decoration: underline;\"><strong>2. Het regeerakkoord doorgelicht<\/strong><\/span><\/p>\n<p>Meerdere passages uit het regeerakkoord hebben <strong>een uitgesproken communautaire inslag.\u00a0<\/strong><\/p>\n<p>Zo zal wat de <strong>werkgelegenheid en het concurrentievermogen<\/strong> betreft, een technisch kader om de uitvoering van de \u201cstaatshervorming\u201d te verzekeren voorafgaand aan de gewesten worden voorgelegd. De gewesten worden ook betrokken bij de relancemaatregel\u00a0 \u201c<em>specifieke steun in ontwrichte zones<\/em>\u201d. Bovendien worden diezelfde gewesten betrokken bij de gemeenschapsdienst voor werklozen, die de \u201cfederale\u201d regering wil invoeren. Het regeerakkoord verplicht deze laatste ertoe de deelstaten bij de gewestelijke beleidslijnen inzake tewerkstelling te \u201condersteunen\u201d.<\/p>\n<p>Inzake <strong>gezondheidszorgen<\/strong> kan het realiseren van een betaalbare, toegankelijke en kwalitatief hoogstaande gezondheidszorg volgens deze regering enkel gerealiseerd worden \u201c<i>in samenwerking en overleg met de deelstaten<\/i>\u201d. Ook zal de regering samen met de deelstaten initiatieven nemen m.b.t.\u00a0de winteropvang van daklozen. Met de gemeenschappen wordt eveneens een co\u00f6rdinatie op touw gezet i.v.m. het niet-dringend medisch vervoer.<\/p>\n<p>Wat <strong>energie en leefmilieu<\/strong> betreft, gebeurt de uitwerking van de energienorm \u201c<i>zoveel als mogelijk<\/i>\u201d in samenwerking met de deelstaten, net als het opstellen van het nationale maatregelenprogramma inzake marine milieu. Ook voor de bevoorradingszekerheid van de Belgische energie wordt met de gewesten samengewerkt.<\/p>\n<p>Het Belgische <strong>wetenschapsbeleid<\/strong> wordt \u201c<i>beter afgestemd<\/i>\u201d op de gewesten, er wordt een interfederaal agentschap voor de ruimtevaart opgericht dat alle federale middelen groepeert en waarbij de gewesten \u201cbetrokken\u201d worden. De programmatorische overheidsdienst wetenschapsbeleid (BELSPO) \u2013 <span style=\"text-decoration: underline;\">uitgeroepen tot beste overheidsdienst van 2014<\/span> ( ! ) \u2013 zou worden afgeschaft en \u201celders als algemene directie ge\u00efntegreerd\u201d worden. Het Belgisch Poolsecretariaat zou zijn status als parastatale verliezen en een internationale VZW worden waar ook andere landen aan kunnen meewerken. Overigens zou ook het ministerie van Grootstedenbeleid afgeschaft worden (het komt niet meer voor in het regeerakkoord), hoewel een minister bevoegd blijft voor Grote Steden (m.n. Jan Jambon (N-VA-)). Bovendien krijgen zowel het wetenschaps- als het cultuurbeleid draconische besparingsmaatregelen opgelegd.<\/p>\n<p>Inzake <strong>Justitie<\/strong> zullen de deelstaten geconsulteerd worden voor aangelegenheden die onder hun bevoegdheid vallen bij de modernisering van het strafwetboek. Ook bij de aanpak van de \u201cradicalisering\u201d wordt met de deelstaten overlegd.<\/p>\n<p>Voorts lijkt de toekomst van <strong>de \u00ab\u00a0federale\u00a0\u00bb Overheidsinstellingen<\/strong> niet echt verzekerd. Eerder was er al sprake van een privatisering van de NMBS, de Post en Belgacom. Uiteindelijk kwam dat niet in het regeerakkoord. Wel verklaarde minister van financi\u00ebn Johan Van Overtveldt (N-VA) dat op termijn Belfius geprivatiseerd moest worden (12.10.14). Het \u201cInterfederaal Centrum voor Gelijke Kansen\u201d (het vroegere Centrum voor Gelijke Kansen en Racismebestrijding) wordt nu bestuurd wordt door de N-VA\u2019er Matthias Storme die in 2004 verklaarde dat stemmen op het Vlaams Belang, een openlijk racistische partij, een ethische plicht was\u2026<\/p>\n<p>In het hoofdstuk <strong>Buitenlandse Zaken<\/strong> staat er onder de titel economische diplomatie dat het \u201cfederale niveau\u201d een \u201c<i>ondersteunende<\/i>\u201d rol heeft t.o.v. de \u201cdeelstaten\u201d. De regering belooft wel dat gezamenlijke economische missies die door een lid van de Koninklijke Familie geleid worden zullen blijven bestaan, maar de gewesten hebben ervoor gezorgd dat hun aantal van vier per jaar naar twee is geslonken. Het Belgisch buitenlands beleid wordt trouwens verder uitgehold. De regering \u201c<i>hecht <\/i>[immers] <i>veel belang aan de herziening van de samenwerkingsakkoorden met de deelstaatregeringen in verband met de vertegenwoordiging in de diplomatieke en consulaire posten van ons land, en met het overleg en de vertegenwoordiging in het kader van de Europese Unie en de relevante internationale organisaties. <\/i><i>De herziening is prioritair en moet dringend aangepast worden aan de institutionele hervormingen in Europees en Belgisch verband<\/i>\u201d. Tegelijkertijd geeft de regering aan dat de situatie op het terrein een pragmatische benadering kan opleggen \u201c<i>teneinde de verdediging van onze belangen in de beste omstandigheden te doen verlopen<\/i>\u201d. Eerst splitsen om dan weer samen te werken, dwazer kan het niet.<\/p>\n<p><span style=\"text-decoration: underline;\"><strong>3.\u00a0\u00a0\u00a0 Tactiek\u00a0<\/strong><\/span><\/p>\n<p>Uit bovenstaande kan men het volgende afleiden:<\/p>\n<p>1)\u00a0\u00a0 Het communautaire luik zit weldegelijk in het regeerakkoord vervat.<\/p>\n<p>2)\u00a0\u00a0 Meerdere federale ministeries en instellingen worden door een combinatie van \u201cherstructureringen\u201d en besparingen bedreigd. Sowieso zal hun werking onder deze \u201chervormingen\u201d lijden. Daarna kan men zeggen dat ze niet werken en ze \u201cdus\u201d gesplitst moeten worden.<\/p>\n<p>3)\u00a0\u00a0 Na het weren van de dynastie uit de Senaat, het terugschroeven van de dotaties, is nu de halvering van de prinselijke missies aan de orde. Deze houding is natuurlijk hypocriet want de separatisten zeiden dat \u201cprinsen moesten werken\u201d.<\/p>\n<p>4)\u00a0\u00a0 De federale staat wordt meer en meer geacht zich \u201cten dienste\u201d van de gewesten en de gemeenschappen te stellen. Op de duur kan de federale overheid niets meer zelf beslissen, maar moet ze over alles en nog wat de toestemming van de gewesten en gemeenschappen vragen. Dit is een versluierd confederalisme.<\/p>\n<p>5)\u00a0\u00a0 Alle sleutelfuncties in deze regering (op buitenlandse zaken, begroting en volksgezondheid na) staan onder de voogdij van twee separatistische partijen, CD&amp;V en N-VA: arbeidsmarkt, binnenlandse zaken, veiligheid en politie, defensie, financi\u00ebn, asielbeleid, justitie en economie.<\/p>\n<p><span style=\"text-decoration: underline;\"><strong>Besluit<\/strong><\/span><\/p>\n<p><strong>De taalnationalistische tactiek is duidelijk, tenminste voor wie ze wil zien: de federale regering instrumentaliseren en haar ten dienste van de deelgebieden stellen. Belgi\u00eb\u00a0verdient echter beter dan dit anti-Belgisch nationalisme. De B.U.B. wijst erop dat de separatisten ons eerder het taalfederalisme opgelegd hebben om daarna \u201cvast te stellen\u201d dat dit systeem niet werkte. De geschiedenis dreigt zich dan ook te herhalen.<\/strong><\/p>\n","protected":false},"excerpt":{"rendered":"<p>R\u00e9cemment, on a annonc\u00e9 que le gouvernement Michel r\u00e9aliserait des \u00e9conomies tant au niveau de la politique culturelle belge qu\u2019\u00e0 celui de la politique scientifique nationale. Ces \u00e9conomies ne sont pas uniquement motiv\u00e9es par des motifs \u00e9conomiques, mais cadrent aussi dans une bataille id\u00e9ologique contre l\u2019Etat belge qui, selon les s\u00e9paratistes, devrait se transformer en une conf\u00e9d\u00e9ration. Un Belge averti en vaut deux.<\/p>\n<p>Onlangs raakte bekend dat er zowel in het Belgische cultuurbeleid als in het nationale wetenschapsbeleid fors bespaard zal worden door de regering Michel. Deze feiten zijn echter niet alleen ingegeven door economische motieven, maar ook door een bredere ideologische strijd tegen de Belgische staat, die zich volgens de separatisten in een confederatie zou moeten omvormen. Een verwittigde Belg is er twee waard.<\/p>\n","protected":false},"author":2,"featured_media":0,"comment_status":"closed","ping_status":"closed","sticky":false,"template":"","format":"standard","meta":{"ngg_post_thumbnail":0,"jetpack_post_was_ever_published":false,"_jetpack_newsletter_access":"","_jetpack_dont_email_post_to_subs":false,"_jetpack_newsletter_tier_id":0,"_jetpack_memberships_contains_paywalled_content":false,"powered_cache_disable_cache":false,"_jetpack_memberships_contains_paid_content":false,"footnotes":"","jetpack_publicize_message":"","jetpack_publicize_feature_enabled":true,"jetpack_social_post_already_shared":false,"jetpack_social_options":{"image_generator_settings":{"template":"highway","default_image_id":0,"font":"","enabled":false},"version":2}},"categories":[5],"tags":[],"class_list":["post-9368","post","type-post","status-publish","format-standard","hentry","category-opinions"],"jetpack_publicize_connections":[],"jetpack_featured_media_url":"","jetpack_sharing_enabled":true,"jetpack_shortlink":"https:\/\/wp.me\/p6Y7u0-2r6","jetpack_likes_enabled":false,"_links":{"self":[{"href":"https:\/\/www.unionbelge.be\/index.php?rest_route=\/wp\/v2\/posts\/9368","targetHints":{"allow":["GET"]}}],"collection":[{"href":"https:\/\/www.unionbelge.be\/index.php?rest_route=\/wp\/v2\/posts"}],"about":[{"href":"https:\/\/www.unionbelge.be\/index.php?rest_route=\/wp\/v2\/types\/post"}],"author":[{"embeddable":true,"href":"https:\/\/www.unionbelge.be\/index.php?rest_route=\/wp\/v2\/users\/2"}],"replies":[{"embeddable":true,"href":"https:\/\/www.unionbelge.be\/index.php?rest_route=%2Fwp%2Fv2%2Fcomments&post=9368"}],"version-history":[{"count":7,"href":"https:\/\/www.unionbelge.be\/index.php?rest_route=\/wp\/v2\/posts\/9368\/revisions"}],"predecessor-version":[{"id":10788,"href":"https:\/\/www.unionbelge.be\/index.php?rest_route=\/wp\/v2\/posts\/9368\/revisions\/10788"}],"wp:attachment":[{"href":"https:\/\/www.unionbelge.be\/index.php?rest_route=%2Fwp%2Fv2%2Fmedia&parent=9368"}],"wp:term":[{"taxonomy":"category","embeddable":true,"href":"https:\/\/www.unionbelge.be\/index.php?rest_route=%2Fwp%2Fv2%2Fcategories&post=9368"},{"taxonomy":"post_tag","embeddable":true,"href":"https:\/\/www.unionbelge.be\/index.php?rest_route=%2Fwp%2Fv2%2Ftags&post=9368"}],"curies":[{"name":"wp","href":"https:\/\/api.w.org\/{rel}","templated":true}]}}