{"id":9355,"date":"2014-11-09T19:04:50","date_gmt":"2014-11-09T17:04:50","guid":{"rendered":"http:\/\/www.unionbelge.be\/?p=9355"},"modified":"2016-11-17T09:06:20","modified_gmt":"2016-11-17T08:06:20","slug":"25-jaar-geleden-il-25-ans","status":"publish","type":"post","link":"https:\/\/www.unionbelge.be\/?p=9355","title":{"rendered":"DE VAL VAN DE MUUR EN BELGIE &#8211; LA CHUTE DU MUR ET LA BELGIQUE"},"content":{"rendered":"<p><strong>IL Y A 25 ANS: LA CHUTE DU MUR DE BERLIN<\/strong><\/p>\n<p><strong>Le 9 novembre 2014, le monde et l\u2019Allemagne en particulier ont comm\u00e9mor\u00e9 la chute du Mur de Berlin il y a 25 ans. Cet \u00e9v\u00e9nement politique majeur signifiait la fin de la Guerre froide, la fin du r\u00e9gime communiste en Allemagne de l\u2019est (RDA), la r\u00e9union de Berlin de l\u2019ouest et de l\u2019est et la r\u00e9unification de l\u2019Allemagne. Toutefois, cette r\u00e9unification a aussi entra\u00een\u00e9 un important courant d\u2019aide de l\u2019ouest vers l\u2019est de l\u2019Allemagne.<\/strong><\/p>\n<p>En 1996, sept ans apr\u00e8s la chute du Mur de Berlin et la lev\u00e9e du Rideau de Fer, le \u201cBundestag\u201d allemand approuvait un programme d\u2019aide financi\u00e8re gigantesque au b\u00e9n\u00e9fice des nouveaux \u201cBundesl\u00e4nder\u201d. Il s\u2019agissait d\u2019une somme de 100 milliards de marks allemands (environ 50 milliards d\u2019euros) par an qui devait servir \u00e0 relancer l\u2019\u00e9conomie de l\u2019Allemagne de l\u2019est et \u00e0 r\u00e9duire le taux de ch\u00f4mage avoisinant les 20%.<\/p>\n<p>Aujourd&#8217;hui, ces tranferts massifs existent toujours, mais n\u2019ont pas r\u00e9ussi \u00e0 effacer les diff\u00e9rences socio-\u00e9conomiques fondamentales entre l\u2019ouest et l\u2019est de l\u2019Allemagne. En effet, malgr\u00e9 les investissements \u00e9normes en infrastructure et logements, l\u2019\u00e9conomie allemande de l\u2019est reste structurellement faible et le ch\u00f4mage demeure \u00e9lev\u00e9 (20%). L\u2019Est est aussi touch\u00e9 davantage par la crise \u00e9conomique actuelle que l\u2019ouest. Les investissements \u00e9trangers en ex-RDA n\u2019augmentent que peu. L\u2019allemagne est donc toujours un pays \u00e0 deux vitesses.<\/p>\n<p>De fa\u00e7on \u00e9trange, ces transferts massifs vers les 17 millions de compatriotes de l\u2019est n\u2019inspirent pas les Allemands de l\u2019ouest \u00e0 demander une nouvelle scission de l\u2019Allemagne. La r\u00e9unification n\u2019est certes pas encore dig\u00e9r\u00e9e par tous les Allemands de l\u2019est et de l\u2019ouest, mais le sentiment g\u00e9n\u00e9ral est que l\u2019Allemagne unie est en tout cas meilleure pour tous que la s\u00e9paration.<\/p>\n<p><strong>Les Belges devraient prendre exemple sur les Allemands.<\/strong> En Belgique, les transferts du nord vers le sud du pays s\u2019\u00e9l\u00e8vent \u00e0 2 ou 5 milliards d\u2019euros par an selon les sources, c\u2019est-\u00e0-dire, toute proportion gard\u00e9e (il y a 65 millions Allemands de l\u2019Ouest contre 17 millions Allemands de l\u2019est et 6 millions de Belges du Nord contre 3 millions de Belges du Sud, abstraction faite des Bruxellois) au moins 2 fois moins qu\u2019en Allemagne.<\/p>\n<p><strong>On est toujours plus forts quand on est uni \u00e0 condition que le pouvoir soit aux mains de ceux qui soutiennent cette unit\u00e9. L\u2019exemple allemand\u00a0devrait non seulement nous encourager \u00e0 accepter les transferts (d\u00e9croissants) au sein de la Belgique et \u00e0 promouvoir l\u2019unit\u00e9 des Belges, mais \u00e9galement \u00e0 voter pour des partis nationaux qui soutiennent les int\u00e9r\u00eats de toute la Belgique et de tous les Belges.<\/strong><\/p>\n<p>&nbsp;<\/p>\n<p><strong>25 JAAR GELEDEN: DE VAL VAN DE BERLIJNSE MUUR <\/strong><\/p>\n<p><strong>Op 9 november 2014 hebben de wereld en Duitsland in het bijzonder de val van de Berlijnse Muur 25 jaar geleden herdacht. Deze grootse politieke gebeurtenis betekende het einde van de Koude Oorlog, het einde van het communistisch regime in Oost-Duitsland (de DDR), de hereniging van West- en Oost-Berlijn en de hereniging van Duitsland. Nochtans heeft deze hereniging ook een belangrijke hulpstroom van West- naar Oost-Duitsland met zich meegebracht.<\/strong><\/p>\n<p>In 1996, zeven jaar na de val van de Berlijnse Muur en de opheffing van het Ijzeren Gordijn keurde de \u201cBundestag\u201d een gigantisch programma van finci\u00eble steun voor de nieuwe \u201cBundesl\u00e4nder\u201d goed. Het ging om een som van 100 miljard Duitse Mark (omgerekend ongeveer 50 miljard euro) par jaar die moest dienen om de economie van Oost-Duitsland terug op gang te trekken en de werkloosheidsgraad, die bijna 20% bedroeg, terug te dringen.<\/p>\n<p>Vandaag bestaan deze enorme transferten nog altijd zonder dat ze erin geslaagd zijn de fundamentele sociaal-economische verschillen tussen West- en Oost-Duitsland weg te werken. Ondanks de enorme investeringen in infrastructuur en woningen blijft de Oost-Duitse economie structureel zwak en de werkloosheid hoog (20%). Zo is het oosten harder door de huidige economische crisis getroffen dan het westen. De buitenlandse investeringen in het vroegere Oost-Duitsland gaan slechts traag vooruit. Duitsland is dus nog duidelijk een land met twee snelheden.<\/p>\n<p>Vreemd genoeg brengen die enorme transferten aan de 17 miljoen landgenoten uit het oosten er de West-Duitsers niet toe om een nieuwe splitsing van Duitsland te eisen. De hereniging is zeker nog niet door alle West- en Oost-Duitsers verwerkt, maar het algemeen gevoel is dat een verenigd Duitsland in elk geval beter is dan een gesplitst Duitsland.<\/p>\n<p><strong>De Belgen zouden aan de Duitsers een voorbeeld moeten nemen.<\/strong> In Belgi\u00eb bedragen de transferten van het noorden naar het zuiden tussen 2 en 5 miljard euro par jaar volgens de bronnen, dat wil zeggen proportioneel gezien (gelet op het feit dat er 65 miljoen West-Duitsers zijn tegen 17 miljoen Oost-Duitsers en 6 miljoen Noord-Belgen tegen 3 miljoen Zuid-Belgen, als men van de Brusselaars abstractie maakt) minstens 2 keer minder dan in Duitsland.<\/p>\n<p><strong>Men is altijd sterker wanneer men verenigd is op voorwaarde dat de macht in handen is van mensen die de eenheid ondersteunen. Het Duitse voorbeeld moet ons niet alleen aanmoedigen om de (verminderende) transferten binnen Belgi\u00eb te aanvaarden en om de eenheid van de Belgen te verdedigen, maar ook om te stemmen voor nationale partijen die de belangen van heel Belgi\u00eb en van alle Belgen ondersteunen.<\/strong><\/p>\n","protected":false},"excerpt":{"rendered":"<p>Le 9 novembre 2014, le monde et l\u2019Allemagne en particulier ont comm\u00e9mor\u00e9 la chute du Mur de Berlin il y a 25 ans. Cet \u00e9v\u00e9nement politique majeur signifiait la fin de la Guerre froide, la fin du r\u00e9gime communiste en Allemagne de l\u2019est (RDA), la r\u00e9union de Berlin de l\u2019ouest et de l\u2019est et la r\u00e9unification de l\u2019Allemagne. Toutefois, cette r\u00e9unification a aussi entra\u00een\u00e9 un important courant d\u2019aide de l\u2019ouest vers l\u2019est de l\u2019Allemagne.<\/p>\n<p>Op 9 november 2014 hebben de wereld en Duitsland in het bijzonder de val van de Berlijnse Muur 25 jaar geleden herdacht. Deze grootse politieke gebeurtenis betekende het einde van de Koude Oorlog, het einde van het communistisch regime in Oost-Duitsland (de DDR), de hereniging van West- en Oost-Berlijn en de hereniging van Duitsland. Nochtans heeft deze hereniging ook een belangrijke hulpstroom van West- naar Oost-Duitsland met zich meegebracht.<\/p>\n","protected":false},"author":2,"featured_media":0,"comment_status":"closed","ping_status":"closed","sticky":false,"template":"","format":"standard","meta":{"ngg_post_thumbnail":0,"jetpack_post_was_ever_published":false,"_jetpack_newsletter_access":"","_jetpack_dont_email_post_to_subs":true,"_jetpack_newsletter_tier_id":0,"_jetpack_memberships_contains_paywalled_content":false,"powered_cache_disable_cache":false,"_jetpack_memberships_contains_paid_content":false,"footnotes":"","jetpack_publicize_message":"","jetpack_publicize_feature_enabled":true,"jetpack_social_post_already_shared":false,"jetpack_social_options":{"image_generator_settings":{"template":"highway","default_image_id":0,"font":"","enabled":false},"version":2}},"categories":[23,7],"tags":[],"class_list":["post-9355","post","type-post","status-publish","format-standard","hentry","category-economy","category-history"],"jetpack_publicize_connections":[],"jetpack_featured_media_url":"","jetpack_sharing_enabled":true,"jetpack_shortlink":"https:\/\/wp.me\/p6Y7u0-2qT","jetpack_likes_enabled":false,"_links":{"self":[{"href":"https:\/\/www.unionbelge.be\/index.php?rest_route=\/wp\/v2\/posts\/9355","targetHints":{"allow":["GET"]}}],"collection":[{"href":"https:\/\/www.unionbelge.be\/index.php?rest_route=\/wp\/v2\/posts"}],"about":[{"href":"https:\/\/www.unionbelge.be\/index.php?rest_route=\/wp\/v2\/types\/post"}],"author":[{"embeddable":true,"href":"https:\/\/www.unionbelge.be\/index.php?rest_route=\/wp\/v2\/users\/2"}],"replies":[{"embeddable":true,"href":"https:\/\/www.unionbelge.be\/index.php?rest_route=%2Fwp%2Fv2%2Fcomments&post=9355"}],"version-history":[{"count":7,"href":"https:\/\/www.unionbelge.be\/index.php?rest_route=\/wp\/v2\/posts\/9355\/revisions"}],"predecessor-version":[{"id":11291,"href":"https:\/\/www.unionbelge.be\/index.php?rest_route=\/wp\/v2\/posts\/9355\/revisions\/11291"}],"wp:attachment":[{"href":"https:\/\/www.unionbelge.be\/index.php?rest_route=%2Fwp%2Fv2%2Fmedia&parent=9355"}],"wp:term":[{"taxonomy":"category","embeddable":true,"href":"https:\/\/www.unionbelge.be\/index.php?rest_route=%2Fwp%2Fv2%2Fcategories&post=9355"},{"taxonomy":"post_tag","embeddable":true,"href":"https:\/\/www.unionbelge.be\/index.php?rest_route=%2Fwp%2Fv2%2Ftags&post=9355"}],"curies":[{"name":"wp","href":"https:\/\/api.w.org\/{rel}","templated":true}]}}