{"id":9349,"date":"2014-11-09T18:26:20","date_gmt":"2014-11-09T16:26:20","guid":{"rendered":"http:\/\/www.unionbelge.be\/?p=9349"},"modified":"2016-11-17T09:06:57","modified_gmt":"2016-11-17T08:06:57","slug":"coucke-tegen-de-bureaucratie-coucke-contre-la-bureaucratie","status":"publish","type":"post","link":"https:\/\/www.unionbelge.be\/?p=9349","title":{"rendered":"COUCKE TEGEN DE BUREAUCRATIE &#8211; COUCKE CONTRE LA BUREAUCRATIE"},"content":{"rendered":"<p><b><span style=\"color: #000000; font-family: Calibri; font-size: medium;\">AFSCHAFFING FEDERALISME<\/span><\/b><\/p>\n<p><b><span style=\"color: #000000; font-family: Calibri; font-size: medium;\">De Belgische Omega Pharma-topman Marc Coucke verkocht begin november 2014 de aandelen van zijn bedrijf aan Amerikaanse investeerders. Dat gebeurde zonder belasting op de meerwaarde omdat het hier om een normaal bedrijfsbeheer gaat. Hij kreeg kritiek voor deze belastingvrijstelling, maar volgens de B.U.B. was zijn reactie grotendeels terecht. <\/span><\/b><\/p>\n<p><span style=\"color: #000000; font-family: Calibri; font-size: medium;\">Coucke verweerde zich op een persconferentie naar aanleiding van de verkoop van het door hem opgerichte farmabedrijf aan het Amerikaanse bedrijf Perrigo. Deze onderneming betaalt 2,48 miljard euro en neemt 1,1 miljard euro schulden over. Coucke zelf incasseert 1,24 miljard, de helft contant en de helft in aandelen. Op dat bedrag moet de Belg door het ontbreken van een meerwaardebelasting op aandelen in Belgi\u00eb geen belasting betalen. <\/span><\/p>\n<p><span style=\"font-family: Calibri;\"><span style=\"font-size: medium;\"><span style=\"color: #000000;\">Coucke gaf aan de ophef te begrijpen, maar noemde Belgi\u00eb \u2018<i>een vreselijk ineffici\u00ebnt land\u2019<\/i><\/span><\/span><span style=\"color: #000000; font-size: medium;\">. <\/span><i><span style=\"color: #000000; font-size: medium;\">\u2018Ik heb me 27 jaar lang door bureaucratie geworsteld. Ik heb 27 jaar lang de nadelen ondervonden. En nu komt daar het enige voordeel waar ik kan van profiteren.\u201d <\/span><\/i><span style=\"color: #000000; font-size: medium;\">Coucke verwees ook expliciet naar de loonkosten in ons land. \u2018<\/span><i><span style=\"color: #000000; font-size: medium;\">Mensen verdienen hier niet te veel, maar ze kosten te veel\u2019.<\/span><\/i><span style=\"color: #000000; font-size: medium;\"> Hij riep dan ook op om een aantal \u2018ineffici\u00ebnties\u2019 weg te werken. Als voorbeelden <\/span><span style=\"color: #000000; font-size: medium;\">verwees Coucke ondermeer naar de bureaucratie<\/span><span style=\"color: #000000; font-size: medium;\">.<\/span><\/span><\/p>\n<p><span style=\"color: #000000; font-family: Calibri; font-size: medium;\">De B.U.B. geeft Coucke gelijk wat zijn kritiek op de bureaucratie betreft. Het is onaanvaardbaar dat de particratie, die wel een monopolie op de macht in Belgi\u00eb lijkt te hebben, nieuwe belastingen invoert zolang het bureaucratische federalisme niet is afgeschaft. Dat Coucke nu profiteert van een bestaande fiscale vrijstelling is dus niet meer dan normaal na alle belastingen die hij en zijn bedrijf al hebben moeten betalen.<\/span><\/p>\n<p><span style=\"font-size: medium;\"><span style=\"color: #000000;\"><span style=\"font-family: Calibri;\">Dat heeft echter niets te maken met de afschaffing van de senaat en de provincies zoals de ex-shampoo-verkoper Coucke verder ook nog voorstelde. Onder het unitaire Belgi\u00eb met 9 provincies, kamer en senaat werd Belgi\u00eb immers de vijfde grootste economische macht van de wereld eind negentiende eeuw en bleef dat tot de Duitse inval van 1914. Ook daarna kende het unitaire Belgi\u00eb nog hoogdagen tot de oliecrisis van 1973 en het federalisme van 1980. Ondernemer Coucke is op slag schatrijk geworden, maar heeft daardoor nog niet alle waarheid in pacht.<b> <\/b><\/span><\/span><\/span><\/p>\n<p><b><span style=\"color: #000000; font-family: Calibri; font-size: medium;\">Belgi\u00eb moet af van de overbodige, dure, ingewikkelde en schadelijke gewesten en gemeenschappen. Deze afschaffing kan de Belgische staat minimum 10 miljard euro per jaar opleveren. De negen historische provincies en de nationale staat kunnen perfect de rol van de gewesten en gemeenschappen overnemen. <\/span><\/b><\/p>\n<p><span style=\"color: #000000; font-family: Calibri; font-size: medium;\">\u00a0<\/span><\/p>\n<p><span style=\"font-size: medium;\"><span style=\"color: #000000;\"><span style=\"font-family: Calibri;\"><b>SUPPRESSION DU FEDERALISME<\/b><\/span><\/span><\/span><\/p>\n<p><b><span style=\"color: #000000; font-family: Calibri; font-size: medium;\">Marc Coucke, le dirigeant belge d\u2019Omega Pharma, a vendu d\u00e9but novembre 2014 les actions de son entreprise \u00e0 des investisseurs am\u00e9ricains. L\u2019op\u00e9ration pouvait se faire sans taxation sur la plus-value parce qu\u2019il s\u2019agit d\u2019un acte de gestion normal. Il a essuy\u00e9 des critiques pour cette exemption d\u2019imp\u00f4t, mais selon le B.U.B. sa r\u00e9action \u00e9tait en grande partie justifi\u00e9e.<\/span><\/b><\/p>\n<p><span style=\"color: #000000; font-family: Calibri; font-size: medium;\">Coucke se d\u00e9fendait \u00e0 une conf\u00e9rence de presse \u00e0 l\u2019occasion de la vente de l\u2019entreprise pharmaceutique qu\u2019il avait fond\u00e9e lui-m\u00eame \u00e0 l\u2019entreprise am\u00e9ricaine Perrigo. Cette firme paye 2,48 milliards d\u2019euros et reprend 1,1 milliards d\u2019euros de dettes. Coucke lui-m\u00eame encaisse 1,24 milliards, la moiti\u00e9 au comptant et l\u2019autre moiti\u00e9 en actions. Sur ce montant, le Belge ne doit pas payer d\u2019imp\u00f4ts en raison de l\u2019absence en Belgique d\u2019une taxe sur la plus-value sur les actions. <\/span><\/p>\n<p><span style=\"font-family: Calibri;\"><span style=\"font-size: medium;\"><span style=\"color: #000000;\">Coucke avouait comprendre la critique, mais d\u00e9finissait la Belgique comme <i>\u2018un pays extr\u00eamement inefficace\u2019.<\/i><\/span><\/span><i><span style=\"color: #000000; font-size: medium;\">\u2018Je me suis fray\u00e9 un chemin \u00e0 travers la bureaucratie pendant 27 ans. J\u2019ai subi les inconv\u00e9nients pendant 27 ans. Et maintenant, il y a le seul avantage dont je peux profiter.\u2019<\/span><\/i><span style=\"color: #000000; font-size: medium;\"> Coucke montra aussi du doigt les co\u00fbts salariaux dans notre pays. <\/span><i><span style=\"color: #000000; font-size: medium;\">\u2018Les gens ne gagnent pas trop, mais ils co\u00fbtent trop cher.\u2019<\/span><\/i><span style=\"color: #000000; font-size: medium;\"> Il lan\u00e7ait donc un appel \u00e0 la suppression de certaines \u2018inefficacit\u00e9s\u2019. A titre d\u2019exemple, Coucke citait notamment la bureaucratie.<\/span><\/span><\/p>\n<p><span style=\"color: #000000; font-family: Calibri; font-size: medium;\">Le B.U.B. donne raison \u00e0 Coucke en ce qui concerne sa critique sur la bureaucratie. Il est inacceptable que la particratie, qui semble d\u00e9tenir un monopole sur le pouvoir en Belgique, introduise de nouveaux imp\u00f4ts aussi longtemps que le f\u00e9d\u00e9ralisme bureaucratique n\u2019est pas supprim\u00e9. Le fait que Coucke profite maintenant d\u2019une exemption fiscale existante est donc tout \u00e0 fait normal apr\u00e8s tous les imp\u00f4ts que lui et son entreprise ont d\u00e9j\u00e0 d\u00fb payer. <\/span><\/p>\n<p><span style=\"font-family: Calibri;\"><span style=\"color: #000000;\"><span style=\"font-size: medium;\">Cela n\u2019a pourtant rien \u00e0 voir avec la suppression du s\u00e9nat et des provinces comme Coucke, ancien vendeur de shampooing, le proposait encore. En effet, la Belgique unitaire avec ses 9 provinces, sa chambre et son s\u00e9nat devint le cinqui\u00e8me pouvoir \u00e9conomique du monde \u00e0 la fin du 19<\/span><sup><span style=\"font-size: small;\">i\u00e8me<\/span><\/sup><\/span><span style=\"color: #000000; font-size: medium;\"> si\u00e8cle et le resta jusqu\u2019\u00e0 l\u2019invasion allemande en 1914. Aussi apr\u00e8s, la Belgique unitaire connut encore une p\u00e9riode glorieuse jusqu\u2019\u00e0 la crise p\u00e9troli\u00e8re de 1973 et le f\u00e9d\u00e9ralisme de 1980. Certes, l\u2019entrepreneur Coucke est devenu richissime d\u2019un coup, mais cela ne veut pas dire qu\u2019il a la science infuse. <\/span><\/span><\/p>\n<p><b><span style=\"color: #000000; font-family: Calibri; font-size: medium;\">La Belgique doit se d\u00e9barrasser de ses communaut\u00e9s et r\u00e9gions inutiles, co\u00fbteuses, compliqu\u00e9es et nuisibles. Cette suppression peut rapporter au moins 10 milliards d\u2019euros par an \u00e0 l\u2019Etat belge. Les neuf provinces historiques et l\u2019Etat national peuvent parfaitement reprendre le r\u00f4le des r\u00e9gions et communaut\u00e9s. <\/span><\/b><\/p>\n","protected":false},"excerpt":{"rendered":"<p>De Belgische Omega Pharma-topman Marc Coucke verkocht begin november 2014 de aandelen van zijn bedrijf aan Amerikaanse investeerders. Dat gebeurde zonder belasting op de meerwaarde omdat het hier om een normaal bedrijfsbeheer gaat. Hij kreeg kritiek voor deze belastingvrijstelling, maar volgens de B.U.B. was zijn reactie grotendeels terecht. <\/p>\n<p>Marc Coucke, le dirigeant belge d\u2019Omega Pharma, a vendu d\u00e9but novembre 2014 les actions de son entreprise \u00e0 des investisseurs am\u00e9ricains. L\u2019op\u00e9ration pouvait se faire sans taxation sur la plus-value parce qu\u2019il s\u2019agit d\u2019un acte de gestion normal. Il a essuy\u00e9 des critiques pour cette exemption d\u2019imp\u00f4t, mais selon le B.U.B. sa r\u00e9action \u00e9tait en grande partie justifi\u00e9e.<\/p>\n","protected":false},"author":2,"featured_media":0,"comment_status":"closed","ping_status":"closed","sticky":false,"template":"","format":"standard","meta":{"ngg_post_thumbnail":0,"jetpack_post_was_ever_published":false,"_jetpack_newsletter_access":"","_jetpack_dont_email_post_to_subs":true,"_jetpack_newsletter_tier_id":0,"_jetpack_memberships_contains_paywalled_content":false,"powered_cache_disable_cache":false,"_jetpack_memberships_contains_paid_content":false,"footnotes":"","jetpack_publicize_message":"","jetpack_publicize_feature_enabled":true,"jetpack_social_post_already_shared":false,"jetpack_social_options":{"image_generator_settings":{"template":"highway","default_image_id":0,"font":"","enabled":false},"version":2}},"categories":[1],"tags":[],"class_list":["post-9349","post","type-post","status-publish","format-standard","hentry","category-news0"],"jetpack_publicize_connections":[],"jetpack_featured_media_url":"","jetpack_sharing_enabled":true,"jetpack_shortlink":"https:\/\/wp.me\/p6Y7u0-2qN","jetpack_likes_enabled":false,"_links":{"self":[{"href":"https:\/\/www.unionbelge.be\/index.php?rest_route=\/wp\/v2\/posts\/9349","targetHints":{"allow":["GET"]}}],"collection":[{"href":"https:\/\/www.unionbelge.be\/index.php?rest_route=\/wp\/v2\/posts"}],"about":[{"href":"https:\/\/www.unionbelge.be\/index.php?rest_route=\/wp\/v2\/types\/post"}],"author":[{"embeddable":true,"href":"https:\/\/www.unionbelge.be\/index.php?rest_route=\/wp\/v2\/users\/2"}],"replies":[{"embeddable":true,"href":"https:\/\/www.unionbelge.be\/index.php?rest_route=%2Fwp%2Fv2%2Fcomments&post=9349"}],"version-history":[{"count":12,"href":"https:\/\/www.unionbelge.be\/index.php?rest_route=\/wp\/v2\/posts\/9349\/revisions"}],"predecessor-version":[{"id":11292,"href":"https:\/\/www.unionbelge.be\/index.php?rest_route=\/wp\/v2\/posts\/9349\/revisions\/11292"}],"wp:attachment":[{"href":"https:\/\/www.unionbelge.be\/index.php?rest_route=%2Fwp%2Fv2%2Fmedia&parent=9349"}],"wp:term":[{"taxonomy":"category","embeddable":true,"href":"https:\/\/www.unionbelge.be\/index.php?rest_route=%2Fwp%2Fv2%2Fcategories&post=9349"},{"taxonomy":"post_tag","embeddable":true,"href":"https:\/\/www.unionbelge.be\/index.php?rest_route=%2Fwp%2Fv2%2Ftags&post=9349"}],"curies":[{"name":"wp","href":"https:\/\/api.w.org\/{rel}","templated":true}]}}