{"id":927,"date":"2006-09-25T01:19:19","date_gmt":"2006-09-24T23:19:19","guid":{"rendered":"http:\/\/www.unionbelge.be\/?p=927"},"modified":"2010-09-04T01:20:44","modified_gmt":"2010-09-03T23:20:44","slug":"le-parquet-bruxellois-au-parlement-flamand-brussels-parket-naar-vlaams-parlement","status":"publish","type":"post","link":"https:\/\/www.unionbelge.be\/?p=927","title":{"rendered":"LE PARQUET BRUXELLOIS AU PARLEMENT FLAMAND &#8211; BRUSSELS PARKET NAAR VLAAMS PARLEMENT"},"content":{"rendered":"<p><strong>BRUSSELS PARKET NAAR VLAAMS    PARLEMENT<\/strong><\/p>\n<p>Het Brussels parket kampt met een enorm gebrek    aan plaats en aan moderne uitrusting. Dat leidt tot frustratie en demotivatie    bij de magistraten, wat deels de gerechtelijke achterstand verklaart.\u00a0 Er zijn verhuisplannen, maar de B.U.B.    vindt het zonde om nieuwe kosten te maken terwijl er genoeg ruime en moderne    overheidsgebouwen bestaan, zoals bijvoorbeeld de parlementen van gewesten en    gemeenschappen.<\/p>\n<p>Deze instellingen zijn totaal nutteloos want men kan    hun bevoegdheden overhevelen naar de federale staat en de provincies.    Bovendien voelen de meeste van die parlementairen zichzelf ook overbodig en is    de sfeer er saai, zeggen ze.<\/p>\n<p>Daarom stelt de B.U.B. voor het Parket van Brussel te    verhuizen naar het mooie gebouw van het Vlaams Parlement en zijn annex, het    vroegere gerenoveerde postgebouw (\u201cDe Loketten\u201d) in het centrum van Brussel.    Dit laatste gebouw staat trouwens het meeste van de tijd leeg. De bevolking en    de staatskas kunnen er alleen maar baat bij    hebben.<\/p>\n<p><strong>LE PARQUET    BRUXELLOIS AU PARLEMENT FLAMAND<\/strong><\/p>\n<p>Le parquet bruxellois souffre d\u2019un \u00e9norme manque    d\u2019espace et d\u2019\u00e9quipement moderne. Cela provoque une frustration chez les    magistrats et les d\u00e9motive, ce qui explique en partie l\u2019arri\u00e9r\u00e9 judiciaire. Il    y a des projets de d\u00e9m\u00e9nagement, mais le B.U.B. regrette que l\u2019on expose de    nouveaux frais tandis qu\u2019il existe suffisamment de b\u00e2timents administratifs    spacieux et modernes, comme par exemple les parlements des r\u00e9gions et    communaut\u00e9s.<\/p>\n<p>Ces institutions sont totalement inutiles car leurs    comp\u00e9tences peuvent \u00eatre transf\u00e9r\u00e9es vers l\u2019Etat f\u00e9d\u00e9ral et les provinces. En    outre, la plupart des parlementaires se sentent eux-m\u00eames superflus et    l\u2019atmosph\u00e8re y est ennuyeuse, disent-ils.<\/p>\n<p>Voil\u00e0 pourquoi le B.U.B. propose de d\u00e9m\u00e9nager le    Parquet de Bruxelles vers le beau b\u00e2timent du Parlement flamand et son annexe,    l\u2019ancien bureau de la poste r\u00e9nov\u00e9 (\u00ab\u00a0De Loketten\u00a0\u00bb) au centre de    Bruxelles. Ce dernier b\u00e2timent est d\u2019ailleurs vide la plupart du temps. La    population et la caisse de l\u2019Etat ne peuvent qu\u2019en    profiter.<\/p>\n","protected":false},"excerpt":{"rendered":"<p>BRUSSELS PARKET NAAR VLAAMS PARLEMENT Het Brussels parket kampt met een enorm gebrek aan plaats [&hellip;]<\/p>\n","protected":false},"author":2,"featured_media":0,"comment_status":"closed","ping_status":"open","sticky":false,"template":"","format":"standard","meta":{"ngg_post_thumbnail":0,"jetpack_post_was_ever_published":false,"_jetpack_newsletter_access":"","_jetpack_dont_email_post_to_subs":false,"_jetpack_newsletter_tier_id":0,"_jetpack_memberships_contains_paywalled_content":false,"powered_cache_disable_cache":false,"_jetpack_memberships_contains_paid_content":false,"footnotes":"","jetpack_publicize_message":"","jetpack_publicize_feature_enabled":true,"jetpack_social_post_already_shared":false,"jetpack_social_options":{"image_generator_settings":{"template":"highway","default_image_id":0,"font":"","enabled":false},"version":2}},"categories":[1],"tags":[],"class_list":["post-927","post","type-post","status-publish","format-standard","hentry","category-news0"],"jetpack_publicize_connections":[],"jetpack_featured_media_url":"","jetpack_sharing_enabled":true,"jetpack_shortlink":"https:\/\/wp.me\/p6Y7u0-eX","jetpack_likes_enabled":false,"_links":{"self":[{"href":"https:\/\/www.unionbelge.be\/index.php?rest_route=\/wp\/v2\/posts\/927","targetHints":{"allow":["GET"]}}],"collection":[{"href":"https:\/\/www.unionbelge.be\/index.php?rest_route=\/wp\/v2\/posts"}],"about":[{"href":"https:\/\/www.unionbelge.be\/index.php?rest_route=\/wp\/v2\/types\/post"}],"author":[{"embeddable":true,"href":"https:\/\/www.unionbelge.be\/index.php?rest_route=\/wp\/v2\/users\/2"}],"replies":[{"embeddable":true,"href":"https:\/\/www.unionbelge.be\/index.php?rest_route=%2Fwp%2Fv2%2Fcomments&post=927"}],"version-history":[{"count":2,"href":"https:\/\/www.unionbelge.be\/index.php?rest_route=\/wp\/v2\/posts\/927\/revisions"}],"predecessor-version":[{"id":929,"href":"https:\/\/www.unionbelge.be\/index.php?rest_route=\/wp\/v2\/posts\/927\/revisions\/929"}],"wp:attachment":[{"href":"https:\/\/www.unionbelge.be\/index.php?rest_route=%2Fwp%2Fv2%2Fmedia&parent=927"}],"wp:term":[{"taxonomy":"category","embeddable":true,"href":"https:\/\/www.unionbelge.be\/index.php?rest_route=%2Fwp%2Fv2%2Fcategories&post=927"},{"taxonomy":"post_tag","embeddable":true,"href":"https:\/\/www.unionbelge.be\/index.php?rest_route=%2Fwp%2Fv2%2Ftags&post=927"}],"curies":[{"name":"wp","href":"https:\/\/api.w.org\/{rel}","templated":true}]}}