{"id":924,"date":"2006-09-29T01:15:47","date_gmt":"2006-09-28T23:15:47","guid":{"rendered":"http:\/\/www.unionbelge.be\/?p=924"},"modified":"2010-09-04T01:18:09","modified_gmt":"2010-09-03T23:18:09","slug":"de-b-u-b-heeft-enige-tweetalige-lijst-in-ukkel-le-b-u-b-a-la-seule-liste-bilingue-a-uccle","status":"publish","type":"post","link":"https:\/\/www.unionbelge.be\/?p=924","title":{"rendered":"DE B.U.B. HEEFT ENIGE TWEETALIGE LIJST IN UKKEL &#8211; LE B.U.B. A LA SEULE LISTE BILINGUE A UCCLE"},"content":{"rendered":"<p><strong>DE B.U.B. HEEFT ENIGE TWEETALIGE LIJST IN UKKEL<\/strong><\/p>\n<p>Is het toeval of niet? De B.U.B., verdediger van Belgi\u00eb, is de enige partij met een tweetalige (en dus ook Nederlandstalige) kieslijst te Ukkel (nr. 15: BELG.UNIE-BUB). Lijsttrekker is immers Hans Van de Cauter, nationaal voorzitter van de B.U.B. en lijstduwer is J\u00e9r\u00e9my Longheval, een Franstalige, die ook goed Nederlands spreekt.<\/p>\n<p>De andere lijsten zijn allemaal \u00e9\u00e9ntalig Frans en verdedigen niet de eenheid van Belgi\u00eb zoals de B.U.B..<\/p>\n<p>Voor Ukkel wenst de B.U.B. vooral de aanleg van een metrolijn om het verkeer te ontlasten alsook propere en veilige wegen en trottoirs.<\/p>\n<p>De partij wenst ook een fusie van de 19 Brusselse gemeenten, de hereniging van de provincie Brabant en de afschaffing van de gewesten, waaronder het Brusselse.<\/p>\n<p><strong>LE B.U.B. A LA SEULE LISTE BILINGUE A UCCLE<\/strong><\/p>\n<p>Le hasard ou pas\u00a0? Le B.U.B., d\u00e9fenseur de la Belgique, est le seul parti qui a une liste \u00e9lectorale bilingue (et donc aussi n\u00e9erlandophone) \u00e0 Uccle (n\u00b0 15\u00a0: BELG.UNIE-BUB). T\u00eate de liste est en effet Hans Van de Cauter, pr\u00e9sident national du B.U.B. et le troisi\u00e8me candidat est J\u00e9r\u00e9my Longheval, un Francophone, qui parle \u00e9galement bien le N\u00e9erlandais.<\/p>\n<p>Les autres listes sont toutes unilingues francophones et ne d\u00e9fendent pas l\u2019unit\u00e9 de la  Belgique, comme le B.U.B..<\/p>\n<p>Pour Uccle, le B.U.B. souhaite surtout l\u2019am\u00e9nagement d\u2019une ligne de m\u00e9tro pour d\u00e9sengorger le traffic ainsi que des routes et des trottoirs plus propres et plus s\u00fbrs.<\/p>\n<p>Le parti pr\u00f4ne aussi la fusion des 19 communes bruxelloises, la r\u00e9unification de la province du Brabant et la suppression des r\u00e9gions, dont celle de Bruxelles-Capitale.<\/p>\n","protected":false},"excerpt":{"rendered":"<p>DE B.U.B. HEEFT ENIGE TWEETALIGE LIJST IN UKKEL Is het toeval of niet? De B.U.B., [&hellip;]<\/p>\n","protected":false},"author":2,"featured_media":0,"comment_status":"closed","ping_status":"open","sticky":false,"template":"","format":"standard","meta":{"ngg_post_thumbnail":0,"jetpack_post_was_ever_published":false,"_jetpack_newsletter_access":"","_jetpack_dont_email_post_to_subs":false,"_jetpack_newsletter_tier_id":0,"_jetpack_memberships_contains_paywalled_content":false,"powered_cache_disable_cache":false,"_jetpack_memberships_contains_paid_content":false,"footnotes":"","jetpack_publicize_message":"","jetpack_publicize_feature_enabled":true,"jetpack_social_post_already_shared":false,"jetpack_social_options":{"image_generator_settings":{"template":"highway","default_image_id":0,"font":"","enabled":false},"version":2}},"categories":[1],"tags":[],"class_list":["post-924","post","type-post","status-publish","format-standard","hentry","category-news0"],"jetpack_publicize_connections":[],"jetpack_featured_media_url":"","jetpack_sharing_enabled":true,"jetpack_shortlink":"https:\/\/wp.me\/p6Y7u0-eU","jetpack_likes_enabled":false,"_links":{"self":[{"href":"https:\/\/www.unionbelge.be\/index.php?rest_route=\/wp\/v2\/posts\/924","targetHints":{"allow":["GET"]}}],"collection":[{"href":"https:\/\/www.unionbelge.be\/index.php?rest_route=\/wp\/v2\/posts"}],"about":[{"href":"https:\/\/www.unionbelge.be\/index.php?rest_route=\/wp\/v2\/types\/post"}],"author":[{"embeddable":true,"href":"https:\/\/www.unionbelge.be\/index.php?rest_route=\/wp\/v2\/users\/2"}],"replies":[{"embeddable":true,"href":"https:\/\/www.unionbelge.be\/index.php?rest_route=%2Fwp%2Fv2%2Fcomments&post=924"}],"version-history":[{"count":2,"href":"https:\/\/www.unionbelge.be\/index.php?rest_route=\/wp\/v2\/posts\/924\/revisions"}],"predecessor-version":[{"id":926,"href":"https:\/\/www.unionbelge.be\/index.php?rest_route=\/wp\/v2\/posts\/924\/revisions\/926"}],"wp:attachment":[{"href":"https:\/\/www.unionbelge.be\/index.php?rest_route=%2Fwp%2Fv2%2Fmedia&parent=924"}],"wp:term":[{"taxonomy":"category","embeddable":true,"href":"https:\/\/www.unionbelge.be\/index.php?rest_route=%2Fwp%2Fv2%2Fcategories&post=924"},{"taxonomy":"post_tag","embeddable":true,"href":"https:\/\/www.unionbelge.be\/index.php?rest_route=%2Fwp%2Fv2%2Ftags&post=924"}],"curies":[{"name":"wp","href":"https:\/\/api.w.org\/{rel}","templated":true}]}}