{"id":9135,"date":"2014-09-01T12:38:33","date_gmt":"2014-09-01T10:38:33","guid":{"rendered":"http:\/\/www.unionbelge.be\/?p=9135"},"modified":"2016-05-14T21:57:19","modified_gmt":"2016-05-14T20:57:19","slug":"la-comgauckmemoration-du-debut-de-la-premiere-guerre-mondiale-de-herdenking-van-het-van-de-eerste-wereldoorlog","status":"publish","type":"post","link":"https:\/\/www.unionbelge.be\/?p=9135","title":{"rendered":"LA COMMEMORATION DU DEBUT DE LA PREMI\u00c8RE GUERRE MONDIALE  &#8211; DE HERDENKING VAN HET BEGIN VAN DE EERSTE WERELDOORLOG"},"content":{"rendered":"<p><strong><strong>LA COMMEMORATION DU DEBUT DE LA PREMI\u00c8RE GUERRE MONDIALE\u00a0 <\/strong><\/strong><\/p>\n<p><strong>Le 4 ao\u00fbt 2014, une impressionnante c\u00e9r\u00e9monie comm\u00e9morative \u00e9tait tenue \u00e0 Li\u00e8ge \u00e0 l\u2019occasion de l&#8217;invasion allemande 100 ans auparavant.<\/strong><\/p>\n<p>Le Roi Philippe y a salu\u00e9 plusieurs dignitaires europ\u00e9ens, dont les pr\u00e9sidents de la France, de l&#8217;Allemagne et de l&#8217;Autriche, le Roi d&#8217;Espagne, le premier ministre britannique Cameron et le prince William du Royaume-Uni. Dans plusieurs discours, l&#8217;accent a \u00e9t\u00e9 mis sur les liens d&#8217;amiti\u00e9 existant entre les anciens ennemis et sur l&#8217;h\u00e9ro\u00efsme de la Belgique en 1914.<\/p>\n<p>A partir de Li\u00e8ge les dignitaires se sont rendus \u00e0 Louvain et \u00e0 Mons, des villes qui ont \u00e9galement souffert de la guerre, y compris des civils.<\/p>\n<p>Lors d&#8217;une c\u00e9r\u00e9monie \u00e0 l&#8217;Universit\u00e9 de Louvain une plaque comm\u00e9morative fut d\u00e9voil\u00e9e. Le pr\u00e9sident allemand Joachim Gauck y a reconnu la responsabilit\u00e9 pour les crimes de guerre de son pays. Malheureusement, il n&#8217;a pas reconnu la culpabilit\u00e9 historique de l&#8217;Allemagne pour la fondation du nationalisme flamand antibelge (<a href=\"https:\/\/www.unionbelge.be\/?p=9064\">voir notre texte<\/a>).<\/p>\n<p>A Mons, les dignitaires ont visit\u00e9 le cimeti\u00e8re militaire de Saint-Symforien.<\/p>\n<p>Apr\u00e8s 100 ans, la Premi\u00e8re Guerre mondiale, la r\u00e9sistance courageuse de l&#8217;arm\u00e9e belge et les lourds sacrifices de la population belge ne sont pas oubli\u00e9s.<\/p>\n<p><strong>\u00a0<\/strong><br \/>\n<strong>DE HERDENKING VAN HET BEGIN VAN DE EERSTE WERELDOORLOG <\/strong><\/p>\n<p><strong>Op 4 augustus 2014 werd te Luik een indrukwekkende herdenkingsplechtigheid gehouden n.a.v. de Duitse inval 100 jaar eerder.<\/strong><\/p>\n<p>Koning Filip begroette er verschillende Europese excellenties, waaronder de presidenten van Frankrijk, Duitsland en Oostenrijk, de Koning van Spanje, de Britse premier Cameron en prins William van het Verenigd Koninkrijk. In verschillende toespraken werd de nadruk gelegd op de huidige vriendschapsbanden tussen vroegere vijanden en op de heldenmoed van Belgi\u00eb in 1914.<\/p>\n<p>Vanuit Luik trokken de hoogwaardigheidsbekleders naar Leuven en Bergen, steden die ook onder het oorlogsgeweld geleden hebben, m.i.v. de burgerbevolking.<\/p>\n<p>Tijdens een ceremonie werd in de Leuvense universiteit een gedenkplaat onthuld, waarbij de Duitse president Gauck de schuld van zijn land voor de oorlogsmisdaden erkende. Jammer genoeg erkende hij niet de historische schuld van Duitsland voor de totstandkoming van het antibelgische Vlaams-nationalisme (<a href=\"https:\/\/www.unionbelge.be\/?p=9064\">zie onze tekst<\/a>).<\/p>\n<p>In Bergen bezochten de excellenties het militair kerkhof van Saint-Symforien.<\/p>\n<p>Na 100 jaar zijn de Eerste Wereldoorlog, de dappere weerstand van het Belgisch leger en de zware opofferingen van de Belgische bevolking niet vergeten.<\/p>\n","protected":false},"excerpt":{"rendered":"<p>Le 4 ao\u00fbt 2014, une impressionnante c\u00e9r\u00e9monie comm\u00e9morative \u00e9tait tenue \u00e0 Li\u00e8ge \u00e0 l\u2019occasion de l&#8217;invasion allemande 100 ans auparavant. <\/p>\n<p>Op 4 augustus 2014 werd te Luik een indrukwekkende herdenkingsplechtigheid gehouden n.a.v. de Duitse inval 100 jaar eerder.<\/p>\n","protected":false},"author":2,"featured_media":0,"comment_status":"closed","ping_status":"closed","sticky":false,"template":"","format":"standard","meta":{"ngg_post_thumbnail":0,"jetpack_post_was_ever_published":false,"_jetpack_newsletter_access":"","_jetpack_dont_email_post_to_subs":false,"_jetpack_newsletter_tier_id":0,"_jetpack_memberships_contains_paywalled_content":false,"powered_cache_disable_cache":false,"_jetpack_memberships_contains_paid_content":false,"footnotes":"","jetpack_publicize_message":"","jetpack_publicize_feature_enabled":true,"jetpack_social_post_already_shared":false,"jetpack_social_options":{"image_generator_settings":{"template":"highway","default_image_id":0,"font":"","enabled":false},"version":2}},"categories":[7,5],"tags":[],"class_list":["post-9135","post","type-post","status-publish","format-standard","hentry","category-history","category-opinions"],"jetpack_publicize_connections":[],"jetpack_featured_media_url":"","jetpack_sharing_enabled":true,"jetpack_shortlink":"https:\/\/wp.me\/p6Y7u0-2nl","jetpack_likes_enabled":false,"_links":{"self":[{"href":"https:\/\/www.unionbelge.be\/index.php?rest_route=\/wp\/v2\/posts\/9135","targetHints":{"allow":["GET"]}}],"collection":[{"href":"https:\/\/www.unionbelge.be\/index.php?rest_route=\/wp\/v2\/posts"}],"about":[{"href":"https:\/\/www.unionbelge.be\/index.php?rest_route=\/wp\/v2\/types\/post"}],"author":[{"embeddable":true,"href":"https:\/\/www.unionbelge.be\/index.php?rest_route=\/wp\/v2\/users\/2"}],"replies":[{"embeddable":true,"href":"https:\/\/www.unionbelge.be\/index.php?rest_route=%2Fwp%2Fv2%2Fcomments&post=9135"}],"version-history":[{"count":6,"href":"https:\/\/www.unionbelge.be\/index.php?rest_route=\/wp\/v2\/posts\/9135\/revisions"}],"predecessor-version":[{"id":10360,"href":"https:\/\/www.unionbelge.be\/index.php?rest_route=\/wp\/v2\/posts\/9135\/revisions\/10360"}],"wp:attachment":[{"href":"https:\/\/www.unionbelge.be\/index.php?rest_route=%2Fwp%2Fv2%2Fmedia&parent=9135"}],"wp:term":[{"taxonomy":"category","embeddable":true,"href":"https:\/\/www.unionbelge.be\/index.php?rest_route=%2Fwp%2Fv2%2Fcategories&post=9135"},{"taxonomy":"post_tag","embeddable":true,"href":"https:\/\/www.unionbelge.be\/index.php?rest_route=%2Fwp%2Fv2%2Ftags&post=9135"}],"curies":[{"name":"wp","href":"https:\/\/api.w.org\/{rel}","templated":true}]}}