{"id":9111,"date":"2014-08-23T15:26:01","date_gmt":"2014-08-23T13:26:01","guid":{"rendered":"http:\/\/www.unionbelge.be\/?p=9111"},"modified":"2016-01-22T15:44:35","modified_gmt":"2016-01-22T14:44:35","slug":"black-outs-oplossen-door-unitarisme-resoudre-les-black-out-par-lunitarisme","status":"publish","type":"post","link":"https:\/\/www.unionbelge.be\/?p=9111","title":{"rendered":"BLACK-OUTS OPLOSSEN DOOR UNITARISME &#8211; RESOUDRE LES &#8216;BLACK-OUT&#8217; PAR L&#8217;UNITARISME"},"content":{"rendered":"<figure id=\"attachment_9112\" aria-describedby=\"caption-attachment-9112\" style=\"width: 266px\" class=\"wp-caption alignleft\"><a href=\"https:\/\/www.unionbelge.be\/wp-content\/uploads\/2014\/08\/Tihange.jpg\"><img loading=\"lazy\" decoding=\"async\" class=\"wp-image-9112 size-full\" src=\"https:\/\/www.unionbelge.be\/wp-content\/uploads\/2014\/08\/Tihange.jpg\" alt=\"De kerncentrale van Tihange - la centrale nucl\u00e9aire de Tihange\" width=\"266\" height=\"173\" data-wp-pid=\"9112\" \/><\/a><figcaption id=\"caption-attachment-9112\" class=\"wp-caption-text\">La centrale nucl\u00e9aire de Tihange &#8211; De kerncentrale van Tihange (nl.wikipedia.org)<\/figcaption><\/figure>\n<p><span style=\"font-family: Calibri;\"><b><span style=\"color: #000000; font-size: medium;\">LE PROBLEME ENERGETIQUE EST UN PROBLEME GENERE PAR LE FEDERALISME<\/span><\/b><\/span><\/p>\n<p><b><span style=\"color: #000000; font-family: Calibri; font-size: medium;\">Par la mise \u00e0 l\u2019arr\u00eat de plusieurs r\u00e9acteurs nucl\u00e9aires, la Belgique risque des coupures d\u2019\u00e9lectricit\u00e9 (un \u2018black-out\u2019) pendant l\u2019hiver. Pour le B.U.B., cette situation est incompr\u00e9hensible et inacceptable vu les gaspillages budg\u00e9taires, notamment en raison du f\u00e9d\u00e9ralisme linguistique. Ce syst\u00e8me est m\u00eame l&#8217;une des causes de ce manque d&#8217;\u00e9lectricit\u00e9 vu qu&#8217;il emp\u00eache les politiques de s&#8217;occuper de l&#8217;essentiel de la gestion de l&#8217;Etat: les besoins primaires des citoyens.<\/span><\/b><\/p>\n<p><span style=\"font-family: Calibri;\"><span style=\"color: #000000; font-size: medium;\">En \u00e9t\u00e9, la Belgique a besoin de 6.000 \u00e0 8.500 m\u00e9gawatt (MW) d\u2019\u00e9lectricit\u00e9. En hiver, ce besoin peut atteindre un pic de 14.000 MW. Il y a chez nous 7 r\u00e9acteurs nucl\u00e9aires, r\u00e9partis sur deux centrales nucl\u00e9aires, 4 \u00e0 Doel (une section de la commune de Beveren dans la province de Flandre orientale) et 3 \u00e0 Tihange (une section de la commune de Huy dans la province de Li\u00e8ge). Ensemble, ils peuvent produire environ 5.900 MW, ce qui est assez pour pourvoir \u00e0 50 \u00e0 60% des besoins d\u2019\u00e9lectricit\u00e9 en Belgique. Les autres sources de production sont les centrales \u00e0 gaz et \u00e0 vapeur ainsi que les \u00e9nergies renouvelables (\u00e9oliennes, panneaux solaires, centrales hydrauliques). La Belgique ach\u00e8te le solde d\u2019\u00e9lectricit\u00e9 \u00e0 l\u2019\u00e9tranger (23,5% en mai 2014). Cependant, 3 des r\u00e9acteurs nucl\u00e9aires sont actuellement \u00e0 l\u2019arr\u00eat dont 2 pour des raisons de s\u00e9curit\u00e9 et d\u2019entretien et 1 \u00e0 la suite d\u2019un acte de sabotage qui n\u00e9cessite des r\u00e9parations. Par cons\u00e9quent, l\u2019\u00e9lectricit\u00e9 produite par le nucl\u00e9aire a baiss\u00e9 de plus de 50%. Electrabel pourra \u00e9videmment importer davantage d\u2019\u00e9lectricit\u00e9 de l\u2019\u00e9tranger, mais cette importation <\/span><span style=\"color: #000000; font-size: medium;\">\u00a0<\/span><span style=\"color: #000000; font-size: medium;\">est plafonn\u00e9e \u00e0 3.500 MW vu que le r\u00e9seau \u00e0 haute tension belge n\u2019est pas capable de transporter plus. <\/span><span style=\"font-size: medium;\">la r\u00e9serve \u00e9nerg\u00e9tique.\u00a0Elle s&#8217;\u00e9l\u00e8ve \u00e0 850 m\u00e9gawatts\u00a0et sera disponible \u00e0 partir du mois de novembre<\/span><\/span><\/p>\n<p><span style=\"color: #000000; font-family: Calibri; font-size: medium;\">Selon le ministre de l\u2019\u00e9nergie en affaires courantes Johan Vande Lanotte, la Belgique n\u2019a actuellement plus qu\u2019une capacit\u00e9 de production et d\u2019importation d\u2019environ 13.000 MW, ce qui risque de ne pas \u00eatre suffisant en cas de pic de consommation. C\u2019est un des d\u00e9fis de l\u2019Etat belge, d\u2019Elia (le transporteur d\u2019\u00e9lectricit\u00e9) et d\u2019Electrabel (le principal producteur d\u2019\u00e9lectricit\u00e9) pour l\u2019hiver prochain quand les besoins d\u2019\u00e9lectricit\u00e9 en Belgique seront les plus importants.<\/span><\/p>\n<p><span style=\"font-family: Calibri; font-size: medium;\">Par ailleurs, le r\u00e9serve \u00e9nerg\u00e9tique s\u2019\u00e9l\u00e8verait \u00e0 850 MW et serait disponible \u00e0 partir du mois de novembre.<\/span><\/p>\n<p><span style=\"font-family: Calibri; font-size: medium;\">Mais tout cela peut ne pas suffire, surtout quand il y a peu de vent, peu de lumi\u00e8re solaire et une grande consommation d\u2019\u00e9nergie \u00e0 l\u2019\u00e9tranger qui diminuerait l\u2019exportation vers la Belgique. Le gouvernement a alors d\u00e9velopp\u00e9 un plan de d\u00e9lestage, qui consiste \u00e0 plonger volontairement certaines zones du pays pendant quatre heures dans le noir pour \u00e9conomiser de l\u2019\u00e9nergie. Un retour temporaire au moyen \u00e2ge donc.<\/span><\/p>\n<p><b><span style=\"font-family: Calibri;\"><span style=\"font-size: medium;\">Pour le B.U.B., cette \u00ab\u00a0solution\u00a0\u00bb est tr\u00e8s pr\u00e9judiciable \u00e0 notre \u00e9conomie et est r\u00e9voltante vu le gaspillage \u00e9norme de deniers publics \u00e0 cause du f\u00e9d\u00e9ralisme, qui, selon le B.U.B., co\u00fbte environ 10 milliards d\u2019euros par an au budget de l\u2019Etat. Il s\u2019y ajoute la perte de temps en raison de conflits politico-communautaires interminables, paralysants, r\u00e9currents et contreproductifs qui ralentissent consid\u00e9rablement le progr\u00e8s de la soci\u00e9t\u00e9 belge. <\/span><span style=\"font-size: medium;\">\u00a0<\/span><span style=\"font-size: medium;\">Une solution \u00e0 long terme du probl\u00e8me \u00e9nerg\u00e9tique est donc la suppression du f\u00e9d\u00e9ralisme linguistique et la mise en place d\u2019une nouvelle Belgique unitaire avec un seul gouvernement (national), un seul parlement (national) et 9 provinces. Ainsi, l&#8217;Etat belge aura de l&#8217;argent pour\u00a0d\u00e9velopper de nouvelles sources d&#8217;\u00e9nergie.<\/span><\/span><\/b><b><span style=\"font-family: Calibri; font-size: medium;\">\u00a0<\/span><\/b><\/p>\n<p><b><span style=\"font-family: Calibri; font-size: medium;\">\u00a0<\/span><\/b><\/p>\n<p><b><span style=\"font-family: Calibri; font-size: medium;\">HET ENERGIEPROBLEEM IS EEN DOOR HET FEDERALISME VEROORZAAKT PROBLEEM<\/span><\/b><\/p>\n<p><b><span style=\"font-family: Calibri;\"><span style=\"font-size: medium;\">Door de stillegging van verschillende nucleaire reactoren riskeert Belgi\u00eb stroomonderbrekingen <\/span><span style=\"font-size: medium;\">(\u2018black-outs\u2019) tijdens de winter. Voor de B.U.B. is die situatie onbegrijpelijk en onaanvaardbaar gelet op de budgettaire verspillingen, o.a. wegens het taalfederalisme. Dit systeem is zelfs \u00e9\u00e9n van de oorzaken van het elektriciteitstekort aangezien het de politici ervan weerhoudt zich met de essenti\u00eble zaken van het staatsbeheer bezig te houden: de primaire behoeften.<\/span><\/span><\/b><\/p>\n<p><span style=\"font-family: Calibri;\"><span style=\"font-size: medium;\">In de zomer heeft Belgi\u00eb 6.000 tot 8.500 megawatt (MW) elektriciteit nodig. <\/span><span style=\"font-size: medium;\">\u00a0<\/span><span style=\"font-size: medium;\">In de winter kan deze nood een piek van 14.000 MW bereiken. Er zijn bij ons 7 kernreactoren, verdeeld over twee kerncentrales, 4 in Doel (een deelgemeente van de gemeente Beveren in de provincie Oost-Vlaanderen) en 3 in Tihange (een deelgemeente van de gemeente Hoei in de provincie Luik). Samen kunnen ze ongeveer 5.900 MW produceren, wat genoeg is om te voorzien in 50 tot 60% van de elektriciteitsbehoeften in Belgi\u00eb. De andere productiebronnen zijn de gas- en stoomcentrales en de hernieuwbare energie\u00ebn (windmolens, zonnepanelen, waterkrachtcentrales). Belgi\u00eb koopt de rest van de elektriciteit in het buitenland (23,5% in mei 2014). Nochtans liggen 3 van de nucleaire reactoren momenteel stil waaronder 2 om veiligheids- en onderhoudsredenen en 1 na een sabotagedaad die herstellingen noodzaakt. Bijgevolg is de door nucleaire energie geproduceerde elektriciteit gedaald tot meer dan 50%. Electrabel kan natuurlijk meer elektriciteit uit het buitenland invoeren, maar deze invoer is begrensd op 3.500 MW aangezien het Belgische hoogspanningsnet niet m\u00e9\u00e9r kan transporteren. <\/span><\/span><\/p>\n<p><span style=\"font-family: Calibri;\"><span style=\"font-size: medium;\">Volgens <\/span><span style=\"font-size: medium;\">\u00a0<\/span><span style=\"font-size: medium;\">de dienstdoende minister van energie Johan Vande Lanotte heeft Belgi\u00eb momenteel maar een productie- en importcapaciteit van ongeveer 13.000 MW, wat riskeert niet genoeg te zijn in geval van een consumptiepiek. Dit is \u00e9\u00e9n van de uitdagingen van de Belgische staat, Elia (de elektriciteitstransporteur) en Electrabel (de belangrijkste elektriciteitsproducent) voor de volgende winter wanneer de elektriciteitsbehoeften in Belgi\u00eb het grootst zullen zijn. <\/span><\/span><\/p>\n<p><span style=\"font-family: Calibri; font-size: medium;\">De energiereserve zou 850 MW bedragen en zou vanaf november beschikbaar zijn.<\/span><\/p>\n<p><span style=\"font-family: Calibri; font-size: medium;\">Maar dat alles zou onvoldoende kunnen zijn, vooral wanneer er weinig wind of weinig zon is en er in het buitenland een hoog energieverbruik is, dat de export naar Belgi\u00eb zou doen dalen. De regering heeft daarom een elektriciteitsafschakelplan ontwikkeld, waardoor bepaalde zones van het land gedurende vier uren geen elektriciteit meer zouden ontvangen om energie te besparen. Een tijdelijke terugkeer naar de middeleeuwen dus. <\/span><\/p>\n<p><b><span style=\"font-family: Calibri; font-size: medium;\">Voor de B.U.B. is deze \u201coplossing\u201d zeer schadelijk voor onze economie en revolterend gelet op de enorme verspilling van overheidsgeld wegens het federalisme, dat, volgens de B.U.B., ongeveer 10 miljard euro per jaar aan het staatsbudget kost. Daar komt nog het tijdverlies bij door de oneindige, verlammende, steeds terugkerende en contraproductieve politiek-communautaire problemen die de vooruitgang van de Belgische maatschappij ernstig vertragen. Een oplossing op lange termijn van het energieprobleem is dan ook de afschaffing van het taalfederalisme en de creatie van een nieuw unitair Belgi\u00eb met \u00e9\u00e9n (nationale) regering, \u00e9\u00e9n (nationaal) parlement en 9 provincies. Zo zal de Belgische staat het geld hebben om nieuwe energiebronnen aan te boren.<\/span><\/b><\/p>\n","protected":false},"excerpt":{"rendered":"<p>Par la mise \u00e0 l\u2019arr\u00eat de plusieurs r\u00e9acteurs nucl\u00e9aires, la Belgique risque des coupures d\u2019\u00e9lectricit\u00e9 (un \u2018black-out\u2019) pendant l\u2019hiver. Pour le B.U.B., cette situation est incompr\u00e9hensible et inacceptable vu les gaspillages budg\u00e9taires, notamment en raison du f\u00e9d\u00e9ralisme linguistique. Ce syst\u00e8me est m\u00eame l&#8217;une des causes de ce manque d&#8217;\u00e9lectricit\u00e9 vu qu&#8217;il emp\u00eache les politiques de s&#8217;occuper de l&#8217;essentiel de la gestion de l&#8217;Etat: les besoins primaires des citoyens.<\/p>\n<p>Door de stillegging van verschillende nucleaire reactoren riskeert Belgi\u00eb stroomonderbrekingen (\u2018black-outs\u2019) tijdens de winter. Voor de B.U.B. is die situatie onbegrijpelijk en onaanvaardbaar gelet op de budgettaire verspillingen, o.a. wegens het taalfederalisme. Dit systeem is zelfs \u00e9\u00e9n van de oorzaken van het elektriciteitstekort aangezien het de politici ervan weerhoudt zich met de essenti\u00eble zaken van het staatsbeheer bezig te houden: de primaire behoeften.<\/p>\n","protected":false},"author":2,"featured_media":0,"comment_status":"closed","ping_status":"closed","sticky":false,"template":"","format":"standard","meta":{"ngg_post_thumbnail":0,"jetpack_post_was_ever_published":false,"_jetpack_newsletter_access":"","_jetpack_dont_email_post_to_subs":false,"_jetpack_newsletter_tier_id":0,"_jetpack_memberships_contains_paywalled_content":false,"powered_cache_disable_cache":false,"_jetpack_memberships_contains_paid_content":false,"footnotes":"","jetpack_publicize_message":"","jetpack_publicize_feature_enabled":true,"jetpack_social_post_already_shared":false,"jetpack_social_options":{"image_generator_settings":{"template":"highway","default_image_id":0,"font":"","enabled":false},"version":2}},"categories":[23,1],"tags":[],"class_list":["post-9111","post","type-post","status-publish","format-standard","hentry","category-economy","category-news0"],"jetpack_publicize_connections":[],"jetpack_featured_media_url":"","jetpack_sharing_enabled":true,"jetpack_shortlink":"https:\/\/wp.me\/p6Y7u0-2mX","jetpack_likes_enabled":false,"_links":{"self":[{"href":"https:\/\/www.unionbelge.be\/index.php?rest_route=\/wp\/v2\/posts\/9111","targetHints":{"allow":["GET"]}}],"collection":[{"href":"https:\/\/www.unionbelge.be\/index.php?rest_route=\/wp\/v2\/posts"}],"about":[{"href":"https:\/\/www.unionbelge.be\/index.php?rest_route=\/wp\/v2\/types\/post"}],"author":[{"embeddable":true,"href":"https:\/\/www.unionbelge.be\/index.php?rest_route=\/wp\/v2\/users\/2"}],"replies":[{"embeddable":true,"href":"https:\/\/www.unionbelge.be\/index.php?rest_route=%2Fwp%2Fv2%2Fcomments&post=9111"}],"version-history":[{"count":11,"href":"https:\/\/www.unionbelge.be\/index.php?rest_route=\/wp\/v2\/posts\/9111\/revisions"}],"predecessor-version":[{"id":10158,"href":"https:\/\/www.unionbelge.be\/index.php?rest_route=\/wp\/v2\/posts\/9111\/revisions\/10158"}],"wp:attachment":[{"href":"https:\/\/www.unionbelge.be\/index.php?rest_route=%2Fwp%2Fv2%2Fmedia&parent=9111"}],"wp:term":[{"taxonomy":"category","embeddable":true,"href":"https:\/\/www.unionbelge.be\/index.php?rest_route=%2Fwp%2Fv2%2Fcategories&post=9111"},{"taxonomy":"post_tag","embeddable":true,"href":"https:\/\/www.unionbelge.be\/index.php?rest_route=%2Fwp%2Fv2%2Ftags&post=9111"}],"curies":[{"name":"wp","href":"https:\/\/api.w.org\/{rel}","templated":true}]}}