{"id":8987,"date":"2014-06-17T23:48:24","date_gmt":"2014-06-17T21:48:24","guid":{"rendered":"http:\/\/www.unionbelge.be\/?p=8987"},"modified":"2016-11-15T23:52:12","modified_gmt":"2016-11-15T22:52:12","slug":"belgie-viert-feest-la-belgique-en-liesse-belgien-feiert","status":"publish","type":"post","link":"https:\/\/www.unionbelge.be\/?p=8987","title":{"rendered":"BELGIE VIERT FEEST &#8211; LA BELGIQUE EN LIESSE &#8211; BELGIEN FEIERT"},"content":{"rendered":"<p><strong>RODE DUIVELSGEKTE<\/strong><\/p>\n<p><strong>Na de overwinning van de Belgische nationale voetbalploeg tegen Algerije (2-1) in Belo Horizonte in Brazili\u00eb op 17 juni 2014 kwamen de Belgen massaal op straat om dit te vieren.<\/strong><\/p>\n<p>Dit is voor de B.U.B. een nieuwe aanwijzing dat de meerderheid van de Belgen een verenigd Belgi\u00eb wensen en dat de verkiezingsuitslag niet overeenkomt met de gevoelens van de Belgen zodat de particratie\u00a0het Belgisch\u00a0volk dan ook niet kan vertegenwoordigen.<\/p>\n<p>&nbsp;<\/p>\n<p><strong>FOLIE DES DIABLES ROUGES<\/strong><\/p>\n<p><strong>Apr\u00e8s la victoire de l&#8217;\u00e9quipe de football nationale belge face \u00e0 l&#8217;Alg\u00e9rie (2-1) \u00e0 Belo Horizonte au Br\u00e9sil le 17 juin 2014, les Belges sont descendus en masse dans la rue pour la f\u00eater.<\/strong><\/p>\n<p>Ceci est pour le B.U.B. un nouvel indice que les Belges veulent majoritairement l&#8217;unit\u00e9 du pays et\u00a0que le r\u00e9sultat des \u00e9lections ne correspond pas aux sentiments des Belges de sorte que la particratie ne peut pas repr\u00e9senter le peuple belge.<\/p>\n<p>&nbsp;<\/p>\n<p><strong>WAHNSINN DER ROTEN TEUFEL<\/strong><\/p>\n<p><strong>Nach dem Sieg der nationalen Belgischen Fussballmannschaft gegen Algerien (2-1) in Belo Horizonte in Brasilien am 17. Juni 2014 sind die Belgier massiv auf die Strasse gegangen um das zu feiern.<\/strong><\/p>\n<p>Dies ist f\u00fcr die B.U.B. ein neues Anzeichen dass die Mehrheit der Belgier die Einheit des Landes w\u00fcnscht and dass das Ergebnis der Wahlen nicht mit den Gef\u00fchlen der Belgier \u00fcbereinstimmt und insofern kann die Partikratie das Belgische Volk nicht vertreten.<\/p>\n<p>&nbsp;<\/p>\n","protected":false},"excerpt":{"rendered":"<p>Na de overwinning van de Belgische nationale voetbalploeg tegen Algerije (2-1) in Belo Horizonte in Brazili\u00eb op 17 juni 2014 kwamen de Belgen massaal op straat om dit te vieren. <\/p>\n<p>Apr\u00e8s la victoire de l&#8217;\u00e9quipe de football nationale belge face \u00e0 l&#8217;Alg\u00e9rie (2-1) \u00e0 Belo Horizonte au Br\u00e9sil le 17 juin 2014, les Belges sont descendus en masse dans la rue pour la f\u00eater.<\/p>\n<p>Nach dem Sieg der nationalen Belgischen Fussballmannschaft gegen Algerien (2-1) in Belo Horizonte in Brasilien am 17. Juni 2014 sind die Belgier massiv auf die Strasse gegangen um das zu feiern.<\/p>\n","protected":false},"author":2,"featured_media":0,"comment_status":"closed","ping_status":"closed","sticky":false,"template":"","format":"standard","meta":{"ngg_post_thumbnail":0,"jetpack_post_was_ever_published":false,"_jetpack_newsletter_access":"","_jetpack_dont_email_post_to_subs":false,"_jetpack_newsletter_tier_id":0,"_jetpack_memberships_contains_paywalled_content":false,"powered_cache_disable_cache":false,"_jetpack_memberships_contains_paid_content":false,"footnotes":"","jetpack_publicize_message":"","jetpack_publicize_feature_enabled":true,"jetpack_social_post_already_shared":false,"jetpack_social_options":{"image_generator_settings":{"template":"highway","default_image_id":0,"font":"","enabled":false},"version":2}},"categories":[1,24],"tags":[],"class_list":["post-8987","post","type-post","status-publish","format-standard","hentry","category-news0","category-sociology"],"jetpack_publicize_connections":[],"jetpack_featured_media_url":"","jetpack_sharing_enabled":true,"jetpack_shortlink":"https:\/\/wp.me\/p6Y7u0-2kX","jetpack_likes_enabled":false,"_links":{"self":[{"href":"https:\/\/www.unionbelge.be\/index.php?rest_route=\/wp\/v2\/posts\/8987","targetHints":{"allow":["GET"]}}],"collection":[{"href":"https:\/\/www.unionbelge.be\/index.php?rest_route=\/wp\/v2\/posts"}],"about":[{"href":"https:\/\/www.unionbelge.be\/index.php?rest_route=\/wp\/v2\/types\/post"}],"author":[{"embeddable":true,"href":"https:\/\/www.unionbelge.be\/index.php?rest_route=\/wp\/v2\/users\/2"}],"replies":[{"embeddable":true,"href":"https:\/\/www.unionbelge.be\/index.php?rest_route=%2Fwp%2Fv2%2Fcomments&post=8987"}],"version-history":[{"count":10,"href":"https:\/\/www.unionbelge.be\/index.php?rest_route=\/wp\/v2\/posts\/8987\/revisions"}],"predecessor-version":[{"id":10810,"href":"https:\/\/www.unionbelge.be\/index.php?rest_route=\/wp\/v2\/posts\/8987\/revisions\/10810"}],"wp:attachment":[{"href":"https:\/\/www.unionbelge.be\/index.php?rest_route=%2Fwp%2Fv2%2Fmedia&parent=8987"}],"wp:term":[{"taxonomy":"category","embeddable":true,"href":"https:\/\/www.unionbelge.be\/index.php?rest_route=%2Fwp%2Fv2%2Fcategories&post=8987"},{"taxonomy":"post_tag","embeddable":true,"href":"https:\/\/www.unionbelge.be\/index.php?rest_route=%2Fwp%2Fv2%2Ftags&post=8987"}],"curies":[{"name":"wp","href":"https:\/\/api.w.org\/{rel}","templated":true}]}}