{"id":8942,"date":"2014-06-04T03:58:00","date_gmt":"2014-06-04T01:58:00","guid":{"rendered":"http:\/\/www.unionbelge.be\/?p=8942"},"modified":"2016-11-16T00:01:42","modified_gmt":"2016-11-15T23:01:42","slug":"federale-verkiezingen-van-25-mei-2014-klacht-van-de-b-u-b","status":"publish","type":"post","link":"https:\/\/www.unionbelge.be\/?p=8942","title":{"rendered":"FEDERALE VERKIEZINGEN VAN 25 MEI 2014: KLACHT VAN DE B.U.B. &#8211; PLAINTE DU B.U.B."},"content":{"rendered":"<figure id=\"attachment_8948\" aria-describedby=\"caption-attachment-8948\" style=\"width: 300px\" class=\"wp-caption alignleft\"><a href=\"https:\/\/www.unionbelge.be\/wp-content\/uploads\/2014\/06\/5381dc733570102383d0d4fb.jpg\"><img loading=\"lazy\" decoding=\"async\" class=\"size-medium wp-image-8948\" src=\"https:\/\/www.unionbelge.be\/wp-content\/uploads\/2014\/06\/5381dc733570102383d0d4fb-300x150.jpg\" alt=\"Affiche de listes amputee au bureau electoral de Charleroi - geamputeerde lijstenaffiche in het kiesbureau van Charleroi\" width=\"300\" height=\"150\" data-wp-pid=\"8948\" srcset=\"https:\/\/www.unionbelge.be\/wp-content\/uploads\/2014\/06\/5381dc733570102383d0d4fb-300x150.jpg 300w, https:\/\/www.unionbelge.be\/wp-content\/uploads\/2014\/06\/5381dc733570102383d0d4fb-420x210.jpg 420w, https:\/\/www.unionbelge.be\/wp-content\/uploads\/2014\/06\/5381dc733570102383d0d4fb-600x300.jpg 600w, https:\/\/www.unionbelge.be\/wp-content\/uploads\/2014\/06\/5381dc733570102383d0d4fb.jpg 620w\" sizes=\"auto, (max-width: 300px) 100vw, 300px\" \/><\/a><figcaption id=\"caption-attachment-8948\" class=\"wp-caption-text\">Affiche de listes amputee au bureau electoral de Charleroi &#8211; geamputeerde lijstenaffiche in het kiesbureau van Charleroi<\/figcaption><\/figure>\n<p><strong>Hieronder vindt u de klacht van de B.U.B. ingediend bij de Kamer van Volksvertegenwoordigers op 4 juni 2014.<\/strong><\/p>\n<p><strong>Ci-dessous, vous trouverez la plainte du B.U.B. introduite aupr\u00e8s de la Chambre des Repr\u00e9sentants le 4 juin 2014 (en n\u00e9erlandais).<\/strong><\/p>\n<p><b><span lang=\"NL-BE\">\u201c<em>De verkiezingen zijn de belangrijkste wedstrijd die de Belgische staat en de gewesten organiseren. Verkiezingen moeten dan ook <span style=\"text-decoration: underline;\">eerlijk en transparant<\/span> verlopen (art. 23 BUPO-verdrag). Maar zelfs een Miss-Belgi\u00eb-wedstrijd gaat er 10 keer eerlijker aan toe&#8230; Dit is een echte schande voor een land of een gewest dat zich een democratie en een rechtstaat pleegt te noemen.<\/em>\u201d<\/span><\/b><\/p>\n<p><strong>Marie-Luce LOVINFOSSE<\/strong><br \/>\n<strong>Lijsttrekker van de B.U.B. (lijst 32 \u2013 Vlaams-Brabant)<\/strong><br \/>\n<strong>\u00a0\u00a0\u00a0<\/strong><\/p>\n<p>Kamer van Volksvertegenwoordigers<br \/>\n1008 BRUSSEL<\/p>\n<p>info@dekamer.be<\/p>\n<p>Brussel, 3 juni 2014<br \/>\nGeachte Heer Voorzitter van de Kamer van Volksvertegenwoordigers,<br \/>\nGeachte leden van de Kamer van Volksvertegenwoordigers,<\/p>\n<p><span style=\"text-decoration: underline;\"><strong>Betreft:\u00a0 federale verkiezingen van 25 mei 2014 ; klacht van partij B.U.B.<\/strong><\/span><\/p>\n<p>Door dit schrijven wens ik in naam van mijn partij, B.U.B., die in heel Belgi\u00eb, behalve Brussel lijsten voor de federale verkiezingen had, in naam van mijn Oost-Vlaamse Kamerlijst (nr. 32) en in naam van mezelf in de hoedanigheid van lijsttrekker klacht neer te leggen.<\/p>\n<p>Mijn partij en ik hebben immers verschillende onregelmatigheden vastgesteld bij de stemming van 25 mei jl., zowel op het vlak van de elektronische als de manuele stemming.<\/p>\n<p><span style=\"text-decoration: underline;\">A. De zogezegde \u2018informaticabug\u2019<\/span><\/p>\n<p>Volgens het Ministerie van Binnenlandse Zaken (hierna \u00ab IBZ \u00bb) zou er een informatica-bug geweest zijn op het moment van de stembusgang, waardoor 2.000 magnetische kaarten onleesbaar werden. Dit feit zou zich voorgedaan hebben op het moment dat de kiezers naar het vorige scherm terug wilden keren na voor \u00e9\u00e9n of meerdere kandidaten te hebben gestemd. Het probleem zou nochtans\u00a0 tot de voorkeurstemmen beperkt gebleven zijn en geen betrekking hebben op de lijststemmen die op 25 mei \u2018s avonds reeds bekend waren, terwijl de voorkeurstemmen slechts op dinsdag 27 mei \u2018s avonds bekend waren.<\/p>\n<p>Mijn partij en ikzelf hebben volgende opmerkingen aangaande de regelmatigheid van de elektronische stembusgang :<\/p>\n<p>1) Het IBZ heeft zelf de stemmen geteld, terwijl deze taak behoort tot de bevoegdheid van het kiesbureau overeenkomstig artikelen 149 e.v. van het Kieswetboek. Het IBZ heeft dus zijn bevoegdheden overschreden zodat het de kieswet heeft overtreden.<\/p>\n<p>2) Indien de kaarten onleesbaar waren, hoe kon men dan nog de lijststemmen tellen die allen op de verkiezingsdag zelf bekend waren ? Gaat het dan om een parti\u00eble bug ? Nochtans is een parti\u00eble bug onzin op vlak van informatica : indien de kaarten onleesbaar zijn, geldt dat ook voor de lijststemmen. Het IBZ heeft echter geen enkele informatie hieromtrent verschaft.<\/p>\n<p>3) Wat meer is, de uitleg die het IBZ gegeven heeft, is niet alleen onvolledig, ze is ook foutief want zoals de foto in bijlage, genomen in een stemhokje van het Brussels gewest, aantoont, is het onmogelijk om opnieuw achteruit te gaan na gestemd te hebben voor een lijst en\/of voor \u00e9\u00e9n of meerdere kandidaten. De optie waarop het IBZ zich baseert om de bug, die de telling van de stemmen gedurende 48 uur lamgelegd heeft, uit te leggen, bestaat dus niet. Het IBZ zal bijgevolg met een andere en meer overtuigende uitleg voor de dag moeten komen.<\/p>\n<p>4) De bug betrof enkel de stemmen uitgebracht voor de federale en regionale verkiezingen, maar niet deze die voor de Europese verkiezingen uitgebracht werden. Nochtans ging het om hetzelfde elektronische systeem. Welnu, hoe kan men uitleggen dat de kaarten partieel onleesbaar waren voor twee verkiezingen maar integraal leesbaar voor een derde verkiezing ? Opnieuw verschaft het IBZ, dat de telling uitgevoerd heeft, niet de minste uitleg.<\/p>\n<p>5) Indien de bug slechts 2.000 elektronische kaarten betrof, waarom moesten we dan 48 uur wachten alvorens de voorkeurstemmen gekend waren ? Het IBZ had de voorlopige resultaten kunnen mededelen (zowel de lijststemmen als de voorkeurstemmen) in afwachting van de oplossing van de \u00ab parti\u00eble\u00bb bug.<\/p>\n<p>6) Hoe heeft de bug de verdeling van de zetels kunnen veranderen indien hij niet zo erg was en slechts 2.000 stemmen betrof volgens de verklaringen van het IBZ ? Sommige kandidaten hebben immers 48 uur moeten wachten v\u00f3\u00f3r ze wisten of ze al dan niet verkozen waren. Sommigen hebben zelfs de hun voorlopig toegekende zetel verloren. Welnu, wegens het eenvoudige feit dat de bug een invloed had op de verdeling van de zetels, is de bug belangrijk en rechtvaardigt hij een annulatie van de federale verkiezingen.<\/p>\n<p>7) Men kan zich ook afvragen op welke wettelijke bepaling het IBZ en het kiesbureau zich steunen om niet minder dan 2.000 stemmen te annuleren. Deze burgers hebben dus hun grondwettelijk stemrecht verloren (art. 61 van de Grondwet) vanwege een fout van de overheid. Hun stemmen werden immers geannuleerd terwijl de hypothese van een informaticabug door geen enkele kiesbepaling geviseerd wordt.<\/p>\n<p>8) Ook in Eupen, Sankt Vith, Durbuy, Lens, Frasnes-lez-Anvaing was er een elektronische \u201cbug\u201d. Ook daar heeft men 48 uur lang op de verkiezingsuitslag moeten wachten, met alle onzekerheid tot gevolg. Het Ministerie van Binnenlandse Zaken zegt dat het in totaal \u201cmaar\u201d om 2.000 stemmen gaat. Sedert wanneer mogen in een democratische rechtsstaat stemmen zomaar weggeveegd worden?<\/p>\n<p>9) En als die bug werkelijk zo \u201conschuldig\u201d is en geen impact heeft op de zetelverdeling, hoe verklaart het ministerie dan dat Caroline Taquin (MR), de burgemeester van Courcelles (Henegouwen) \u2013 ook al door een elektronische bug \u2013 na 48 u haar voorlopig toegekende zetel verloor? (Le Soir, 27 mei 2014).<\/p>\n<p>10) De burgemeester van de Limburgse gemeente Ham, Dirk De Vis (CD&amp;V) behaalde in zijn gemeente 42 voorkeurstemmen. Tijdens de gemeenteraadsverkiezingen behaalde hij meer dan 1.600 voorkeurstemmen. Volgens De Vis was dit onmogelijk: \u201c<em>er moet iets misgelopen zijn<\/em>\u201d. Daarop eiste hij dat er nagekeken werd of er fouten gemaakt werden. Desnoods wou hij nieuwe verkiezingen. De Vis wees erop dat <strong>ook kandidaten van andere lijsten \u201c<em>bitter weinig<\/em>\u201d stemmen hebben<\/strong>. Ook achtte hij het \u201c<em>onwaarschijnlijk<\/em>\u201d dat zijn partij maar 1.200 stemmen haalde op 8.000. Op 28 mei 2014 vernamen we via de pers dat er in het kanton Beringen \u201c<em>iets<\/em>\u201d \u2013 wat werd er niet bijgezegd \u2013 \u201c<em>misgelopen<\/em>\u201d zou zijn bij de verdeling van de voorkeurstemmen per gemeente. De Vis legde het zo uit: \u201c<strong><em>Het is zo dat mijn stemmen per kanton correct waren (1.109), maar er iets is fout gelopen bij de verdeling daarvan over de diverse gemeenten van het kanton. Daardoor stond er foutief in de offici\u00eble statistieken dat ik maar 42 stemmen in Ham zou behaald hebben.<\/em><\/strong>\u201d. We citeren de burgemeester: \u201c<em>Hiermee is voor mij de kous af. Er zullen dus geen nieuwe verkiezingen komen. Al blijft het belangrijk om te zorgen dat alle tellingen waterdicht verlopen. De vrederechter heeft me zonet nog hierover gebeld, en deelt mijn mening dat zoiets niet meer mag gebeuren.<\/em>\u201d.<\/p>\n<p>Vooreerst stellen we vast dat \u201c<em>iets<\/em>\u201d ervoor gezorgd heeft dat het aantal stemmen van de burgemeester eerst 42 en vervolgens na de rechtzetting (?) 526 bedroeg. Dat zijn 12,5 keer m\u00e9\u00e9r stemmen. Ten tweede is het niet duidelijk wat er nu is fout gelopen. De radiostilte is compleet. Wel zegt de burgemeester dat de tellingen \u201c<em>waterdicht<\/em>\u201d moeten verlopen. Was dat hier dan niet het geval? Geldt dit ook voor de andere lijsten waarvan sprake? Geldt dit, bij uitbreiding, voor het hele land? Er bestaat geen enkele garantie dat deze onzekerheid ook niet telt voor de lijststemmen.<\/p>\n<p><strong>Volgens deredactie.be (d.d. 28.05) zou er iets bij het verzenden en publiceren van de resultaten zijn misgelopen. Daardoor zou het groot verschil in het aantal voorkeurstemmen kunnen verklaard worden.\u00a0<\/strong><\/p>\n<p>Dit is wel een zeer warrige, ja zelfs tegenstrijdige uitleg, die de geloofwaardigheid van het elektronisch kiessysteem en dus van het resultaat van de verkiezingen van 25 mei 2014 volledig onderuit haalt.<\/p>\n<p>Het feit dat de \u2018bug\u2019 ook in Henegouwen en Limburg voorkwam, spreekt overigens de eerdere beweringen van het Ministerie tegen dat het een louter Brussels en Eupens probleem was. Het is dus volkomen legitiem om zich af te vragen of dit \u201cprobleem\u201d niet\u00a0 nationaal verspreid was, met alle gevolgen vandien voor de geldigheid van de federale verkiezingen.<\/p>\n<p><span style=\"text-decoration: underline;\">B. De manuele stemming<\/span><\/p>\n<p>11) In een vuilnisbak in de buurt van het Gentse hoofdtelbureau werden op 26 mei 2014 een groot aantal geldige en blanco stembiljetten gevonden. Het Gentse stadsbestuur vroeg daarop om uitleg. Het parket startte een onderzoek maar wist reeds, bij monde van woordvoerdster Annemie Serlippens, mee te delen dat de weggesmeten stembiljetten geen invloed hadden op de stemopnemingsverrichtingen en dat het enkel om bewijsstukken gaat. Hoe kan men dit weten? Volstaat het om, zoals het parket dat doet, te \u201c<em>betreuren<\/em>\u201d dat daar zo onzorgvuldig mee omgegaan is? Als het bovendien allemaal zo onschuldig is, waarom onderzoekt het parket van Oost-Vlaanderen dan of het om een inbreuk op de kieswetgeving gaat?<\/p>\n<p>12) Het incident in Gent is niet het enige. Zo werden er op maandag 26 mei door leerkrachten in een school te Charleroi stembrieven in dozen gevonden. Het is niet bekend of deze stembiljetten meegeteld zijn, maar volgens het Justitiepaleis van Charleroi zouden we ons geen zorgen moeten maken. De redenering is dat z\u00e9lfs indien de stembiljetten vergeten zijn in een stembureau ze meegeteld werden in de PV\u2019s van de stemopneming. En het zijn enkel die die tellen.<\/p>\n<p>Nochtans startte het parket van Oost-Vlaanderen w\u00e9l een procedure op omdat stembiljetten op een andere plaats terecht kwamen dan waar het moest. Bovendien is het onmogelijk om te weten over hoeveel stembiljetten het ging en of deze stembiljetten meegeteld zijn, gelet op het feit dat de geijkte procedure niet gevolgd is.<\/p>\n<p>Zijn verkiezingen niet belangrijk genoeg dat er rigoureus op deze documenten toegekeken wordt?<\/p>\n<p>13) In Charleroi, Charleroi Ville-Haute, Gilly en Quaregnon, werden \u201cgeamputeerde\u201d kieslijsten voor de Kamer van Volksvertegenwoordigers uitgehangen. De lijsten vanaf nr. 30 werden immers niet geafficheerd (zie foto in bijlage). Uiteraard be\u00efnvloedt dit de stembusgang, al was het maar omdat 1\/5de tot 33% van de kiezers zijn beslissing op het allerlaatste moment neemt.<\/p>\n<p>14) Bovendien deden er zich nog problemen voor met het \u2013 niet geringe \u2013 aantal Belgen dat in het buitenland stemgerechtigd was. Die Belgen kunnen ervoor kiezen om op de ambassade te gaan stemmen of per brief hun stem uit te brengen. Vele brieven kwamen echter te laat aan. Sommige mensen hebben zelfs expresspost moeten gebruiken om hun brief tijdig in Belgi\u00eb te laten aankomen. &#8220;De Belgen in het buitenland zijn boos omdat ze hun democratisch recht gekortwiekt zien&#8221;, stelt de VZW Vlamingen in de Wereld op 3 juni 2014.<\/p>\n<p>15) Het is duidelijk dat we momenteel nog maar het topje van de \u201ckiesproblemen-ijsberg\u201d kennen. Vele gebreken moeten nog aan het licht komen of zullen nooit ontdekt worden. Zo horen we nu al verhalen over ontbrekende kieslijsten van de B.U.B. en andere kleine partijen in bepaalde kantons en aantallen van voorkeurstemmen die lager liggen dan het aantal kiezers dat verklaart op een kandidaat te hebben gestemd. Het is duidelijk dat dit onaanvaardbaar is en het zo niet verder kan.<\/p>\n<p><span style=\"text-decoration: underline;\"><strong>BESLUIT<\/strong><\/span><\/p>\n<p><strong>De verkiezingen zijn de belangrijkste wedstrijd die de Belgische staat organiseert. Verkiezingen moeten dan ook <span style=\"text-decoration: underline;\">eerlijk en transparant<\/span> verlopen (art. 23 BUPO-verdrag). Maar zelfs een Miss-Belgi\u00eb-wedstrijd gaat er 10 keer eerlijker aan toe&#8230; Dit is een echte schande voor een land dat zich een democratie en een rechtstaat pleegt te noemen. <\/strong><\/p>\n<p>Uit wat voorafgaat vloeit voort dat de federale verkiezingen van 25 mei 2014 door een ernstig gebrek aangetast zijn, dat duidelijk het resultaat be\u00efnvloed heeft, maar waarvan men nochtans de werkelijke omvang niet kent en dat zo ook een beslissende invloed kan gehad hebben op het verkiezingsresultaat van de B.U.B..<\/p>\n<p>Wat meer is, de door het IBZ verschafte uitleg over de informaticabug is onvolledig en foutief, wat het kiessysteem nog verdachter maakt.<\/p>\n<p>Gelet op al deze problemen en tekorten vragen de B.U.B., ikzelf en de kandidaten van de federale lijst nr. 32 in Oost-Vlaanderen de annulatie van de federale verkiezingen en de organisatie van nieuwe en eerlijke verkiezingen volgens het systeem van de manuele stemming met een versterkte onafhankelijke controle.<\/p>\n<p>Met de meeste hoogachting,<\/p>\n<p>Marie-Luce LOVINFOSSE<br \/>\nLijsttrekker B.U.B.\u00a0Vlaams-Brabant<br \/>\nwww.belgischeunie.be<\/p>\n<p><span style=\"text-decoration: underline;\">Bijlagen<\/span>:<\/p>\n<p>1) Foto van het scherm in een kieshokje in het Brussels hoofdstedelijk gewest met de lijsten, zonder de mogelijkheid om naar het vorige scherm terug te keren<br \/>\n2) Foto van het scherm van een kieshokje in het Brussels hoofdstedelijk gewest met een lijst (hier\u00a0 B.U.B.) zonder mogelijkheid om naar het vorige scherm terug te keren<br \/>\n3) Geamputeerde kieslijst in Charleroi<br \/>\n4) Weggesmeten stembiljetten in Charleroi<br \/>\n5) De wonderbaarlijke vermenigvuldiging van de voorkeurstemmen van burgemeester De Vis in Limburg<br \/>\n6) \u201cVote \u00e9lectronique: au-del\u00e0 du bug \u00e9lectronique, un bug repr\u00e9sentatif&#8221; (artikel Le Vif, 30.05.2014)<br \/>\n7) \u00ab Voorzitter gooit stembiljetten in de vuilnisbak\u201d (<em>Nieuwsblad<\/em>, 27.05.2014)<\/p>\n","protected":false},"excerpt":{"rendered":"<p>Hieronder vindt u de klacht van de B.U.B. ingediend bij de Kamer van Volksvertegenwoordigers op 4 juni 2014.<\/p>\n<p>Ci-dessous, vous trouverez la plainte du B.U.B. introduite aupr\u00e8s de la Chambre des Repr\u00e9sentants le 4 juin 2014 (en n\u00e9erlandais).<\/p>\n","protected":false},"author":2,"featured_media":0,"comment_status":"closed","ping_status":"open","sticky":false,"template":"","format":"standard","meta":{"ngg_post_thumbnail":0,"jetpack_post_was_ever_published":false,"_jetpack_newsletter_access":"","_jetpack_dont_email_post_to_subs":false,"_jetpack_newsletter_tier_id":0,"_jetpack_memberships_contains_paywalled_content":false,"powered_cache_disable_cache":false,"_jetpack_memberships_contains_paid_content":false,"footnotes":"","jetpack_publicize_message":"","jetpack_publicize_feature_enabled":true,"jetpack_social_post_already_shared":false,"jetpack_social_options":{"image_generator_settings":{"template":"highway","default_image_id":0,"font":"","enabled":false},"version":2}},"categories":[1,5,4],"tags":[],"class_list":["post-8942","post","type-post","status-publish","format-standard","hentry","category-news0","category-opinions","category-info"],"jetpack_publicize_connections":[],"jetpack_featured_media_url":"","jetpack_sharing_enabled":true,"jetpack_shortlink":"https:\/\/wp.me\/p6Y7u0-2ke","jetpack_likes_enabled":false,"_links":{"self":[{"href":"https:\/\/www.unionbelge.be\/index.php?rest_route=\/wp\/v2\/posts\/8942","targetHints":{"allow":["GET"]}}],"collection":[{"href":"https:\/\/www.unionbelge.be\/index.php?rest_route=\/wp\/v2\/posts"}],"about":[{"href":"https:\/\/www.unionbelge.be\/index.php?rest_route=\/wp\/v2\/types\/post"}],"author":[{"embeddable":true,"href":"https:\/\/www.unionbelge.be\/index.php?rest_route=\/wp\/v2\/users\/2"}],"replies":[{"embeddable":true,"href":"https:\/\/www.unionbelge.be\/index.php?rest_route=%2Fwp%2Fv2%2Fcomments&post=8942"}],"version-history":[{"count":9,"href":"https:\/\/www.unionbelge.be\/index.php?rest_route=\/wp\/v2\/posts\/8942\/revisions"}],"predecessor-version":[{"id":10823,"href":"https:\/\/www.unionbelge.be\/index.php?rest_route=\/wp\/v2\/posts\/8942\/revisions\/10823"}],"wp:attachment":[{"href":"https:\/\/www.unionbelge.be\/index.php?rest_route=%2Fwp%2Fv2%2Fmedia&parent=8942"}],"wp:term":[{"taxonomy":"category","embeddable":true,"href":"https:\/\/www.unionbelge.be\/index.php?rest_route=%2Fwp%2Fv2%2Fcategories&post=8942"},{"taxonomy":"post_tag","embeddable":true,"href":"https:\/\/www.unionbelge.be\/index.php?rest_route=%2Fwp%2Fv2%2Ftags&post=8942"}],"curies":[{"name":"wp","href":"https:\/\/api.w.org\/{rel}","templated":true}]}}