{"id":8934,"date":"2014-06-03T11:15:45","date_gmt":"2014-06-03T09:15:45","guid":{"rendered":"http:\/\/www.unionbelge.be\/?p=8934"},"modified":"2016-11-15T19:19:20","modified_gmt":"2016-11-15T18:19:20","slug":"kleine-partijen-verenigen-zich-tegen-discriminatie-en-kiesfraude-les-petits-partis-se-rassemblent-contre-la-discrimination-la-fraude-electorale-kleine-parteien-vereinigen-sich-gegen-diskrimination","status":"publish","type":"post","link":"https:\/\/www.unionbelge.be\/?p=8934","title":{"rendered":"KLEINE PARTIJEN VERENIGEN ZICH TEGEN DISCRIMINATIE EN KIESFRAUDE &#8211; LES PETITS PARTIS SE RASSEMBLENT CONTRE LA DISCRIMINATION ET LA FRAUDE ELECTORALE &#8211; KLEINE PARTEIEN VEREINIGEN SICH GEGEN DISKRIMINATION UND WAHLBETRUG &#8211; SMALL PARTIES UNITE AGAINST DISCRIMINATION AND ELECTORAL FRAUD"},"content":{"rendered":"<p><span style=\"text-decoration: underline;\"><strong>PERSBERICHT \u2013 COMMUNIQUE DE PRESSE \u2013 PRESSEMITTEILUNG \u2013 PRESS RELEASE<\/strong><\/span><\/p>\n<p><span style=\"text-decoration: underline;\">Persconferentie \/ Conf\u00e9rence de presse \/ Pressekonferenz \/ Press conference:<\/span> 05.06.2014, 11 u\/h\/U, Koloni\u00ebnstraat 11 &#8211; Rue des Colonies 11, 1000 Brussel(s) \u2013 Bruxelles<\/p>\n<p><span style=\"text-decoration: underline;\">Deelnemende politieke partijen \/ partis politiques participants \/ Teilnehmende politische Parteien \/ Participating political parties :<\/span><\/p>\n<p><em><strong>B.U.B. \u2013 ROSSEM \u2013 ROEL \u2013 PIRATEN-S \u2013 PENSIO(E)NPLUS \u2013 VCP \u2013 VIVANT enz., etc., usw.<\/strong><\/em><\/p>\n<p><span style=\"text-decoration: underline;\"><strong>Kleine partijen verenigen zich tegen discriminatie en kiesfraude<\/strong><\/span><\/p>\n<p>De conferentie zal verschillende thema\u2019s behandelen m.b.t. de steeds erger wordende discriminatie van de nieuwe en kleine politieke partijen in Belgi\u00eb zowel v\u00f3\u00f3r als na de verkiezingen: mediatoegang, peilingen, affichering, financiering, nationale nummers, verdelen van folders, kiesverrichtingen (zowel elektronische als manuele stemming). Het gemeenschappelijk front van \u201ckleine\u201d partijen onderneemt dan ook verschillende acties: klachten bij de parlementen, <span style=\"text-decoration: underline;\"><strong>officieel verzoek tot annulatie van de verkiezingen van 25 mei 2014<\/strong><\/span> en het organiseren van nieuwe en eerlijke verkiezingen, een strafklacht om de verantwoordelijken van de kiesfraude op te sporen en te straffen e.d..<\/p>\n<p><span style=\"text-decoration: underline;\"><strong>Les petits partis se rassemblent contre la discrimination et la fraude \u00e9lectorale<\/strong> <\/span><\/p>\n<p>La conf\u00e9rence traitera de diff\u00e9rents th\u00e8mes concernant la discrimination croissante des nouveaux et petits partis politiques en Belgique tant avant qu\u2019apr\u00e8s les \u00e9lections : l\u2019acc\u00e8s aux m\u00e9dias, les sondages, l\u2019affichage, le financement, les num\u00e9ros nationaux, la distribution de tracts, les op\u00e9rations \u00e9lectorales (tant le vote \u00e9lectronique que manuel). Des solutions et des actions conjointes seront propos\u00e9es. Le front commun des \u00ab petits \u00bb partis entreprend d\u00e8s lors diff\u00e9rents actions : introduction de plaintes aupr\u00e8s des parlements, formulation d\u2019une <span style=\"text-decoration: underline;\"><strong>demande officielle d\u2019annulation des \u00e9lections du 25 mai 2014<\/strong><\/span> et l\u2019organisation de nouvelles \u00e9lections honn\u00eates, une plainte au p\u00e9nal pour rep\u00e9rer et sanctionner les responsables de la fraude \u00e9lectorale etc..<\/p>\n<p><span style=\"text-decoration: underline;\"><strong>Kleine Parteien vereinigen sich gegen Diskrimination und Walhbetrug<\/strong> <\/span><\/p>\n<p>Die Konferenz wird verschiedene Themen \u00fcber die stets zunehmende Diskrimination der neuen und kleinen politische Parteien in Belgien behandeln sowohl vor den Wahlen als nach den Wahlen: Medienzugang, Meinungsumfragen, Plakatwerbung, Finanzierung, nationale Nummern, Ausgabe von Prospekten, Wahlvorg\u00e4nge (sowohl die elektronische Stimmung wie die manuelle). Das gemeinsame Front von \u201ckleine\u201d politische Parteien unternehmt verschiedene Aktionen: Klagen bei den Parlamenten, <span style=\"text-decoration: underline;\"><strong>offizieller Antrag um die Wahlen von 25. Mai 2014 f\u00fcr ung\u00fcltig zu erkl\u00e4ren<\/strong><\/span> und die Veranstaltung von neuen und ehrliche Wahlen, eine Strafklage um die Verantwortlichen des Wahlbetrugs auf zu sp\u00fcren und zu bestrafen usw..<\/p>\n<p><span style=\"text-decoration: underline;\"><strong>Small parties unite against discrimination and electoral fraud<\/strong><\/span><\/p>\n<p>The conference will cover different items concerning the continuously worsening discrimination of new and small political parties in Belgium both before and after the elections: access to the media, opinion polls, billposting, financing, national numbers, distribution of folders, electoral procedures (both the electronic and the manual voting). Solutions and common actions will be proposed. The common front of \u201csmall\u201d political parties undertakes different actions: complaints with the parliaments, <span style=\"text-decoration: underline;\"><strong>an official request to annul the elections of 25 May 2014<\/strong><\/span> and the organization of new and honest elections, a criminal complaint to track and punish the responsible parties of the electoral fraud etc.<\/p>\n","protected":false},"excerpt":{"rendered":"<p>Persconferentie \/ Conf\u00e9rence de presse \/ Pressekonferenz \/ Press conference: 05.06.2014, 11 u\/h\/U, Koloni\u00ebnstraat 11 &#8211; Rue des Colonies 11, 1000 Brussel(s) \u2013 Bruxelles<\/p>\n<p>Deelnemende politieke partijen \/ partis politiques participants \/ Teilnehmende politische Parteien \/ Participating political parties :<\/p>\n<p>B.U.B. \u2013 ROSSEM \u2013 ROEL \u2013 PIRATEN-S \u2013 PENSIO(E)NPLUS \u2013 VCP \u2013 VIVANT enz., etc., usw.<\/p>\n","protected":false},"author":2,"featured_media":0,"comment_status":"closed","ping_status":"open","sticky":false,"template":"","format":"standard","meta":{"ngg_post_thumbnail":0,"jetpack_post_was_ever_published":false,"_jetpack_newsletter_access":"","_jetpack_dont_email_post_to_subs":false,"_jetpack_newsletter_tier_id":0,"_jetpack_memberships_contains_paywalled_content":false,"powered_cache_disable_cache":false,"_jetpack_memberships_contains_paid_content":false,"footnotes":"","jetpack_publicize_message":"","jetpack_publicize_feature_enabled":true,"jetpack_social_post_already_shared":false,"jetpack_social_options":{"image_generator_settings":{"template":"highway","default_image_id":0,"font":"","enabled":false},"version":2}},"categories":[1,5,4],"tags":[],"class_list":["post-8934","post","type-post","status-publish","format-standard","hentry","category-news0","category-opinions","category-info"],"jetpack_publicize_connections":[],"jetpack_featured_media_url":"","jetpack_sharing_enabled":true,"jetpack_shortlink":"https:\/\/wp.me\/p6Y7u0-2k6","jetpack_likes_enabled":false,"_links":{"self":[{"href":"https:\/\/www.unionbelge.be\/index.php?rest_route=\/wp\/v2\/posts\/8934","targetHints":{"allow":["GET"]}}],"collection":[{"href":"https:\/\/www.unionbelge.be\/index.php?rest_route=\/wp\/v2\/posts"}],"about":[{"href":"https:\/\/www.unionbelge.be\/index.php?rest_route=\/wp\/v2\/types\/post"}],"author":[{"embeddable":true,"href":"https:\/\/www.unionbelge.be\/index.php?rest_route=\/wp\/v2\/users\/2"}],"replies":[{"embeddable":true,"href":"https:\/\/www.unionbelge.be\/index.php?rest_route=%2Fwp%2Fv2%2Fcomments&post=8934"}],"version-history":[{"count":8,"href":"https:\/\/www.unionbelge.be\/index.php?rest_route=\/wp\/v2\/posts\/8934\/revisions"}],"predecessor-version":[{"id":10751,"href":"https:\/\/www.unionbelge.be\/index.php?rest_route=\/wp\/v2\/posts\/8934\/revisions\/10751"}],"wp:attachment":[{"href":"https:\/\/www.unionbelge.be\/index.php?rest_route=%2Fwp%2Fv2%2Fmedia&parent=8934"}],"wp:term":[{"taxonomy":"category","embeddable":true,"href":"https:\/\/www.unionbelge.be\/index.php?rest_route=%2Fwp%2Fv2%2Fcategories&post=8934"},{"taxonomy":"post_tag","embeddable":true,"href":"https:\/\/www.unionbelge.be\/index.php?rest_route=%2Fwp%2Fv2%2Ftags&post=8934"}],"curies":[{"name":"wp","href":"https:\/\/api.w.org\/{rel}","templated":true}]}}