{"id":8931,"date":"2014-05-29T10:10:28","date_gmt":"2014-05-29T08:10:28","guid":{"rendered":"http:\/\/www.unionbelge.be\/?p=8931"},"modified":"2015-03-04T21:37:01","modified_gmt":"2015-03-04T19:37:01","slug":"geschokt-maar-nog-steeds-gedreven-choque-mais-toujours-motive","status":"publish","type":"post","link":"https:\/\/www.unionbelge.be\/?p=8931","title":{"rendered":"GESCHOKT MAAR NOG STEEDS GEDREVEN &#8211; CHOQUE MAIS TOUJOURS MOTIVE"},"content":{"rendered":"<p><b><span style=\"color: #000000; font-family: Calibri; font-size: medium;\"><a href=\"https:\/\/www.unionbelge.be\/wp-content\/uploads\/2014\/05\/10358957_10152402801588340_4041655727427124205_o.jpg\"><img loading=\"lazy\" decoding=\"async\" class=\"alignright size-medium wp-image-8878\" alt=\"10358957_10152402801588340_4041655727427124205_o\" src=\"https:\/\/www.unionbelge.be\/wp-content\/uploads\/2014\/05\/10358957_10152402801588340_4041655727427124205_o-300x225.jpg\" width=\"300\" height=\"225\" data-wp-pid=\"8878\" srcset=\"https:\/\/www.unionbelge.be\/wp-content\/uploads\/2014\/05\/10358957_10152402801588340_4041655727427124205_o-300x225.jpg 300w, https:\/\/www.unionbelge.be\/wp-content\/uploads\/2014\/05\/10358957_10152402801588340_4041655727427124205_o-420x315.jpg 420w, https:\/\/www.unionbelge.be\/wp-content\/uploads\/2014\/05\/10358957_10152402801588340_4041655727427124205_o-800x600.jpg 800w, https:\/\/www.unionbelge.be\/wp-content\/uploads\/2014\/05\/10358957_10152402801588340_4041655727427124205_o-1024x768.jpg 1024w, https:\/\/www.unionbelge.be\/wp-content\/uploads\/2014\/05\/10358957_10152402801588340_4041655727427124205_o-1200x900-cropped.jpg 1200w, https:\/\/www.unionbelge.be\/wp-content\/uploads\/2014\/05\/10358957_10152402801588340_4041655727427124205_o.jpg 2048w\" sizes=\"auto, (max-width: 300px) 100vw, 300px\" \/><\/a>ANALYSE VAN DE VERKIEZINGSDEELNAME VAN DE B.U.B.<\/span><\/b><\/p>\n<p><b><span style=\"color: #000000; font-family: Calibri; font-size: medium;\">De B.U.B. is geschokt door haar slechte verkiezingsresultaten. Hoewel de partij nog nooit zo dynamisch is geweest en nog nooit zoveel leden heeft geteld in alle provincies van Belgi\u00eb, gaat de partij erop achteruit t.o.v. 2010. Op 25 mei haalde de B.U.B. ongeveer 12.500 stemmen (Brussel regionaal inbegrepen, maar zonder Brussel federaal) tegen ongeveer 20.000 stemmen in 2010. Toch geeft de B.U.B. de strijd niet op.<\/span><\/b><\/p>\n<p><span style=\"color: #000000; font-family: Calibri; font-size: medium;\">De oorzaken van de nederlaag zijn verscheiden:\u00a0<\/span><\/p>\n<ul>\n<li>het hele Belgische territorium effici\u00ebnt bestrijken is voor onze partij nog teveel gevraagd, hoewel we overal kieslijsten hadden en alle Belgen voor ons konden stemmen, wat op zich al een fantastische prestatie is als je dit met de andere partijen (behalve de PVDA-PTB, die ook unitair is) vergelijkt;<\/li>\n<li>de media en vooral die van het noorden van het land hebben onze kiescampagne om de \u00e9\u00e9n of andere reden opnieuw volledig doodgezwegen, waarschijnlijk om de \u201ckleine\u201d partijen in het algemeen en de unitaristen in het bijzonder te demoraliseren;<\/li>\n<li>de elektronische stemming bleek in heel Belgi\u00eb vele gebreken te vertonen waarvan ook de B.U.B. waarschijnlijk het slachtoffer is geworden gelet op zijn historisch en onbegrijpelijk lage score in Brussel, wat vooral opvalt bij de voorkeurstemmen: in sommige kantons hebben kandidaten 0 stemmen en soms zijn er vreemde combinaties van opeenvolgende aantallen voorkeursstemmen (op de Brusselse lijst: 18-18-18-18-18 en 17-17-17). De B.U.B. zal bij het bevoegde parlement klacht indienen, maar aangezien er geen enkel onafhankelijk controleorgaan voor de verkiezingsverrichtingen bestaat, zal die klacht ongetwijfeld afgewezen worden\u2026<\/li>\n<li>het gebrek aan financiering van de partij speelt ons parten en laat ons niet toe op te tornen tegen de mastodonten van de particratie die zich op miljoenen euro\u2019s belastinggeld kunnen beroepen. Dit is geen strijd van David tegen Goliath, maar van een mier tegen een olifant.<\/li>\n<\/ul>\n<p><span style=\"color: #000000; font-family: Calibri; font-size: medium;\">Ondanks deze zware tegenslag denkt onze partij niet aan opgeven. Dat komt omdat we er nog steeds van overtuigd zijn dat ons programma het beste is voor Belgi\u00eb en dat de Belgen vroeg of laat de B.U.B. of zijn ideologie heel sterk gaan nodig hebben. De voortschrijdende preseparatistische staatshervormingen voorspellen immers niets goed voor de eenheid van Belgi\u00eb en zullen de portemonnaie van de Belgen steeds zwaarder belasten. Nu al is de Belgische staatsschuld hoger dan 101% van het BNP.<\/span><\/p>\n<p><span style=\"font-family: Calibri;\"><b><span style=\"color: #000000; font-size: medium;\">De B.U.B. dankt nogmaals zijn kiezers. Er zijn dus nog ongeveer 12.500 verstandige Belgen. Als al deze mensen met de B.U.B. zouden meewerken, gaan we de unitaristische droom toch nog spoedig kunnen verwezenlijken. <\/span><\/b><b><span style=\"color: #000000; font-size: medium;\">Leve Belgi\u00eb !<\/span><\/b><\/span><b><span style=\"color: #000000; font-family: Calibri; font-size: medium;\">\u00a0<\/span><\/b><\/p>\n<p>&nbsp;<\/p>\n<p><b><span style=\"color: #000000; font-family: Calibri; font-size: medium;\">ANALYSE DE LA PARTICIPATION AUX ELECTIONS DU B.U.B.<\/span><\/b><\/p>\n<p><b><span style=\"color: #000000; font-family: Calibri; font-size: medium;\">Le B.U.B. est choqu\u00e9 par ses mauvais r\u00e9sultats \u00e9lectoraux. Bien que le parti n\u2019ait jamais \u00e9t\u00e9 si dynamique et n\u2019ait jamais compt\u00e9 autant de membres dans toutes les provinces de la Belgique, le parti recule par rapport \u00e0 2010. Le 25 mai, le B.U.B. a obtenu environ 12.500 voix (y compris Bruxelles r\u00e9gional, mais sans Bruxelles f\u00e9d\u00e9ral) contre environ 20.000 voix en 2010. Malgr\u00e9 cela, le B.U.B. n\u2019abandonne pas la lutte.<\/span><\/b><\/p>\n<p><span style=\"color: #000000; font-family: Calibri; font-size: medium;\">Les causes de la d\u00e9faite sont diverses\u00a0:<\/span><\/p>\n<ul>\n<li>\u00eatre op\u00e9rationnel sur tout le territoire belge est encore trop demand\u00e9 pour notre parti, malgr\u00e9 la pr\u00e9sentation de listes \u00e9lectorales partout, ce qui avait comme cons\u00e9quence que tous les Belges pouvaient voter pour nous. C\u2019\u00e9tait d\u00e9j\u00e0 en soi une performance fantastique si on le compare \u00e0 d\u2019autres partis (sauf le PTB-PVDA, qui est aussi unitaire)\u00a0;<\/li>\n<li>les m\u00e9dias et surtout ceux du nord du pays ont pour une raison ou une autre de nouveau totalement ignor\u00e9 notre campagne \u00e9lectorale, sans doute pour d\u00e9moraliser les \u00ab\u00a0petits\u00a0\u00bb partis en g\u00e9n\u00e9ral et les unitaristes en particulier\u00a0;<\/li>\n<li>le vote \u00e9lectronique semblait entach\u00e9 de nombreux vices dans toute la Belgique dont le B.U.B. a \u00e9t\u00e9 probablement victime vu son score historiquement et incompr\u00e9hensiblement bas \u00e0 Bruxelles, ce qui saute surtout aux yeux au niveau des voix de pr\u00e9f\u00e9rence\u00a0: dans certains cantons les candidats ont 0 voix et parfois il y a des combinaisons \u00e9tranges de nombres successifs de voix de pr\u00e9f\u00e9rence (sur la liste bruxelloise\u00a0: 18-18-18-18-18 et 17-17-17). Le B.U.B. d\u00e9posera plainte aupr\u00e8s du parlement comp\u00e9tent, mais vu l\u2019inexistence d\u2019un organe de contr\u00f4le ind\u00e9pendant des op\u00e9rations \u00e9lectorales, cette plainte sera sans doute \u00e9cart\u00e9e\u2026<\/li>\n<li>le manque de financement du parti est un grand handicap et ne nous permet pas de lutter contre les mastodontes de la particratie qui peuvent faire appel \u00e0 des millions d\u2019euros pay\u00e9s par le contribuable. Ce n\u2019est donc pas une lutte de David contre Goliath, mais d\u2019une fourmi contre un \u00e9l\u00e9phant.<\/li>\n<\/ul>\n<p><span style=\"color: #000000; font-family: Calibri; font-size: medium;\">Malgr\u00e9 ces contretemps, le parti ne pense pas \u00e0 abandonner parce que nous restons convaincus du fait que notre programme est le meilleur pour la Belgique et que les Belges auront t\u00f4t ou tard grandement besoin du B.U.B. ou de son id\u00e9ologie. En effet, les r\u00e9formes de l\u2019Etat continues et pr\u00e9-s\u00e9paratistes ne pr\u00e9sagent rien de bon pour l\u2019unit\u00e9 de la Belgique et alourdiront de plus en plus la charge qui p\u00e8se sur le portemonnaie des Belges. D\u00e9j\u00e0 maintenant, la dette publique belge d\u00e9passe les 101% du PNB.<\/span><\/p>\n<p><b><span style=\"color: #000000; font-family: Calibri; font-size: medium;\">Le B.U.B. remercie encore une fois ses \u00e9lecteurs. Il y a donc encore environ 12.500 Belges intelligents. Si tous ces gens pouvaient collaborer avec le B.U.B., on pourra toujours r\u00e9aliser le r\u00eave unitariste prochainement. Vive la Belgique\u00a0!<\/span><\/b><\/p>\n<p>&nbsp;<\/p>\n","protected":false},"excerpt":{"rendered":"<p>De B.U.B. is geschokt door haar slechte verkiezingsresultaten. Hoewel de partij nog nooit zo dynamisch is geweest en nog nooit zoveel leden heeft geteld in alle provincies van Belgi\u00eb, gaat de partij erop achteruit t.o.v. 2010. Op 25 mei haalde de B.U.B. ongeveer 12.500 stemmen (Brussel regionaal inbegrepen, maar zonder Brussel federaal) tegen ongeveer 20.000 stemmen in 2010. Toch geeft de B.U.B. de strijd niet op.<\/p>\n<p>Le B.U.B. est choqu\u00e9 par ses mauvais r\u00e9sultats \u00e9lectoraux. Bien que le parti n\u2019ait jamais \u00e9t\u00e9 si dynamique et n\u2019ait jamais compt\u00e9 autant de membres dans toutes les provinces de la Belgique, le parti recule par rapport \u00e0 2010. Le 25 mai, le B.U.B. a obtenu environ 12.500 voix (y compris Bruxelles r\u00e9gional, mais sans Bruxelles f\u00e9d\u00e9ral) contre environ 20.000 voix en 2010. Malgr\u00e9 cela, le B.U.B. n\u2019abandonne pas la lutte.<\/p>\n","protected":false},"author":2,"featured_media":0,"comment_status":"closed","ping_status":"closed","sticky":false,"template":"","format":"standard","meta":{"ngg_post_thumbnail":0,"jetpack_post_was_ever_published":false,"_jetpack_newsletter_access":"","_jetpack_dont_email_post_to_subs":false,"_jetpack_newsletter_tier_id":0,"_jetpack_memberships_contains_paywalled_content":false,"powered_cache_disable_cache":false,"_jetpack_memberships_contains_paid_content":false,"footnotes":"","jetpack_publicize_message":"","jetpack_publicize_feature_enabled":true,"jetpack_social_post_already_shared":false,"jetpack_social_options":{"image_generator_settings":{"template":"highway","default_image_id":0,"font":"","enabled":false},"version":2}},"categories":[1,4],"tags":[],"class_list":["post-8931","post","type-post","status-publish","format-standard","hentry","category-news0","category-info"],"jetpack_publicize_connections":[],"jetpack_featured_media_url":"","jetpack_sharing_enabled":true,"jetpack_shortlink":"https:\/\/wp.me\/p6Y7u0-2k3","jetpack_likes_enabled":false,"_links":{"self":[{"href":"https:\/\/www.unionbelge.be\/index.php?rest_route=\/wp\/v2\/posts\/8931","targetHints":{"allow":["GET"]}}],"collection":[{"href":"https:\/\/www.unionbelge.be\/index.php?rest_route=\/wp\/v2\/posts"}],"about":[{"href":"https:\/\/www.unionbelge.be\/index.php?rest_route=\/wp\/v2\/types\/post"}],"author":[{"embeddable":true,"href":"https:\/\/www.unionbelge.be\/index.php?rest_route=\/wp\/v2\/users\/2"}],"replies":[{"embeddable":true,"href":"https:\/\/www.unionbelge.be\/index.php?rest_route=%2Fwp%2Fv2%2Fcomments&post=8931"}],"version-history":[{"count":3,"href":"https:\/\/www.unionbelge.be\/index.php?rest_route=\/wp\/v2\/posts\/8931\/revisions"}],"predecessor-version":[{"id":9606,"href":"https:\/\/www.unionbelge.be\/index.php?rest_route=\/wp\/v2\/posts\/8931\/revisions\/9606"}],"wp:attachment":[{"href":"https:\/\/www.unionbelge.be\/index.php?rest_route=%2Fwp%2Fv2%2Fmedia&parent=8931"}],"wp:term":[{"taxonomy":"category","embeddable":true,"href":"https:\/\/www.unionbelge.be\/index.php?rest_route=%2Fwp%2Fv2%2Fcategories&post=8931"},{"taxonomy":"post_tag","embeddable":true,"href":"https:\/\/www.unionbelge.be\/index.php?rest_route=%2Fwp%2Fv2%2Ftags&post=8931"}],"curies":[{"name":"wp","href":"https:\/\/api.w.org\/{rel}","templated":true}]}}