{"id":8098,"date":"2014-02-14T21:51:13","date_gmt":"2014-02-14T19:51:13","guid":{"rendered":"http:\/\/www.unionbelge.be\/?p=8098"},"modified":"2014-03-09T14:03:56","modified_gmt":"2014-03-09T12:03:56","slug":"reunion-nationale-du-b-u-b-nationale-vergadering-b-u-b-nationaltreffen-b-u-b","status":"publish","type":"post","link":"https:\/\/www.unionbelge.be\/?p=8098","title":{"rendered":"REUNION NATIONALE DU B.U.B. &#8211; NATIONALE VERGADERING B.U.B. &#8211; NATIONALTREFFEN B.U.B."},"content":{"rendered":"<p><b><span style=\"color: #000000; font-family: Calibri; font-size: medium;\"><a href=\"https:\/\/www.unionbelge.be\/wp-content\/uploads\/2013\/03\/BUB_NEW2_LOG0-05.png\"><img loading=\"lazy\" decoding=\"async\" class=\"alignleft size-medium wp-image-6920\" alt=\"BUB_NEW2_LOG0-05\" src=\"https:\/\/www.unionbelge.be\/wp-content\/uploads\/2013\/03\/BUB_NEW2_LOG0-05-300x300.png\" width=\"300\" height=\"300\" srcset=\"https:\/\/www.unionbelge.be\/wp-content\/uploads\/2013\/03\/BUB_NEW2_LOG0-05-300x300.png 300w, https:\/\/www.unionbelge.be\/wp-content\/uploads\/2013\/03\/BUB_NEW2_LOG0-05-420x420.png 420w, https:\/\/www.unionbelge.be\/wp-content\/uploads\/2013\/03\/BUB_NEW2_LOG0-05-100x100.png 100w, https:\/\/www.unionbelge.be\/wp-content\/uploads\/2013\/03\/BUB_NEW2_LOG0-05-800x800.png 800w, https:\/\/www.unionbelge.be\/wp-content\/uploads\/2013\/03\/BUB_NEW2_LOG0-05-150x150.png 150w, https:\/\/www.unionbelge.be\/wp-content\/uploads\/2013\/03\/BUB_NEW2_LOG0-05-1024x1024.png 1024w, https:\/\/www.unionbelge.be\/wp-content\/uploads\/2013\/03\/BUB_NEW2_LOG0-05-630x630.png 630w, https:\/\/www.unionbelge.be\/wp-content\/uploads\/2013\/03\/BUB_NEW2_LOG0-05-200x200.png 200w, https:\/\/www.unionbelge.be\/wp-content\/uploads\/2013\/03\/BUB_NEW2_LOG0-05-1200x1200-cropped.png 1200w, https:\/\/www.unionbelge.be\/wp-content\/uploads\/2013\/03\/BUB_NEW2_LOG0-05.png 1271w\" sizes=\"auto, (max-width: 300px) 100vw, 300px\" \/><\/a>REUNION NATIONALE DU B.U.B.<\/span><\/b><\/p>\n<p><span style=\"font-family: Calibri;\"><span style=\"font-size: medium;\"><b><span style=\"color: #000000;\">En vue des \u00e9lections \u00ab\u00a0f\u00e9d\u00e9rales\u00a0\u00bb du 25 mai 2014, le B.U.B. vous invite \u00e0 sa r\u00e9union nationale qui aura lieu le 22 f\u00e9vrier 2014 \u00e0 partir de 14 h dans une grande salle \u00e0 1080 Bruxelles (Molenbeek), Rue Paloke 77.<\/span><\/b><\/span><\/span><\/p>\n<p><span style=\"font-family: Calibri; font-size: medium;\">Tous les unitaristes belges et la presse y sont les bienvenus pour une r\u00e9ception, une pr\u00e9sentation du parti et de son programme ainsi que des t\u00eates de liste\u00a0!<\/span><\/p>\n<p><span style=\"color: #ff0000; font-family: Calibri; font-size: medium;\"><strong>Le B.U.B. remercie tous les gens qui \u00e9taient pr\u00e9sents ! Toutes les provinces sont presque pr\u00eates pour les \u00e9lections sauf le Limbourg o\u00f9 nous cherchons encore quelque\u00a0 candidats\u00a0!<\/strong><\/span><\/p>\n<p>&nbsp;<\/p>\n<p><b><span style=\"font-family: Calibri; font-size: medium;\">NATIONALE VERGADERING B.U.B.<\/span><\/b><\/p>\n<p><b><span style=\"font-family: Calibri; font-size: medium;\">N.a.v. de \u201cfederale\u201d verkiezingen van 25 mei 2014 nodigt de B.U.B. U uit op zijn nationale vergadering die zal plaatsvinden op 22 februari 2014 vanaf 14 u in een grote zaal te 1080 Brussel (Molenbeek), <span style=\"color: #000000;\">Palokestraat 77.<\/span><\/span><\/b><\/p>\n<p><span style=\"font-family: Calibri; font-size: medium;\">Alle unitaristische Belgen en de pers zijn er welkom voor een receptie, een presentatie van de partij en zijn programma alsook van de lijsttrekkers !<\/span><\/p>\n<p><span style=\"color: #ff0000; font-family: Calibri; font-size: medium;\"><strong><span style=\"font-family: Calibri; font-size: medium;\">De B.U.B. dankt alle aanwezigen voor hun enthousiasme ! Alle provincies behalve Limburg\u00a0(waar we nog enkele kandidaten zoeken) zijn zo goed als klaar voor de verkiezingen !<\/span><\/strong><\/span><\/p>\n<p>&nbsp;<\/p>\n<p><b><span style=\"color: #000000; font-family: Calibri; font-size: medium;\">NATIONALTREFFEN B.U.B.<\/span><\/b><\/p>\n<p><b><span style=\"color: #000000; font-family: Calibri; font-size: medium;\">Gelegentlich der F\u00f6deralwahlen von 25. Mai 2014 ladet die B.U.B. Sie ein f\u00fcr seine Nationalversammlung, die am 22. Februar 2014 um 14 Uhr in einem grossen Raum in 1080 Br\u00fcssel (Molenbeek), <\/span><span style=\"color: #000000; font-family: Calibri; font-size: medium;\">Palokestraat 77<\/span><span style=\"color: #000000; font-family: Calibri; font-size: medium;\">stattfinden wird. <\/span><\/b><\/p>\n<p><span style=\"color: #000000; font-family: Calibri; font-size: medium;\">Alle unitaristische Belgier und die Presse sind dort willkommen f\u00fcr einen Empfang, eine Vorstellung der Partei und ihres Programms wie auch der Spitzenkandidaten ! <\/span><\/p>\n<p><span style=\"color: #ff0000;\"><strong><span style=\"font-family: Calibri; font-size: medium;\">Die B.U.B. dankt allen Anwesenden f\u00fcr ihre Begeisterung ! Jede Provinz ausser Limburg (wo wir noch einige Kandidaten suchen) ist beinahe fertig f\u00fcr den Wahlkampf !<\/span><\/strong><\/span><\/p>\n<p>&nbsp;<\/p>\n","protected":false},"excerpt":{"rendered":"<p>En vue des \u00e9lections \u00ab f\u00e9d\u00e9rales \u00bb du 25 mai 2014, le B.U.B. vous invite \u00e0 sa r\u00e9union nationale qui aura lieu le 22 f\u00e9vrier 2014 \u00e0 partir de 14 h dans une grande salle \u00e0 1080 Bruxelles (Molenbeek), Rue Paloke 77.<\/p>\n<p>N.a.v. de \u201cfederale\u201d verkiezingen van 25 mei 2014 nodigt de B.U.B. U uit op zijn nationale vergadering die zal plaatsvinden op 22 februari 2014 vanaf 14 u in een grote zaal te 1080 Brussel (Molenbeek), Palokestraat 77.<\/p>\n<p>Gelegentlich der F\u00f6deralwahlen von 25. Mai 2014 ladet die B.U.B. Sie ein f\u00fcr seine Nationalversammlung, die am 22. Februar 2014 um 14 Uhr in einem grossen Raum in 1080 Br\u00fcssel (Molenbeek), Palokestraat 77 stattfinden wird. <\/p>\n","protected":false},"author":2,"featured_media":0,"comment_status":"closed","ping_status":"open","sticky":false,"template":"","format":"standard","meta":{"ngg_post_thumbnail":0,"jetpack_post_was_ever_published":false,"_jetpack_newsletter_access":"","_jetpack_dont_email_post_to_subs":false,"_jetpack_newsletter_tier_id":0,"_jetpack_memberships_contains_paywalled_content":false,"powered_cache_disable_cache":false,"_jetpack_memberships_contains_paid_content":false,"footnotes":"","jetpack_publicize_message":"","jetpack_publicize_feature_enabled":true,"jetpack_social_post_already_shared":false,"jetpack_social_options":{"image_generator_settings":{"template":"highway","default_image_id":0,"font":"","enabled":false},"version":2}},"categories":[4],"tags":[],"class_list":["post-8098","post","type-post","status-publish","format-standard","hentry","category-info"],"jetpack_publicize_connections":[],"jetpack_featured_media_url":"","jetpack_sharing_enabled":true,"jetpack_shortlink":"https:\/\/wp.me\/p6Y7u0-26C","jetpack_likes_enabled":false,"_links":{"self":[{"href":"https:\/\/www.unionbelge.be\/index.php?rest_route=\/wp\/v2\/posts\/8098","targetHints":{"allow":["GET"]}}],"collection":[{"href":"https:\/\/www.unionbelge.be\/index.php?rest_route=\/wp\/v2\/posts"}],"about":[{"href":"https:\/\/www.unionbelge.be\/index.php?rest_route=\/wp\/v2\/types\/post"}],"author":[{"embeddable":true,"href":"https:\/\/www.unionbelge.be\/index.php?rest_route=\/wp\/v2\/users\/2"}],"replies":[{"embeddable":true,"href":"https:\/\/www.unionbelge.be\/index.php?rest_route=%2Fwp%2Fv2%2Fcomments&post=8098"}],"version-history":[{"count":9,"href":"https:\/\/www.unionbelge.be\/index.php?rest_route=\/wp\/v2\/posts\/8098\/revisions"}],"predecessor-version":[{"id":8101,"href":"https:\/\/www.unionbelge.be\/index.php?rest_route=\/wp\/v2\/posts\/8098\/revisions\/8101"}],"wp:attachment":[{"href":"https:\/\/www.unionbelge.be\/index.php?rest_route=%2Fwp%2Fv2%2Fmedia&parent=8098"}],"wp:term":[{"taxonomy":"category","embeddable":true,"href":"https:\/\/www.unionbelge.be\/index.php?rest_route=%2Fwp%2Fv2%2Fcategories&post=8098"},{"taxonomy":"post_tag","embeddable":true,"href":"https:\/\/www.unionbelge.be\/index.php?rest_route=%2Fwp%2Fv2%2Ftags&post=8098"}],"curies":[{"name":"wp","href":"https:\/\/api.w.org\/{rel}","templated":true}]}}