{"id":8073,"date":"2014-02-03T19:08:22","date_gmt":"2014-02-03T17:08:22","guid":{"rendered":"http:\/\/www.unionbelge.be\/?p=8073"},"modified":"2014-02-23T19:36:56","modified_gmt":"2014-02-23T17:36:56","slug":"b-u-b-komt-op-alle-belgische-provincies-le-b-u-b-se-presente-dans-toutes-les-provinces-belges-die-b-u-b-nimmt-den-wahlen-teil-allen-belgischen-provinzen","status":"publish","type":"post","link":"https:\/\/www.unionbelge.be\/?p=8073","title":{"rendered":"B.U.B. KOMT OP IN ALLE BELGISCHE PROVINCIES &#8211; LE B.U.B. SE PRESENTE DANS TOUTES LES PROVINCES BELGES &#8211; DIE B.U.B. NIMMT AN DEN WAHLEN TEIL IN ALLEN BELGISCHEN PROVINZEN"},"content":{"rendered":"<style><!--\n\/* Font Definitions *\/ @font-face \t{font-family:\"Times New Roman\"; \tpanose-1:0 2 2 6 3 5 4 5 2 3; \tmso-font-charset:0; \tmso-generic-font-family:auto; \tmso-font-pitch:variable; \tmso-font-signature:50331648 0 0 0 1 0;}  \/* Style Definitions *\/ p.MsoNormal, li.MsoNormal, div.MsoNormal \t{mso-style-parent:\"\"; \tmargin:0in; \tmargin-bottom:.0001pt; \tmso-pagination:widow-orphan; \tfont-size:12.0pt; \tfont-family:\"Times New Roman\"; \tmso-ansi-language:NL;} table.MsoNormalTable \t{mso-style-parent:\"\"; \tfont-size:10.0pt; \tfont-family:\"Times New Roman\";} @page Section1 \t{size:8.5in 11.0in; \tmargin:1.0in 1.25in 1.0in 1.25in; \tmso-header-margin:.5in; \tmso-footer-margin:.5in; \tmso-paper-source:0;} div.Section1 \t{page:Section1;}\n--><\/style>\n<p><a href=\"https:\/\/www.unionbelge.be\/wp-content\/uploads\/2014\/02\/Screen-shot-2014-02-03-at-18.06.46.png\"><img loading=\"lazy\" decoding=\"async\" class=\"alignleft size-medium wp-image-8074\" alt=\"Screen shot 2014-02-03 at 18.06.46\" src=\"https:\/\/www.unionbelge.be\/wp-content\/uploads\/2014\/02\/Screen-shot-2014-02-03-at-18.06.46-300x197.png\" width=\"300\" height=\"197\" srcset=\"https:\/\/www.unionbelge.be\/wp-content\/uploads\/2014\/02\/Screen-shot-2014-02-03-at-18.06.46-300x197.png 300w, https:\/\/www.unionbelge.be\/wp-content\/uploads\/2014\/02\/Screen-shot-2014-02-03-at-18.06.46-420x277.png 420w, https:\/\/www.unionbelge.be\/wp-content\/uploads\/2014\/02\/Screen-shot-2014-02-03-at-18.06.46-600x395.png 600w, https:\/\/www.unionbelge.be\/wp-content\/uploads\/2014\/02\/Screen-shot-2014-02-03-at-18.06.46.png 789w\" sizes=\"auto, (max-width: 300px) 100vw, 300px\" \/><\/a><strong>B.U.B. KOMT OP IN ALLE BELGISCHE PROVINCIES<\/strong><\/p>\n<p><em>Deelname onder voorbehoud wegens <a href=\"https:\/\/www.unionbelge.be\/?p=5421\">de ongrondwettelijkheid van het federalisme<\/a><\/em><\/p>\n<p><strong>Tijdens de federale stembusgang van 25 mei 2014 zal de unitaristische partij B.U.B. in alle Belgische provincies en in Brussel een verkiezingslijst met een tiental kandidaten neerleggen. Dat zou de partij 100.000 stemmen kunnen opleveren. Er komt ook een Franstalige regionale lijst in Brussel<\/strong>.<\/p>\n<p><span style=\"text-decoration: underline;\">De (voorlopige) lijsttrekkers voor de B.U.B. zijn de volgende:<\/span><\/p>\n<p>\u201cFederaal\u201d:<\/p>\n<p>Brussel: Hans Van de Cauter<br \/>\n\u201cVlaams\u201d-Brabant: Marie-Luce Lovinfosse<br \/>\n\u201cWaals\u201d-Brabant: Dimitri Par\u00e9e<br \/>\nNamen : Adrien Mertens<br \/>\nOost-Vlaanderen : Bic Verbiest<br \/>\nWest-Vlaanderen: Catherine Garcet<br \/>\nLuik: Nicolas Jacquemin<br \/>\nLimburg: nog niet bepaald<br \/>\nAntwerpen:\u00a0Kevin Van de Velde<br \/>\nHenegouwen: Romuald Joly<br \/>\nLuxemburg: Jo Conter<\/p>\n<p><strong>\u201cRegionaal\u201d:<\/strong><\/p>\n<p>Brussel (FR): J\u00e9r\u00e9my Charlier<\/p>\n<p>Op deze site (rechts) vindt U ook\u00a0<a href=\"https:\/\/www.unionbelge.be\/wp-content\/uploads\/2014\/01\/PROGRAMMA-PROGRAMME-2014.pdf\"> het verkiezingsprogramma van de B.U.B. in PDF-formaat<\/a><\/p>\n<p><strong>Eventuele kandidaten kunnen zich aanmelden via het adres van onze secretaris: bub@longheval.com.<\/strong><\/p>\n<p>De B.U.B. heeft geen recht op openbare financiering noch op een gegarandeerde toegang tot de media. De strijd tijdens de belangrijkste verkiezingen van ons land is dan ook zeer ongelijk, maar dat ontmoedigt ons niet aangezien we ervan overtuigd zijn dat enkel een meertalige partij de problemen in Belgi\u00eb kan oplossen.<\/p>\n<p>De B.U.B. is inderdaad behoudens de PVDA de enige meertalige partij in Belgi\u00eb. Alleen een stem voor een meertalige partij heeft zin in een meertalig land. Als alle Belgische kiezers voor de federale verkiezingen op een meertalige partij stemmen zullen eindelijk de politiek-communautaire problemen, die onze politiek te dikwijls verlammen, kunnen opgelost worden.<\/p>\n<p>&nbsp;<\/p>\n<p><strong>LE B.U.B. SE PRESENTE DANS TOUTES LES PROVINCES BELGES<\/strong><\/p>\n<p><em>Participation sous r\u00e9serve vu\u00a0<\/em><em><a href=\"https:\/\/www.unionbelge.be\/?p=5421\">l\u2019inconstitutionnalit\u00e9 du f\u00e9d\u00e9ralisme<\/a><\/em><\/p>\n<p><strong>Lors du scrutin f\u00e9d\u00e9ral du 25 mai 2014, le parti unitariste B.U.B. d\u00e9posera une liste \u00e9lectorale avec une dizaine de candidats dans toutes les provinces belges. Cela pourrait rapporter au parti environ 100.000 voix. Il y aura aussi une liste r\u00e9gionale francophone \u00e0 Bruxelles.<\/strong><\/p>\n<p><span style=\"text-decoration: underline;\">Les t\u00eates <\/span><span style=\"text-decoration: underline;\">de listes (provisoires) du B.U.B. sont les suivantes\u00a0:<\/span><\/p>\n<p><strong>&#8220;F\u00e9d\u00e9ral&#8221; :<\/strong><\/p>\n<p>Bruxelles: Hans Van de Cauter<br \/>\nBrabant \u00ab\u00a0flamand\u00a0\u00bb: Marie-Luce Lovinfosse<br \/>\nBrabant \u00ab\u00a0wallon\u00a0\u00bb: Dimitri Par\u00e9e<br \/>\nNamur\u00a0: Adrien Mertens<br \/>\nFlandre orientale: Bic Verbiest<br \/>\nFlandre occidentale: Catherine Garcet<br \/>\nLi\u00e8ge: Nicolas Jacquemin<br \/>\nLimbourg: pas encore d\u00e9termin\u00e9<br \/>\nAnvers:\u00a0Kevin Van de Velde<br \/>\nHainaut: Romuald Joly<br \/>\nLuxembourg: Jo Conter<\/p>\n<p><strong>&#8220;R\u00e9gional&#8221;:<\/strong><\/p>\n<p>Bruxelles (FR)\u00a0: J\u00e9r\u00e9my Charlier<\/p>\n<p>Sur ce site (\u00e0 droite) vous trouverez aussi le <a href=\"https:\/\/www.unionbelge.be\/wp-content\/uploads\/2014\/01\/PROGRAMMA-PROGRAMME-2014.pdf\">le programme \u00e9lectoral du B.U.B. en format PDF.<\/a><\/p>\n<p>Des candidats \u00e9ventuels peuvent s\u2019annoncer via l\u2019adresse de notre secr\u00e9taire\u00a0: <a href=\"mailto:bub@longheval.com\"><span style=\"color: windowtext; text-decoration: none; text-underline: none;\">bub@longheval.com<\/span><\/a>.<\/p>\n<p>Le B.U.B. ne b\u00e9n\u00e9ficie pas de deniers publics et d\u2019aucun acc\u00e8s garanti aux m\u00e9dias. La lutte lors des principales \u00e9lections du pays est donc tr\u00e8s in\u00e9gale, mais cela ne nous d\u00e9courage pas du tout puisque nous sommes convaincus que seul un parti multilingue peut r\u00e9soudre les probl\u00e8mes en Belgique.<\/p>\n<p>En effet, \u00e0 part le PTB, le B.U.B. constitue le seul parti multilingue en Belgique. Or, seul un vote pour un parti multilingue a un sens dans un pays multilingue. Si tous les \u00e9lecteurs belges votent pour un parti multilingue aux \u00e9lections f\u00e9d\u00e9rales, on pourra enfin r\u00e9soudre les probl\u00e8mes politico-communautaires, qui paralysent trop souvent notre politique.<\/p>\n<p>&nbsp;<\/p>\n<p><strong>DIE B.U.B. NIMMT AN DEN WAHLEN TEIL IN ALLEN BELGISCHEN PROVINZEN<\/strong><\/p>\n<p><em>Teilnahme unter vorbehalt <a href=\"https:\/\/www.unionbelge.be\/?p=5421\">wegen der Verfassungswidrigkeit des F\u00f6deralismus<\/a><\/em><\/p>\n<p><strong>W\u00e4hrend der f\u00f6deralen Wahl vom 25. Mai 2014 wird die unitaristische Partei B.U.B. in allen Belgischen Provinzen Wahllisten mit ungef\u00e4hr zehn Kandidaten einreichen. Die Partei k\u00f6nnte also 100.000 Stimmen bekommen. Es wird auch eine regionale Liste in Br\u00fcssel geben.<\/strong><\/p>\n<p>Die vorl\u00e4ufige Spitzenkandidaten f\u00fcr die B.U.B. sind die folgende:<\/p>\n<p><strong>\u201cF\u00f6deral\u201d:<\/strong><\/p>\n<p>Br\u00fcssel: Hans Van de Cauter<br \/>\n\u201cFl\u00e4misch\u201d-Brabant: Marie-Luce Lovinfosse<br \/>\n\u201cWallonisch\u201d-Brabant: Dimitri Par\u00e9e<br \/>\nNamur : Adrien Mertens<br \/>\nOst-Flandren: Bic Verbiest<br \/>\nWest-Flandren: Catherine Garcet<br \/>\nL\u00fcttich: Nicolas Jacquemin<br \/>\nLimburg: noch nicht bestimmt<br \/>\nAntwerpen:\u00a0Kevin Van de Velde<br \/>\nHennegau: Romuald Joly<br \/>\nLuxemburg: Jo Conter<\/p>\n<p><strong>\u201cRegional\u201d:<\/strong><br \/>\nBr\u00fcssel (FR): J\u00e9r\u00e9my Charlier<\/p>\n<p>Auf dieser Seite (rechts)\u00a0 finden Sie auch <a href=\"https:\/\/www.unionbelge.be\/wp-content\/uploads\/2014\/01\/PROGRAMMA-PROGRAMME-2014.pdf\">das Wahlprogramm der B.U.B. in PDF-Format.<\/a><\/p>\n<p><strong>Eventuelle Kandidaten k\u00f6nnen sich unter der Adresse unseres Sekret\u00e4rs anmelden: <a href=\"mailto:bub@longheval.com\"><span style=\"color: windowtext; text-decoration: none;\">bub@longheval.com<\/span><\/a><\/strong><\/p>\n<p><strong>Die B.U.B. hat kein Recht auf \u00f6ffentliche Finanzierung oder garantierte Medienzugang. Der Kampf w\u00e4hrend der wichtigste Wahlen unseres Landes ist daher sehr ungleich, aber das entmudigt uns nicht weil wir davon \u00fcberzeugt sind das nur eine mehrsprachige Partei die Probleme in Belgien l\u00f6sen kann.<\/strong><\/p>\n<p>Die B.U.B. ist allerdings \u2013 die PTB nicht mitgerechnet \u2013 die einzige mehrsprachige Partei Belgiens. Nur eine Stimme f\u00fcr eine mehrsprachige Partei macht Sinn in einem mehrsprachigen Land. Wenn alle Belgischen W\u00e4hler f\u00fcr die f\u00f6derale Wahlen f\u00fcr eine mehrsprachige Partei stimmen, werden endlich die politik-kommunaut\u00e4re Problemen, die unsere Politik zu oft lahmlegen, gel\u00f6st werden k\u00f6nnen.<strong><\/strong><\/p>\n","protected":false},"excerpt":{"rendered":"<p>Tijdens de federale stembusgang van 25 mei 2014 zal de unitaristische partij B.U.B. in alle Belgische provincies en in Brussel een verkiezingslijst met een tiental kandidaten neerleggen. Dat zou de partij 100.000 stemmen kunnen opleveren. Er komt ook een Franstalige regionale lijst in Brussel.<\/p>\n<p>Lors du scrutin f\u00e9d\u00e9ral du 25 mai 2014, le parti unitariste B.U.B. d\u00e9posera une liste \u00e9lectorale avec une dizaine de candidats dans toutes les provinces belges. Cela pourrait rapporter au parti environ 100.000 voix. Il y aura aussi une liste r\u00e9gionale francophone \u00e0 Bruxelles.<\/p>\n<p>W\u00e4hrend der f\u00f6deralen Wahl vom 25. Mai 2014 wird die unitaristische Partei B.U.B. in allen Belgischen Provinzen Wahllisten mit ungef\u00e4hr zehn Kandidaten einreichen. Die Partei k\u00f6nnte also 100.000 Stimmen bekommen. Es wird auch eine regionale Liste in Br\u00fcssel geben.<\/p>\n","protected":false},"author":2,"featured_media":0,"comment_status":"closed","ping_status":"open","sticky":false,"template":"","format":"standard","meta":{"ngg_post_thumbnail":0,"jetpack_post_was_ever_published":false,"_jetpack_newsletter_access":"","_jetpack_dont_email_post_to_subs":false,"_jetpack_newsletter_tier_id":0,"_jetpack_memberships_contains_paywalled_content":false,"powered_cache_disable_cache":false,"_jetpack_memberships_contains_paid_content":false,"footnotes":"","jetpack_publicize_message":"","jetpack_publicize_feature_enabled":true,"jetpack_social_post_already_shared":false,"jetpack_social_options":{"image_generator_settings":{"template":"highway","default_image_id":0,"font":"","enabled":false},"version":2}},"categories":[1,4],"tags":[],"class_list":["post-8073","post","type-post","status-publish","format-standard","hentry","category-news0","category-info"],"jetpack_publicize_connections":[],"jetpack_featured_media_url":"","jetpack_sharing_enabled":true,"jetpack_shortlink":"https:\/\/wp.me\/p6Y7u0-26d","jetpack_likes_enabled":false,"_links":{"self":[{"href":"https:\/\/www.unionbelge.be\/index.php?rest_route=\/wp\/v2\/posts\/8073","targetHints":{"allow":["GET"]}}],"collection":[{"href":"https:\/\/www.unionbelge.be\/index.php?rest_route=\/wp\/v2\/posts"}],"about":[{"href":"https:\/\/www.unionbelge.be\/index.php?rest_route=\/wp\/v2\/types\/post"}],"author":[{"embeddable":true,"href":"https:\/\/www.unionbelge.be\/index.php?rest_route=\/wp\/v2\/users\/2"}],"replies":[{"embeddable":true,"href":"https:\/\/www.unionbelge.be\/index.php?rest_route=%2Fwp%2Fv2%2Fcomments&post=8073"}],"version-history":[{"count":18,"href":"https:\/\/www.unionbelge.be\/index.php?rest_route=\/wp\/v2\/posts\/8073\/revisions"}],"predecessor-version":[{"id":8134,"href":"https:\/\/www.unionbelge.be\/index.php?rest_route=\/wp\/v2\/posts\/8073\/revisions\/8134"}],"wp:attachment":[{"href":"https:\/\/www.unionbelge.be\/index.php?rest_route=%2Fwp%2Fv2%2Fmedia&parent=8073"}],"wp:term":[{"taxonomy":"category","embeddable":true,"href":"https:\/\/www.unionbelge.be\/index.php?rest_route=%2Fwp%2Fv2%2Fcategories&post=8073"},{"taxonomy":"post_tag","embeddable":true,"href":"https:\/\/www.unionbelge.be\/index.php?rest_route=%2Fwp%2Fv2%2Ftags&post=8073"}],"curies":[{"name":"wp","href":"https:\/\/api.w.org\/{rel}","templated":true}]}}