{"id":8009,"date":"2013-12-29T13:17:27","date_gmt":"2013-12-29T11:17:27","guid":{"rendered":"http:\/\/www.unionbelge.be\/?p=8009"},"modified":"2014-09-29T08:39:41","modified_gmt":"2014-09-29T06:39:41","slug":"le-b-u-b-vous-souhaite-joyeux-nouvel-an-de-b-u-b-wenst-een-gelukkig-nieuwjaar","status":"publish","type":"post","link":"https:\/\/www.unionbelge.be\/?p=8009","title":{"rendered":"LE B.U.B. VOUS SOUHAITE UN JOYEUX NOUVEL AN ! &#8211; DE B.U.B. WENST U EEN GELUKKIG NIEUWJAAR !"},"content":{"rendered":"<figure id=\"attachment_8010\" aria-describedby=\"caption-attachment-8010\" style=\"width: 300px\" class=\"wp-caption alignleft\"><img loading=\"lazy\" decoding=\"async\" class=\"size-medium wp-image-8010\" alt=\"Plaisir d\u2019hiver (march\u00e9 de No\u00ebl) \u00e0 Bruxelles \u2013 Winterpret (kerstmarkt) in Brussel\" src=\"https:\/\/www.unionbelge.be\/wp-content\/uploads\/2013\/12\/wp-300x118.jpg\" width=\"300\" height=\"118\" srcset=\"https:\/\/www.unionbelge.be\/wp-content\/uploads\/2013\/12\/wp-300x118.jpg 300w, https:\/\/www.unionbelge.be\/wp-content\/uploads\/2013\/12\/wp-420x165.jpg 420w, https:\/\/www.unionbelge.be\/wp-content\/uploads\/2013\/12\/wp-800x315.jpg 800w, https:\/\/www.unionbelge.be\/wp-content\/uploads\/2013\/12\/wp.jpg 978w\" sizes=\"auto, (max-width: 300px) 100vw, 300px\" \/><figcaption id=\"caption-attachment-8010\" class=\"wp-caption-text\">Plaisir d\u2019hiver (march\u00e9 de No\u00ebl) \u00e0 Bruxelles \u2013 Winterpret (kerstmarkt) in Brussel (photo\/foto: www.radissonblu.com) <cite class=\"vurls\"><\/cite><\/figcaption><\/figure>\n<p style=\"text-align: justify;\"><strong>LE B.U.B. VOUS SOUHAITE UN JOYEUX NOUVEL AN! <\/strong><strong> <\/strong><\/p>\n<p style=\"text-align: justify;\"><strong>Sur le plan politico-communautaire, l\u2019ann\u00e9e 2013 fut une ann\u00e9e sombre et noire pour la Belgique. Apr\u00e8s la scission de l\u2019arrondissement \u00e9lectoral de BHV et le \u2018d\u00e9doublement\u2019 de l\u2019arrondissement judiciaire portant le m\u00eame nom en 2012, la sixi\u00e8me \u201cr\u00e9forme\u201d de l\u2019Etat a \u00e9t\u00e9 poursuivie cette ann\u00e9e. En \u201cr\u00e9formant\u201d le S\u00e9nat, le bicam\u00e9ralisme belge a \u00e9t\u00e9 radicalement d\u00e9mantel\u00e9. De plus, une nouvelle loi de financement, m\u00eame plus complexe que celle de 1989 a \u00e9t\u00e9 vot\u00e9e, attribuant aux r\u00e9gions davantage d\u2019autonomie fiscale. Finalement, des dizaines de comp\u00e9tences belges ont \u00e9t\u00e9 scind\u00e9es.<\/strong><\/p>\n<p>Entretemps, le f\u00e9d\u00e9ralisme linguistique a depuis longtemps d\u00e9pass\u00e9 sa date de p\u00e9remption. Le syst\u00e8me ne peut fonctionner et ne fonctionnera jamais. Il n\u2019a d\u2019ailleurs jamais \u00e9t\u00e9 fabriqu\u00e9 dans ce but. En effet, il n\u2019a \u00e9t\u00e9 cr\u00e9\u00e9 par et pour une particratie nationaliste qui essaye \u00e0 chaque reprise d\u2019accentuer les \u201cdiff\u00e9rences\u201d entre les deux grands groupes linguistiques en Belgique afin de r\u00e9clamer de nouvelles scissions. Plus on scinde, plus on cr\u00e9e des diff\u00e9rences et plus on cr\u00e9e de diff\u00e9rences, plus on scinde. Ainsi, le racisme linguistique se trouve institutionnalis\u00e9 et transform\u00e9 en id\u00e9ologie d\u2019Etat. <strong>La particratie \u00e9tant tellement obs\u00e9d\u00e9e par le f\u00e9d\u00e9ralisme et le conf\u00e9d\u00e9ralisme, elle n\u2019est plus capable de penser en dehors de ce cadre.<\/strong><\/p>\n<p>L\u2019ann\u00e9e suivante, ne nous focalisons pas sur la N-VA, ce parti s\u00e9paratiste (ou conf\u00e9d\u00e9raliste, ce qui est \u00e9videmment la m\u00eame chose) qui n\u2019est qu\u2019un sympt\u00f4me de la maladie nationaliste. <strong>Il est \u00e9crit dans les astres que, dans les mois qui viennent, nous serons assaillis de toutes parts par des messages sinistres \u00e9voquant la fin de la Belgique. Il s\u2019agit naturellement d\u2019une propagande nationaliste et mensong\u00e8re, \u00e0 laquelle il ne faut pas accorder la moindre importance.<\/strong> Le seul but en est de semer la panique et de d\u00e9crocher encore plus de transferts de comp\u00e9tences, soi-disant pour \u201c<em>\u00e9viter le pire<\/em>\u201d. La rengaine est bien connue.<\/p>\n<p>Ceci \u00e9tant dit, l\u2019ann\u00e9e 2014 sera \u00e9galement marqu\u00e9e par les \u00e9lections europ\u00e9ennes, nationales, r\u00e9gionales et communautaires. <strong>Le B.U.B. entend d\u00e9poser des listes dans toute la Belgique afin de donner une voix aux millions d\u2019unitaristes belges.<\/strong> On tient \u00e0 rappeler \u00e0 cet \u00e9gard que ce scrutin est le huiti\u00e8me auquel le B.U.B. participe en un peu plus de 10 an, malgr\u00e9 le fait que le B.U.B. dispose de peu de moyens et de quasiment aucun acc\u00e8s aux m\u00e9dias. C\u2019est d\u00e9j\u00e0 une performance dans cette particratie.<br \/>\n<strong>\u00a0<\/strong><br \/>\n<strong>Le B.U.B. souhaite un tr\u00e8s heureux 2014 \u00e0 tous ceux qui souhaitent l\u2019unit\u00e9 de la Belgique. Travaillons ensemble pour en faire une ann\u00e9e belge en pr\u00e9paration de la nouvelle Belgique unitaire.\u00a0<\/strong><\/p>\n<p><b>Afin de donner encore plus de voix au message unitariste et de coordonner toutes les actions, le B.U.B. a besoin de votre aide. Nous vous demandons de devenir ou de rester sympathisant ou membre en suivant ce lien : <a href=\"https:\/\/www.unionbelge.be\/?page_id=59\"><span>https:\/\/www.unionbelge.be\/?page_id=59<\/span><\/a><\/b><b><span style=\"text-decoration: underline;\"><span> . Veuillez remplir le formulaire et payer la cotisation propos\u00e9e pour 2014 (en principe 20 \u20ac) au num\u00e9ro de compte\u00a0: BE91 068 24176 7776. <\/span><\/span>Merci d&#8217;avance !<\/b><\/p>\n<p>&nbsp;<\/p>\n<p><b>DE B.U.B. WENST U EEN GELUKKIG NIEUWJAAR !<\/b><\/p>\n<p><strong>2013 was op politiek-communautair vlak een somber, gitzwart jaar voor Belgi\u00eb. Na de splitsing van het kiesarrondissement BHV en de \u2018ontdubbeling\u2019 van het gerechtelijke arrondissement dat dezelfde naam draagt (2012), werd de nefaste zesde \u201cstaatshervorming\u201d dit jaar voortgezet. Het Belgische tweekamerstelsel werd door de \u201chervorming\u201d van de Senaat vergaand ontmanteld, een nieuwe en zowaar nog complexere financieringswet dan die van 1989 werd gestemd waardoor de gewesten nog meer financi\u00eble autonomie verkrijgen en tenslotte werden tientallen Belgische bevoegdheden gesplitst.<\/strong><\/p>\n<p>Ondertussen heeft het taalfederalisme sedert lang zijn houdbaarheidsdatum overschreden. Het systeem kan niet werken en zal ook nooit werken. Het is er ook niet voor gemaakt. Het is enkel gemaakt voor en door een taalnationalistische particratie die steeds weer probeert de \u201cverschillen\u201d tussen de twee grote taalgroepen in Belgi\u00eb te benadrukken om nieuwe splitsingen te eisen. Hoe meer men overigens splitst, hoe meer verschillen men cre\u00ebert en hoe meer verschillen men cre\u00ebert, hoe meer men splitst. Het taalracisme wordt zo ge\u00efnstitutionaliseerd en als staatsideologie omgevormd. <strong>De particratie is zo geobsedeerd door het federalisme en confederalisme dat ze niet meer in staat is om buiten dit kader te denken.<\/strong><\/p>\n<p>Laten we ons het komende jaar vooral niet blindstaren op de separatistische (of \u201cconfederalistische\u201d, wat uiteraard hetzelfde is) N-VA, een partij die slechts een symptoom is van de nationalistische ziekte. <strong>Het staat in de sterren geschreven dat we de komende maanden overspoeld zullen worden met onheilsberichten over het einde van Belgi\u00eb. Het gaat hier natuurlijk om leugenachtige nationalistische propaganda, waaraan niet de minste waarde gehecht moet worden<\/strong> en die er enkel en alleen gericht is om paniek te zaaien en nog meer bevoegdheidsoverdrachten af te dwingen, zogezegd om \u201cerger te vermijden\u201d. Het liedje is inmiddels gekend.<\/p>\n<p><strong>Dit gezegd zijnde is 2014 ook het jaar van de Europese, nationale, regionale en communautaire verkiezingen. Het is de bedoeling dat de B.U.B. in heel Belgi\u00eb lijsten neerlegt om aan de miljoenen Belgische unitaristen een stem te bezorgen.<\/strong> We herinneren er in dat opzicht aan dat, ongeacht het feit dat de B.U.B. over weinig middelen en over quasi geen media-aandacht beschikt, dit de achtste opeenvolgende verkiezingen zullen zijn op iets meer dan tien jaar tijd waaraan onze partij meedoet. Dat is geen geringe prestatie in deze particratie.<\/p>\n<p><strong>De B.U.B. wenst alle Belgen die de eenheid van ons land een warm hart toedragen een heel gelukkig 2014 toe. Laten we er samen een Belgisch jaar van maken en de weg naar het nieuwe unitaire Belgi\u00eb inslaan.<\/strong><\/p>\n<p><b>Om een nog luidere stem aan de unitaristische boodschap te geven en alle acties te co\u00f6rdineren, heeft de B.U.B. uw hulp nodig. We vragen u sympathisant te worden of te blijven door op volgende link te klikken\u00a0: <a href=\"https:\/\/www.unionbelge.be\/?page_id=59\"><span>https:\/\/www.unionbelge.be\/?page_id=59<\/span><\/a>. <span style=\"text-decoration: underline;\">Gelieve het formulier in te vullen en het voorgestelde lidgeld voor 2014 (in principe 20 \u20ac) te betalen op ons rekeningnummer: BE91 068 24176 7776. <\/span>Dank bij voorbaat !<\/b><\/p>\n","protected":false},"excerpt":{"rendered":"<p>Sur le plan politico-communautaire, l\u2019ann\u00e9e 2013 fut une ann\u00e9e sombre et noire pour la Belgique. Apr\u00e8s la scission de l\u2019arrondissement \u00e9lectoral de BHV et le \u2018d\u00e9doublement\u2019 de l\u2019arrondissement judiciaire portant le m\u00eame nom en 2012, la sixi\u00e8me \u201cr\u00e9forme\u201d de l\u2019Etat a \u00e9t\u00e9 poursuivie cette ann\u00e9e. En \u201cr\u00e9formant\u201d le S\u00e9nat, le bicam\u00e9ralisme belge a \u00e9t\u00e9 radicalement d\u00e9mantel\u00e9. De plus, une nouvelle loi de financement, m\u00eame plus complexe que celle de 1989 a \u00e9t\u00e9 vot\u00e9e, attribuant aux r\u00e9gions davantage d\u2019autonomie fiscale. Finalement, des dizaines de comp\u00e9tences belges ont \u00e9t\u00e9 scind\u00e9es. <\/p>\n<p>2013 was op politiek-communautair vlak een somber, gitzwart jaar voor Belgi\u00eb. Na de splitsing van het kiesarrondissement BHV en de \u2018ontdubbeling\u2019 van het gerechtelijke arrondissement dat dezelfde naam draagt (2012), werd de nefaste zesde \u201cstaatshervorming\u201d dit jaar voortgezet. Het Belgische tweekamerstelsel werd door de \u201chervorming\u201d van de Senaat vergaand ontmanteld, een nieuwe en zowaar nog complexere financieringswet dan die van 1989 werd gestemd waardoor de gewesten nog meer financi\u00eble autonomie verkrijgen en tenslotte werden tientallen Belgische bevoegdheden gesplitst.<\/p>\n","protected":false},"author":2,"featured_media":0,"comment_status":"closed","ping_status":"closed","sticky":false,"template":"","format":"standard","meta":{"ngg_post_thumbnail":0,"jetpack_post_was_ever_published":false,"_jetpack_newsletter_access":"","_jetpack_dont_email_post_to_subs":false,"_jetpack_newsletter_tier_id":0,"_jetpack_memberships_contains_paywalled_content":false,"powered_cache_disable_cache":false,"_jetpack_memberships_contains_paid_content":false,"footnotes":"","jetpack_publicize_message":"","jetpack_publicize_feature_enabled":true,"jetpack_social_post_already_shared":false,"jetpack_social_options":{"image_generator_settings":{"template":"highway","default_image_id":0,"font":"","enabled":false},"version":2}},"categories":[1,5,4],"tags":[],"class_list":["post-8009","post","type-post","status-publish","format-standard","hentry","category-news0","category-opinions","category-info"],"jetpack_publicize_connections":[],"jetpack_featured_media_url":"","jetpack_sharing_enabled":true,"jetpack_shortlink":"https:\/\/wp.me\/p6Y7u0-25b","jetpack_likes_enabled":false,"_links":{"self":[{"href":"https:\/\/www.unionbelge.be\/index.php?rest_route=\/wp\/v2\/posts\/8009","targetHints":{"allow":["GET"]}}],"collection":[{"href":"https:\/\/www.unionbelge.be\/index.php?rest_route=\/wp\/v2\/posts"}],"about":[{"href":"https:\/\/www.unionbelge.be\/index.php?rest_route=\/wp\/v2\/types\/post"}],"author":[{"embeddable":true,"href":"https:\/\/www.unionbelge.be\/index.php?rest_route=\/wp\/v2\/users\/2"}],"replies":[{"embeddable":true,"href":"https:\/\/www.unionbelge.be\/index.php?rest_route=%2Fwp%2Fv2%2Fcomments&post=8009"}],"version-history":[{"count":12,"href":"https:\/\/www.unionbelge.be\/index.php?rest_route=\/wp\/v2\/posts\/8009\/revisions"}],"predecessor-version":[{"id":9210,"href":"https:\/\/www.unionbelge.be\/index.php?rest_route=\/wp\/v2\/posts\/8009\/revisions\/9210"}],"wp:attachment":[{"href":"https:\/\/www.unionbelge.be\/index.php?rest_route=%2Fwp%2Fv2%2Fmedia&parent=8009"}],"wp:term":[{"taxonomy":"category","embeddable":true,"href":"https:\/\/www.unionbelge.be\/index.php?rest_route=%2Fwp%2Fv2%2Fcategories&post=8009"},{"taxonomy":"post_tag","embeddable":true,"href":"https:\/\/www.unionbelge.be\/index.php?rest_route=%2Fwp%2Fv2%2Ftags&post=8009"}],"curies":[{"name":"wp","href":"https:\/\/api.w.org\/{rel}","templated":true}]}}