{"id":7993,"date":"2013-12-29T05:53:39","date_gmt":"2013-12-29T03:53:39","guid":{"rendered":"http:\/\/www.unionbelge.be\/?p=7993"},"modified":"2013-12-29T13:21:00","modified_gmt":"2013-12-29T11:21:00","slug":"b-u-b-tegen-staatshervorming-le-b-u-b-contre-la-reforme-de-letat","status":"publish","type":"post","link":"https:\/\/www.unionbelge.be\/?p=7993","title":{"rendered":"B.U.B. TEGEN STAATSHERVORMING \u2013 LE B.U.B. CONTRE LA REFORME DE L\u2019ETAT"},"content":{"rendered":"<p><a href=\"https:\/\/www.unionbelge.be\/wp-content\/uploads\/2013\/12\/marianne-1.jpg-874.jpg\"><img loading=\"lazy\" decoding=\"async\" class=\"alignleft size-medium wp-image-8006\" alt=\"marianne-1.jpg-874\" src=\"https:\/\/www.unionbelge.be\/wp-content\/uploads\/2013\/12\/marianne-1.jpg-874-300x158.jpg\" width=\"300\" height=\"158\" srcset=\"https:\/\/www.unionbelge.be\/wp-content\/uploads\/2013\/12\/marianne-1.jpg-874-300x158.jpg 300w, https:\/\/www.unionbelge.be\/wp-content\/uploads\/2013\/12\/marianne-1.jpg-874-420x222.jpg 420w, https:\/\/www.unionbelge.be\/wp-content\/uploads\/2013\/12\/marianne-1.jpg-874-600x318.jpg 600w, https:\/\/www.unionbelge.be\/wp-content\/uploads\/2013\/12\/marianne-1.jpg-874.jpg 716w\" sizes=\"auto, (max-width: 300px) 100vw, 300px\" \/><\/a><br \/>\nIn het laatste nummer van het jaar heeft het vrije tijdschrift Marianne Belgique een hele bladzijde aan de B.U.B. gewijd. De brief van de partij aan de parlementsleden om tegen de staatshervorming te stemmen werd er integraal in opgenomen.<br \/>\nU kan het artikel in PDF lezen:<br \/>\n<a href=\"https:\/\/www.unionbelge.be\/wp-content\/uploads\/2013\/12\/Marianne-12-2013.pdf\">Marianne-12-2013<\/a><\/p>\n<p>De B.U.B. verheugt er zich over dat er nog een vrije pers in Belgi\u00eb bestaat.<\/p>\n<p>Dans son dernier num\u00e9ro de l\u2019ann\u00e9e, le magazine libre Marianne Belgique a consacr\u00e9 une page enti\u00e8re au B.U.B.. La lettre du parti adress\u00e9e aux parlementaires pour voter contre la r\u00e9forme de l\u2019Etat y a \u00e9t\u00e9 publi\u00e9e int\u00e9gralement.<br \/>\nVous pouvez lire l\u2019article en PDF :<br \/>\n<a href=\"https:\/\/www.unionbelge.be\/wp-content\/uploads\/2013\/12\/Marianne-12-2013.pdf\">Marianne-12-2013<\/a><\/p>\n<p>Le B.U.B. se r\u00e9jouit du fait qu\u2019il existe encore une presse libre en Belgique.<\/p>\n","protected":false},"excerpt":{"rendered":"<p>In het laatste nummer van het jaar heeft het vrije tijdschrift Marianne Belgique een hele bladzijde aan de B.U.B. gewijd. De brief van de partij aan de parlementsleden om tegen de staatshervorming te stemmen werd er integraal in opgenomen. U kan het artikel in PDF lezen<\/p>\n<p>Dans son dernier num\u00e9ro de l\u2019ann\u00e9e, le magazine libre Marianne Belgique a consacr\u00e9 une page enti\u00e8re au B.U.B.. La lettre du parti adress\u00e9e aux parlementaires pour voter contre la r\u00e9forme de l\u2019Etat y a \u00e9t\u00e9 publi\u00e9e int\u00e9gralement. Vous pouvez lire l\u2019article en PDF <\/p>\n","protected":false},"author":1,"featured_media":0,"comment_status":"closed","ping_status":"open","sticky":false,"template":"","format":"standard","meta":{"ngg_post_thumbnail":0,"jetpack_post_was_ever_published":false,"_jetpack_newsletter_access":"","_jetpack_dont_email_post_to_subs":false,"_jetpack_newsletter_tier_id":0,"_jetpack_memberships_contains_paywalled_content":false,"powered_cache_disable_cache":false,"_jetpack_memberships_contains_paid_content":false,"footnotes":"","jetpack_publicize_message":"","jetpack_publicize_feature_enabled":true,"jetpack_social_post_already_shared":false,"jetpack_social_options":{"image_generator_settings":{"template":"highway","default_image_id":0,"font":"","enabled":false},"version":2}},"categories":[1,5],"tags":[],"class_list":["post-7993","post","type-post","status-publish","format-standard","hentry","category-news0","category-opinions"],"jetpack_publicize_connections":[],"jetpack_featured_media_url":"","jetpack_sharing_enabled":true,"jetpack_shortlink":"https:\/\/wp.me\/p6Y7u0-24V","jetpack_likes_enabled":false,"_links":{"self":[{"href":"https:\/\/www.unionbelge.be\/index.php?rest_route=\/wp\/v2\/posts\/7993","targetHints":{"allow":["GET"]}}],"collection":[{"href":"https:\/\/www.unionbelge.be\/index.php?rest_route=\/wp\/v2\/posts"}],"about":[{"href":"https:\/\/www.unionbelge.be\/index.php?rest_route=\/wp\/v2\/types\/post"}],"author":[{"embeddable":true,"href":"https:\/\/www.unionbelge.be\/index.php?rest_route=\/wp\/v2\/users\/1"}],"replies":[{"embeddable":true,"href":"https:\/\/www.unionbelge.be\/index.php?rest_route=%2Fwp%2Fv2%2Fcomments&post=7993"}],"version-history":[{"count":14,"href":"https:\/\/www.unionbelge.be\/index.php?rest_route=\/wp\/v2\/posts\/7993\/revisions"}],"predecessor-version":[{"id":8014,"href":"https:\/\/www.unionbelge.be\/index.php?rest_route=\/wp\/v2\/posts\/7993\/revisions\/8014"}],"wp:attachment":[{"href":"https:\/\/www.unionbelge.be\/index.php?rest_route=%2Fwp%2Fv2%2Fmedia&parent=7993"}],"wp:term":[{"taxonomy":"category","embeddable":true,"href":"https:\/\/www.unionbelge.be\/index.php?rest_route=%2Fwp%2Fv2%2Fcategories&post=7993"},{"taxonomy":"post_tag","embeddable":true,"href":"https:\/\/www.unionbelge.be\/index.php?rest_route=%2Fwp%2Fv2%2Ftags&post=7993"}],"curies":[{"name":"wp","href":"https:\/\/api.w.org\/{rel}","templated":true}]}}