{"id":7985,"date":"2013-12-27T18:51:16","date_gmt":"2013-12-27T16:51:16","guid":{"rendered":"http:\/\/www.unionbelge.be\/?p=7985"},"modified":"2016-11-15T19:15:26","modified_gmt":"2016-11-15T18:15:26","slug":"7985","status":"publish","type":"post","link":"https:\/\/www.unionbelge.be\/?p=7985","title":{"rendered":"BON DISCOURS DE NO\u00cbL DU NOUVEAU ROI PHILIPPE &#8211; GOEDE KERSTTOESPRAAK VAN NIEUWE KONING FILIP"},"content":{"rendered":"<p style=\"text-align: justify;\"><strong>BON DISCOURS DE NO\u00cbL DU NOUVEAU ROI PHILIPPE<\/strong><\/p>\n<p style=\"text-align: justify;\"><strong>Le 24 d\u00e9cembre 2013, le Roi Philippe a tenu sa premi\u00e8re allocution de No\u00ebl \u00e0 la nation belge. Le discours royal fut environ la moiti\u00e9 plus courte que ceux de son p\u00e8re et \u00e9tait \u2013 remarquablement \u2013 pour la premi\u00e8re fois tenu dans les trois langues nationales, y compris l\u2019allemand donc.<\/strong><\/p>\n<p style=\"text-align: justify;\">Le Roi s\u2019est directement adress\u00e9 aux Belges. Il confia \u00eatre profond\u00e9ment \u00e9mu tant par les accueils \u00e0 l\u2019occasion des Joyeuses Entr\u00e9es que par le contact quotidien avec les gens. De plus, il a soulign\u00e9 l\u2019importance qu\u2019il accorde au dialogue avec les Belges. Ensuite, le Roi a fait l\u2019\u00e9loge des efforts journaliers de tous les Belges.<\/p>\n<p style=\"text-align: justify;\">Ce sont des paroles d\u2019un souverain qui veut \u00eatre en contact direct avec la population belge. Le Roi a \u00e9galement lou\u00e9 les prestations belges au niveau collectif, entre autres la qualification des Diables Rouges dont le Roi se r\u00e9jouit comme tous les autres Belges. Il a \u00e9galement exprim\u00e9 son soutien explicite aux pauvres dans la soci\u00e9t\u00e9 et a accentu\u00e9 l\u2019importance de la lutte contre la pauvret\u00e9 \u2013 ce qui fait penser au feu Roi Baudouin.<\/p>\n<p>Il \u00e9tait \u00e9galement frappant que le Roi ait consacr\u00e9 moins de 10% de son allocution aux \u201c<em>mesures encourageantes<\/em>\u201d des \u201cgouvernements f\u00e9d\u00e9raux et r\u00e9gionaux\u201d. Ainsi, il a limit\u00e9 ses remerciements obligatoires aux politiciens au strict minimum. <strong>Il ne les a d\u2019ailleurs pas \u2013 et \u00e0 juste titre &#8211; f\u00e9licit\u00e9s pour l\u2019ach\u00e8vement de la \u201cr\u00e9forme\u201d de l\u2019Etat.<\/strong><\/p>\n<p style=\"text-align: justify;\">Le Roi a \u00e9galement soulign\u00e9 l\u2019importance de tisser des liens entre toutes les composantes de la soci\u00e9t\u00e9 et en premier lieu entre tous les Belges. A cet \u00e9gard, il s\u2019est r\u00e9f\u00e9r\u00e9 \u00e0 la situation en Afrique du Sud: \u201c<em>Il y a quinze jours, j\u2019\u00e9tais en Afrique du Sud pour rendre hommage \u00e0 Nelson Mandela, qui a si bien personnifi\u00e9 cette volont\u00e9 de jeter des ponts. Mandela nous a montr\u00e9 que le dialogue et la r\u00e9conciliation peuvent changer le monde. Puisse cette force int\u00e9rieure \u00eatre aussi la n\u00f4tre.<\/em>\u201d. C\u2019\u00e9tait un plaidoyer feutr\u00e9 pour une Belgique unitaire. A l\u2019oppos\u00e9 de la Belgique r\u00e9gionalis\u00e9e et communautaris\u00e9e sur base linguistique, l\u2019Afrique du Sud est, depuis la fin de l\u2019apartheid, un Etat unitaire, organis\u00e9 sur base de neuf ( ! ) provinces (<a href=\"https:\/\/www.unionbelge.be\/?p=7912\">voir notre texte<\/a>). Un message sans \u00e9quivoque \u00e0 l\u2019adresse de la particratie.<\/p>\n<p style=\"text-align: justify;\"><strong>Son allocution en allemand \u00e9tait aussi d\u2019une tr\u00e8s bonne qualit\u00e9, ce qui est en accord parfait avec la grande maturit\u00e9 dont le Roi a fait preuve depuis son accession au tr\u00f4ne le 21 juillet dernier.<\/strong><\/p>\n<p style=\"text-align: justify;\"><strong>Bref, le Roi a tenu une tr\u00e8s bonne allocution qui \u00e9tait peut-\u00eatre un peu prudente. Cependant, ceci est parfaitement compr\u00e9hensible vu le fait qu\u2019il n\u2019occupe sa fonction que depuis peu et que la particratie et sa presse profitent de chaque occasion pour mettre en doute la fonction royale.<\/strong><\/p>\n<p style=\"text-align: justify;\"><strong>GOEDE KERSTTOESPRAAK VAN NIEUWE KONING FILIP<\/strong><\/p>\n<p style=\"text-align: justify;\"><strong>Koning Filip heeft op 24 december 2013 zijn eerste kersttoespraak voor de Belgische natie uitgesproken. De toespraak was ongeveer de helft korter dan bij zijn vader en werd \u2013 opmerkelijk \u2013 voor het eerst in de drie landstalen gehouden, met inbegrip van het Duits dus.<\/strong><\/p>\n<p style=\"text-align: justify;\">De Koning heeft zich rechtstreeks tot de Belgen gericht. Hij zegde diep geraakt te zijn, zowel inzake de ontvangst tijdens de Blijde Intredes als door het dagelijkse contact met de mensen en hecht belang aan het aangaan van de dialoog met alle Belgen. Voorts loofde de Koning de dagelijkse inspanningen van elke Belg.<\/p>\n<p style=\"text-align: justify;\">Het zijn de woorden van een vorst die rechtstreeks in verbinding wil staan met de Belgische bevolking. Ook op het collectieve vlak loofde de Koning Belgische prestaties, zo onder andere de kwalificatie van de Rode Duivels voor het WK voetbal waarover de Koning zich \u2013 net alle Belgen \u2013 zich verheugt. Hij sprak ook zijn expliciete steun uit voor de armen in de maatschappij en zei dat er tegen armoede moet gestreden worden \u2013 wat aan wijlen Koning Boudewijn doet denken.<\/p>\n<p style=\"text-align: justify;\">Opvallend was ook dat de Koning minder dan 10% van zijn toespraak besteedde aan de \u201c<em>bemoedigende maatregelen<\/em>\u201d van de \u201cfederale en de gewestregeringen\u201d. Daarmee beperkt hij de obligatoire dankbetuiging aan de politici tot een strikt minimum. <strong>Hij feliciteerde hen overigens terecht ni\u00e9t met de voltooiing van de \u201cstaatshervorming\u201d !<\/strong><\/p>\n<p style=\"text-align: justify;\">De Koning wees ook op het belang van banden tussen alle geledingen van de maatschappij, en in de eerste plaats tussen alle Belgen. Hierbij aansluitend verwees hij naar de toestand in Zuid-Afrika: \u201c<em>Veertien dagen geleden was ik in Zuid-Afrika voor het eerbetoon aan Nelson Mandela, die de wil om bruggen te bouwen zo goed verpersoonlijkte. Mandela heeft ons getoond dat dialoog en verzoening de wereld kunnen veranderen. Laten wij ook in onszelf die kracht vinden<\/em>\u201d. Dit was een omfloerst pleidooi voor een unitair Belgi\u00eb. In tegenstelling tot het op taalbasis geregionaliseerde en gecommunautariseerde Belgi\u00eb, is Zuid-Afrika sedert het einde van de apartheid een op basis van negen ( ! ) provincies ingedeeld unitair land (<a href=\"https:\/\/www.unionbelge.be\/?p=7912\">zie onze tekst<\/a>). Een niet mis te verstane boodschap aan de particratie.<\/p>\n<p style=\"text-align: justify;\"><strong>Zijn toespraak in het Duits was ook van een zeer hoge kwaliteit, wat perfect past bij de grote rijpheid die de Koning toont sinds zijn troonsbestijging op 21 juli ll.. <\/strong><\/p>\n<p style=\"text-align: justify;\"><strong>Kortom, de Koning heeft een zeer goede toespraak gehouden. Misschien was ze wat voorzichtig, maar dat is absoluut begrijpelijk gelet op het feit dat hij nog niet zo lang zijn functie bekleedt en de particratie en haar pers alle gelegenheden te baat nemen om de koninklijke functie in vraag te stellen.<\/strong><\/p>\n","protected":false},"excerpt":{"rendered":"<p>Le 24 d\u00e9cembre 2013, le Roi Philippe a tenu sa premi\u00e8re allocution de No\u00ebl \u00e0 la nation belge. Le discours royal fut environ la moiti\u00e9 plus courte que ceux de son p\u00e8re et \u00e9tait \u2013 remarquablement \u2013 pour la premi\u00e8re fois tenu dans les trois langues nationales, y compris l\u2019allemand donc.<\/p>\n<p>Koning Filip heeft op 24 december 2013 zijn eerste kersttoespraak voor de Belgische natie uitgesproken. De toespraak was ongeveer de helft korter dan bij zijn vader en werd \u2013 opmerkelijk \u2013 voor het eerst in de drie landstalen gehouden, met inbegrip van het Duits dus.<\/p>\n","protected":false},"author":2,"featured_media":0,"comment_status":"closed","ping_status":"open","sticky":false,"template":"","format":"standard","meta":{"ngg_post_thumbnail":0,"jetpack_post_was_ever_published":false,"_jetpack_newsletter_access":"","_jetpack_dont_email_post_to_subs":false,"_jetpack_newsletter_tier_id":0,"_jetpack_memberships_contains_paywalled_content":false,"powered_cache_disable_cache":false,"_jetpack_memberships_contains_paid_content":false,"footnotes":"","jetpack_publicize_message":"","jetpack_publicize_feature_enabled":true,"jetpack_social_post_already_shared":false,"jetpack_social_options":{"image_generator_settings":{"template":"highway","default_image_id":0,"font":"","enabled":false},"version":2}},"categories":[1,5],"tags":[],"class_list":["post-7985","post","type-post","status-publish","format-standard","hentry","category-news0","category-opinions"],"jetpack_publicize_connections":[],"jetpack_featured_media_url":"","jetpack_sharing_enabled":true,"jetpack_shortlink":"https:\/\/wp.me\/s6Y7u0-7985","jetpack_likes_enabled":false,"_links":{"self":[{"href":"https:\/\/www.unionbelge.be\/index.php?rest_route=\/wp\/v2\/posts\/7985","targetHints":{"allow":["GET"]}}],"collection":[{"href":"https:\/\/www.unionbelge.be\/index.php?rest_route=\/wp\/v2\/posts"}],"about":[{"href":"https:\/\/www.unionbelge.be\/index.php?rest_route=\/wp\/v2\/types\/post"}],"author":[{"embeddable":true,"href":"https:\/\/www.unionbelge.be\/index.php?rest_route=\/wp\/v2\/users\/2"}],"replies":[{"embeddable":true,"href":"https:\/\/www.unionbelge.be\/index.php?rest_route=%2Fwp%2Fv2%2Fcomments&post=7985"}],"version-history":[{"count":11,"href":"https:\/\/www.unionbelge.be\/index.php?rest_route=\/wp\/v2\/posts\/7985\/revisions"}],"predecessor-version":[{"id":10746,"href":"https:\/\/www.unionbelge.be\/index.php?rest_route=\/wp\/v2\/posts\/7985\/revisions\/10746"}],"wp:attachment":[{"href":"https:\/\/www.unionbelge.be\/index.php?rest_route=%2Fwp%2Fv2%2Fmedia&parent=7985"}],"wp:term":[{"taxonomy":"category","embeddable":true,"href":"https:\/\/www.unionbelge.be\/index.php?rest_route=%2Fwp%2Fv2%2Fcategories&post=7985"},{"taxonomy":"post_tag","embeddable":true,"href":"https:\/\/www.unionbelge.be\/index.php?rest_route=%2Fwp%2Fv2%2Ftags&post=7985"}],"curies":[{"name":"wp","href":"https:\/\/api.w.org\/{rel}","templated":true}]}}