{"id":7854,"date":"2013-12-02T00:20:32","date_gmt":"2013-12-01T22:20:32","guid":{"rendered":"http:\/\/www.unionbelge.be\/?p=7854"},"modified":"2016-11-15T13:02:27","modified_gmt":"2016-11-15T12:02:27","slug":"limportance-des-joyeuses-entrees-het-belang-van-de-blijde-intredes","status":"publish","type":"post","link":"https:\/\/www.unionbelge.be\/?p=7854","title":{"rendered":"L&#8217;IMPORTANCE DES JOYEUSES ENTREES &#8211; HET BELANG VAN DE BLIJDE INTREDES"},"content":{"rendered":"<figure id=\"attachment_7865\" aria-describedby=\"caption-attachment-7865\" style=\"width: 300px\" class=\"wp-caption alignleft\"><a href=\"https:\/\/www.unionbelge.be\/wp-content\/uploads\/2013\/12\/Arlon.jpg\"><img loading=\"lazy\" decoding=\"async\" class=\"size-medium wp-image-7865\" src=\"https:\/\/www.unionbelge.be\/wp-content\/uploads\/2013\/12\/Arlon-300x225.jpg\" alt=\"De Blijde Intrede te Aarlen - La Joyeuse Entr\u00e9e \u00e0 Arlon\" width=\"300\" height=\"225\" srcset=\"https:\/\/www.unionbelge.be\/wp-content\/uploads\/2013\/12\/Arlon-300x225.jpg 300w, https:\/\/www.unionbelge.be\/wp-content\/uploads\/2013\/12\/Arlon.jpg 600w\" sizes=\"auto, (max-width: 300px) 100vw, 300px\" \/><\/a><figcaption id=\"caption-attachment-7865\" class=\"wp-caption-text\">De Blijde Intrede te Aarlen &#8211; La Joyeuse Entr\u00e9e \u00e0 Arlon (foto-photo Belga)<\/figcaption><\/figure>\n<p style=\"text-align: justify;\"><strong>L&#8217;IMPORTANCE DES JOYEUSES ENTREES<\/strong><\/p>\n<p><strong>Entre le 6 septembre 2013 et le 6 novembre, 2013, le Roi et la Reine firent leur Joyeuse Entr\u00e9e dans toutes les provinces du pays. L&#8217;intention \u00e9tait \u00e9videmment de saluer les gens, mais la Joyeuse Entr\u00e9e a aussi une signification plus profonde. Une d\u00e9l\u00e9gation du B.U.B \u00e9tait pr\u00e9sente aux 12 Joyeuses Entr\u00e9es. Curieusement, les m\u00e9dias l&#8217;ont \u00e0 peine mentionn\u00e9. Lorsqu&#8217;une poign\u00e9e de flamingants \u00e9tait pr\u00e9sente, celle-ci a obtenu une large attention des m\u00e9dias. Ce n&#8217;est pas normal dans ce que certains appellent une d\u00e9mocratie.<\/strong><\/p>\n<p><strong>1. L&#8217;importance historique de la Joyeuse Entr\u00e9e<\/strong><\/p>\n<p>A partir de 1477, lorsque les Habsbourg dirigaient la Belgique (et les Pays-Bas) les r\u00e9gents \u2013 qui repr\u00e9sentaient le roi d&#8217;Espagne \u2013 faisaient leur Joyeuse Entr\u00e9e dans les capitales des anciennes principaut\u00e9s (la Flandre, le Hainaut, le Brabant, le Luxembourg, la Hollande, la Frise etc.). Ils donn\u00e8rent ainsi le signal qu&#8217;ils respectaient l&#8217;autonomie de chacune des parties de la f\u00e9d\u00e9ration des Habsbourgs. Bien qu&#8217;il e\u00fbt des institutions centrales, qui dans les Pays-Bas ont acquis de plus en plus de puissance, le Roi d&#8217;Espagne \u00e9tait \u00e9galement Comte de Flandre, Duc de Luxembourg, Duc de Brabant, etc.\u00a0 M\u00eame apr\u00e8s la s\u00e9paration des Pays-Bas en 1648 et apr\u00e8s que la Belgique tomba dans les mains de la ligne autrichienne des Habsbourgs en 1713, cet usage a \u00e9t\u00e9 respect\u00e9. L&#8217;occupation fran\u00e7aise (1794-1815) qui a ajout\u00e9 Li\u00e8ge et le Limbourg \u00e0 la Belgique, a rationalis\u00e9 la gouvernance.<\/p>\n<figure id=\"attachment_7894\" aria-describedby=\"caption-attachment-7894\" style=\"width: 300px\" class=\"wp-caption alignleft\"><a href=\"https:\/\/www.unionbelge.be\/wp-content\/uploads\/2013\/12\/Screen-shot-2013-12-04-at-12.05.34.png\"><img loading=\"lazy\" decoding=\"async\" class=\"size-medium wp-image-7894\" src=\"https:\/\/www.unionbelge.be\/wp-content\/uploads\/2013\/12\/Screen-shot-2013-12-04-at-12.05.34-300x169.png\" alt=\"De Blijde Intrede in Gent - La Joyeuse Entr\u00e9e \u00e0 Gand\" width=\"300\" height=\"169\" srcset=\"https:\/\/www.unionbelge.be\/wp-content\/uploads\/2013\/12\/Screen-shot-2013-12-04-at-12.05.34-300x169.png 300w, https:\/\/www.unionbelge.be\/wp-content\/uploads\/2013\/12\/Screen-shot-2013-12-04-at-12.05.34-420x237.png 420w, https:\/\/www.unionbelge.be\/wp-content\/uploads\/2013\/12\/Screen-shot-2013-12-04-at-12.05.34-800x451.png 800w, https:\/\/www.unionbelge.be\/wp-content\/uploads\/2013\/12\/Screen-shot-2013-12-04-at-12.05.34-1024x577.png 1024w, https:\/\/www.unionbelge.be\/wp-content\/uploads\/2013\/12\/Screen-shot-2013-12-04-at-12.05.34-1200x675-cropped.png 1200w, https:\/\/www.unionbelge.be\/wp-content\/uploads\/2013\/12\/Screen-shot-2013-12-04-at-12.05.34.png 1386w\" sizes=\"auto, (max-width: 300px) 100vw, 300px\" \/><\/a><figcaption id=\"caption-attachment-7894\" class=\"wp-caption-text\">De Blijde Intrede in Antwerpen &#8211; La Joyeuse Entr\u00e9e \u00e0 Anvers<\/figcaption><\/figure>\n<p style=\"text-align: justify;\">On a cr\u00e9\u00e9 neuf d\u00e9partements, dont les anciennes principaut\u00e9s ont servi de base (comme le comt\u00e9 de Flandre qui a \u00e9t\u00e9 divis\u00e9 en deux d\u00e9partements, par exemple). Le Royaume de Belgique, ind\u00e9pendant depuis 1830, attribuait de tr\u00e8s larges comp\u00e9tences aux provinces. Entre 1830 et 1970, elles \u00e9taient les seules d\u00e9centralisations\u00a0 de notre pays \u00e0 part les communes. Les rois belges ont poursuivi la tradition des Joyeuses Entr\u00e9es m\u00eame apr\u00e8s la f\u00e9d\u00e9ralisation de la Belgique et la mise sous tutelle ainsi que le transfert (d&#8217;une grande partie) des pouvoirs des conseils provinciaux vers les r\u00e9gions et les communaut\u00e9s.<\/p>\n<p>&nbsp;<\/p>\n<figure id=\"attachment_7856\" aria-describedby=\"caption-attachment-7856\" style=\"width: 225px\" class=\"wp-caption alignleft\"><a href=\"https:\/\/www.unionbelge.be\/wp-content\/uploads\/2013\/12\/Leuven.jpg\"><img loading=\"lazy\" decoding=\"async\" class=\"size-medium wp-image-7856\" src=\"https:\/\/www.unionbelge.be\/wp-content\/uploads\/2013\/12\/Leuven-225x300.jpg\" alt=\"De Blijde Intrede in Leuven - La Joyeuse Entr\u00e9e \u00e0 Louvain\" width=\"225\" height=\"300\" srcset=\"https:\/\/www.unionbelge.be\/wp-content\/uploads\/2013\/12\/Leuven-225x300.jpg 225w, https:\/\/www.unionbelge.be\/wp-content\/uploads\/2013\/12\/Leuven-420x560.jpg 420w, https:\/\/www.unionbelge.be\/wp-content\/uploads\/2013\/12\/Leuven-800x1067.jpg 800w, https:\/\/www.unionbelge.be\/wp-content\/uploads\/2013\/12\/Leuven-768x1024.jpg 768w, https:\/\/www.unionbelge.be\/wp-content\/uploads\/2013\/12\/Leuven-1200x1600.jpg 1200w, https:\/\/www.unionbelge.be\/wp-content\/uploads\/2013\/12\/Leuven-scaled.jpg 1920w\" sizes=\"auto, (max-width: 225px) 100vw, 225px\" \/><\/a><figcaption id=\"caption-attachment-7856\" class=\"wp-caption-text\">De Blijde Intrede in Leuven &#8211; La Joyeuse Entr\u00e9e \u00e0 Leuven<\/figcaption><\/figure>\n<p style=\"text-align: justify;\"><strong>2. Le Roi a soulign\u00e9 l&#8217;importance du r\u00f4le sociologique, \u00e9conomique et politique de la province comme niveau de pouvoir<\/strong><\/p>\n<p>Par ses Joyeuses Entr\u00e9es dans chaque province, le nouveau Roi des Belges, Philippe, a soulign\u00e9 le r\u00f4le sociologique, \u00e9conomique et politique des provinces belges. De plus,\u00a0 il a voulu accentuer l&#8217;unit\u00e9 historique du Brabant en visitant pendant trois jours les villes de\u00a0 Louvain, capitale du Brabant &#8220;flamand&#8221;, de Wavre, capitale du Brabant &#8220;wallon&#8221; et de Bruxelles, jusqu\u2019en 1995 la capitale de la province du Brabant.<\/p>\n<p>Le Roi a \u00e9galement donn\u00e9 un accent social, culturel ou \u00e9conomique \u00e0 ses visites. Les d\u00eeners de travail qui furent consacr\u00e9s \u00e0 deux th\u00e8mes prioritaires de la province d\u00e9montrent que pour le souverain les provinces ne sont pas un niveau de gouvernance inutile, mais au contraire un niveau pertinent. Depuis sa cr\u00e9ation, le B.U.B pr\u00e9conise pareillement une Belgique unitaire sur la base des neuf provinces historiques.<\/p>\n<p><strong>3. La province, niveau rationnel de gestion<\/strong><\/p>\n<p>Les entit\u00e9s f\u00e9d\u00e9r\u00e9es actuelles ne sont pas seulement inconstitutionnelles, mais aussi co\u00fbteuses, inefficaces, antid\u00e9mocratiques, polarisantes, discriminatoires et une menace pour l&#8217;Etat. A force de voir s\u2019attribuer de plus en plus de comp\u00e9tences, elles deviennent des Etats dans l&#8217;Etat. La cons\u00e9quence ultime de ce processus est que la Belgique elle-m\u00eame cesse d&#8217;exister. Le programme de la N- VA peut donc \u00e0 juste titre \u00eatre consid\u00e9r\u00e9 comme le \u00ab couronnement \u00bb du f\u00e9d\u00e9ralisme (voir notre texte).<\/p>\n<figure id=\"attachment_7890\" aria-describedby=\"caption-attachment-7890\" style=\"width: 226px\" class=\"wp-caption alignleft\"><a href=\"https:\/\/www.unionbelge.be\/wp-content\/uploads\/2013\/12\/Screen-shot-2013-12-04-at-12.01.40.png\"><img loading=\"lazy\" decoding=\"async\" class=\"size-medium wp-image-7890\" src=\"https:\/\/www.unionbelge.be\/wp-content\/uploads\/2013\/12\/Screen-shot-2013-12-04-at-12.01.40-226x300.png\" alt=\"De Blijde Intrede in Gent - La Joyeuse Entr\u00e9e \u00e0 Gand\" width=\"226\" height=\"300\" srcset=\"https:\/\/www.unionbelge.be\/wp-content\/uploads\/2013\/12\/Screen-shot-2013-12-04-at-12.01.40-226x300.png 226w, https:\/\/www.unionbelge.be\/wp-content\/uploads\/2013\/12\/Screen-shot-2013-12-04-at-12.01.40-420x556.png 420w, https:\/\/www.unionbelge.be\/wp-content\/uploads\/2013\/12\/Screen-shot-2013-12-04-at-12.01.40.png 588w\" sizes=\"auto, (max-width: 226px) 100vw, 226px\" \/><\/a><figcaption id=\"caption-attachment-7890\" class=\"wp-caption-text\">De Blijde Intrede in Gent &#8211; La Joyeuse Entr\u00e9e \u00e0 Gand<\/figcaption><\/figure>\n<p>Les provinces sont des niveaux de pouvoir rationnels, qui n\u2019ont rien \u00e0 voir avec la langue et qui sont beaucoup plus proches des citoyens que les r\u00e9gions et les communaut\u00e9s. Dans le mod\u00e8le du B.U.B., les provinces auront des comp\u00e9tences qui leur seront accord\u00e9es par le gouvernement national \u00e0 travers des lois ou des arr\u00eat\u00e9s royaux, ainsi que celles concernant les questions d&#8217;int\u00e9r\u00eat provincial. Bien s\u00fbr, le gouvernement belge aura un pouvoir de tutelle sur les provinces et celles-ci ne fonctionneront que dans le cadre de lois-cadres nationales. L&#8217;Etat belge pourra \u00e9galement choisir de mener sa propre politique dans chaque domaine et intervenir lorsque une in\u00e9galit\u00e9 entre les provinces risque de na\u00eetre. En outre, cette r\u00e9forme pourra \u00eatre mise en \u0153uvre relativement rapidement, puisque les structures sont d\u00e9j\u00e0 en place. La province du Brabant n\u00e9cessiterait une r\u00e9unification.<\/p>\n<figure id=\"attachment_7889\" aria-describedby=\"caption-attachment-7889\" style=\"width: 300px\" class=\"wp-caption alignleft\"><a href=\"https:\/\/www.unionbelge.be\/wp-content\/uploads\/2013\/12\/Screen-shot-2013-12-04-at-12.03.47.png\"><img loading=\"lazy\" decoding=\"async\" class=\"size-medium wp-image-7889\" src=\"https:\/\/www.unionbelge.be\/wp-content\/uploads\/2013\/12\/Screen-shot-2013-12-04-at-12.03.47-300x222.png\" alt=\"De Blijde Intrede in Bergen - La Joyeuse Entr\u00e9e \u00e0 Mons\" width=\"300\" height=\"222\" \/><\/a><figcaption id=\"caption-attachment-7889\" class=\"wp-caption-text\">De Blijde Intrede in Bergen &#8211; La Joyeuse Entr\u00e9e \u00e0 Mons<\/figcaption><\/figure>\n<p><strong>4. La particratie ne prot\u00e8ge que ses propres int\u00e9r\u00eats<\/strong><\/p>\n<p style=\"text-align: justify;\">Que les provinces soient la solution pour la plupart des probl\u00e8mes politiques et communautaires est d\u00e9montr\u00e9 par le fait que de nombreux partis veulent les abolir ou les remplacer par des bassins de vie (ou des \u201c<em>streekgewesten<\/em>\u201d) afin de pouvoir mener dans leur propre entit\u00e9 f\u00e9d\u00e9r\u00e9e une politique centralis\u00e9e et de &#8220;flamandisation&#8221; ou de \u00ab wallonisation&#8221;. Le Professeur Reyntjens, qui avait propose en 2011 un f\u00e9d\u00e9ralisme provincial (voir notre texte), avait raison quand il disait: &#8220;<em>Bien s\u00fbr, nos politiciens diront que ce &#8220;n&#8217;est pas possible&#8221; , mais ils ont d\u00e9j\u00e0 prouv\u00e9 que la structure actuelle est \u00e9galement&#8221; impossible&#8221;, m\u00eame si l\u2019on l\u2019am\u00e9liorait<\/em>.&#8221;<\/p>\n<figure id=\"attachment_7857\" aria-describedby=\"caption-attachment-7857\" style=\"width: 300px\" class=\"wp-caption alignleft\"><a href=\"https:\/\/www.unionbelge.be\/wp-content\/uploads\/2013\/12\/Waver.png\"><img loading=\"lazy\" decoding=\"async\" class=\"size-medium wp-image-7857\" src=\"https:\/\/www.unionbelge.be\/wp-content\/uploads\/2013\/12\/Waver-300x213.png\" alt=\"De Blijde Intrede in Waver - La Joyeuse Entr\u00e9e \u00e0 Wavre\" width=\"300\" height=\"213\" \/><\/a><figcaption id=\"caption-attachment-7857\" class=\"wp-caption-text\">De Blijde Intrede in Waver &#8211; La Joyeuse Entr\u00e9e \u00e0 Wavre (foto &#8211; photo: Belga)<\/figcaption><\/figure>\n<p style=\"text-align: justify;\"><strong>5. L&#8217;unitarisme est l&#8217;avenir<\/strong><\/p>\n<p>Le f\u00e9d\u00e9ralisme linguistique n&#8217;a jamais fonctionn\u00e9, ne marchera jamais et ne pourra jamais fonctionner. Il n&#8217;est pas fait pour fonctionner, mais bien pour diviser, satisfaire\u00a0 les nationalistes et d\u00e9fendre les souhaits des opportunistes. Ceux qui pensent que la sixi\u00e8me \u201cr\u00e9forme\u201d de l\u2019Etat va pacifier la Belgique, se trompent . Tant qu&#8217;existera le f\u00e9d\u00e9ralisme linguistique en Belgique, il n&#8217;y aura jamais de paix politico-communautaire durable.<\/p>\n<p>Jef Lambrecht, journaliste et r\u00e9dacteur en chef de la BRT entre 1978 et 2009 (plus tard BRTN et &#8220;VRT&#8221; ) disait \u00e0 juste titre : \u00ab <em>Est-il permis de regarder en arri\u00e8re et d\u2019admettre si n\u00e9cessaire un retour en arri\u00e8re lorsque le chemin emprunt\u00e9 m\u00e8ne nulle part, m\u00eame si celui-ci s&#8217;\u00e9tend presque sur la dur\u00e9e d&#8217;une vie? La question ne peut m\u00eame pas se poser car aucun homme politique en \u201cFlandre\u201d ne d\u00e9fend l&#8217;Etat unitaire<\/em> [ndlr: en dehors du B.U.B.],<em> en d\u00e9pit d&#8217;une tendance importante affich\u00e9e par la population. Si cette lacune \u00e9tait combl\u00e9e sur le march\u00e9 politique, avec le charisme n\u00e9cessaire, cela pourrait d\u00e9montrer que l&#8217;\u00e9lecteur est encore moins pr\u00e9visible que pr\u00e9vu<\/em> \u00bb (<em>De Morgen<\/em>, le 19 janvier 2011).<\/p>\n<figure id=\"attachment_7926\" aria-describedby=\"caption-attachment-7926\" style=\"width: 217px\" class=\"wp-caption alignleft\"><a href=\"https:\/\/www.unionbelge.be\/wp-content\/uploads\/2013\/12\/Screen-shot-2013-12-09-at-00.05.12.png\"><img loading=\"lazy\" decoding=\"async\" class=\"size-medium wp-image-7926\" src=\"https:\/\/www.unionbelge.be\/wp-content\/uploads\/2013\/12\/Screen-shot-2013-12-09-at-00.05.12-217x300.png\" alt=\"De Blijde Intrede in Brugge - La Joyeuse Entr\u00e9e \u00e0 Bruges\" width=\"217\" height=\"300\" srcset=\"https:\/\/www.unionbelge.be\/wp-content\/uploads\/2013\/12\/Screen-shot-2013-12-09-at-00.05.12-217x300.png 217w, https:\/\/www.unionbelge.be\/wp-content\/uploads\/2013\/12\/Screen-shot-2013-12-09-at-00.05.12-420x578.png 420w, https:\/\/www.unionbelge.be\/wp-content\/uploads\/2013\/12\/Screen-shot-2013-12-09-at-00.05.12.png 462w\" sizes=\"auto, (max-width: 217px) 100vw, 217px\" \/><\/a><figcaption id=\"caption-attachment-7926\" class=\"wp-caption-text\">De Blijde Intrede in Brugge &#8211; La Joyeuse Entr\u00e9e \u00e0 Bruges<\/figcaption><\/figure>\n<p><strong>6. La pr\u00e9sence du B.U.B.<\/strong><\/p>\n<p style=\"text-align: justify;\">Comme unique parti vraiment unitariste, le B.U.B ne pouvait rester absent des Joyeuses Entr\u00e9es. A chacune des Joyeuses Entr\u00e9es \u00e0 Louvain, Wavre, Mons, Hasselt, Anvers, Namur, Li\u00e8ge, Arlon, Eupen, Gand, Bruges et Bruxelles, une d\u00e9l\u00e9gation enthousiaste du B.U.B \u00e9tait pr\u00e9sente. Toutefois, malgr\u00e9 le fait que nos d\u00e9l\u00e9gations \u00e9taient souvent plus grandes que celles des flamingants, les m\u00e9dias subventionn\u00e9s nous ont ignor\u00e9. En revanche, la pr\u00e9sence de certains flamingants \u00e9chauff\u00e9s \u00e9tait suffisante pour leur assurer une large couverture m\u00e9diatique. On n\u2019a d\u2019ailleurs jamais annonc\u00e9 de fa\u00e7on triomphale la pr\u00e9sence\u00a0 des milliers de personnes pro-belges (jusqu&#8217;\u00e0 6.000 \u00e0 Gand et \u00e0 Li\u00e8ge !).\u00a0 Ainsi, les m\u00e9dia d\u00e9forment consciemment (ou peut-\u00eatre inconsciemment) l\u2019opinion publique belge, dont la majorit\u00e9 est clairement unitariste. N\u00e9anmoins, bient\u00f4t la vague unitariste ne pourra plus \u00eatre ignor\u00e9e de personne !<\/p>\n<figure id=\"attachment_7858\" aria-describedby=\"caption-attachment-7858\" style=\"width: 300px\" class=\"wp-caption alignleft\"><a href=\"https:\/\/www.unionbelge.be\/wp-content\/uploads\/2013\/12\/Gent.jpg\"><img loading=\"lazy\" decoding=\"async\" class=\"size-medium wp-image-7858\" src=\"https:\/\/www.unionbelge.be\/wp-content\/uploads\/2013\/12\/Gent-300x216.jpg\" alt=\"De Blijde Intrede in Gent - La Joyeuse Entr\u00e9e \u00e0 Gand\" width=\"300\" height=\"216\" \/><\/a><figcaption id=\"caption-attachment-7858\" class=\"wp-caption-text\">De Blijde Intrede in Gent &#8211; La Joyeuse Entr\u00e9e \u00e0 Gand (foto &#8211; photo: Belga)<\/figcaption><\/figure>\n<p style=\"text-align: justify;\"><strong>HET BELANG VAN DE BLIJDE INTREDES<\/strong><br \/>\n<strong>\u00a0<\/strong><br \/>\n<strong>Tussen 6 september en 2013 en 6 november 2013 deden de Koning en de Koningin hun Blijde Intrede in elke provincie van ons land. De bedoeling was natuurlijk om de bevolking te groeten, maar de Blijde Intredes hebben ook een dieperliggende betekenis. De B.U.B. was op alle 12 Blijde Intredes met een delegatie aanwezig. Vreemd genoeg hebben de media hier nauwelijks over bericht. Als er een handvol flaminganten aanwezig waren, kregen deze wel ruime media-aandacht. Dit is niet normaal in wat sommige nog een democratie noemen.<\/strong><br \/>\n<strong>\u00a0<\/strong><br \/>\n<strong>1. De historische betekenis van de Blijde Intredes<\/strong><\/p>\n<figure id=\"attachment_7888\" aria-describedby=\"caption-attachment-7888\" style=\"width: 300px\" class=\"wp-caption alignleft\"><a href=\"https:\/\/www.unionbelge.be\/wp-content\/uploads\/2013\/12\/Screen-shot-2013-12-04-at-12.00.34.png\"><img loading=\"lazy\" decoding=\"async\" class=\"size-medium wp-image-7888\" src=\"https:\/\/www.unionbelge.be\/wp-content\/uploads\/2013\/12\/Screen-shot-2013-12-04-at-12.00.34-300x226.png\" alt=\"De Blijde Intrede in Brussel - La Joyeuse Entr\u00e9e \u00e0 Bruxelles\" width=\"300\" height=\"226\" srcset=\"https:\/\/www.unionbelge.be\/wp-content\/uploads\/2013\/12\/Screen-shot-2013-12-04-at-12.00.34-300x227.png 300w, https:\/\/www.unionbelge.be\/wp-content\/uploads\/2013\/12\/Screen-shot-2013-12-04-at-12.00.34-420x317.png 420w, https:\/\/www.unionbelge.be\/wp-content\/uploads\/2013\/12\/Screen-shot-2013-12-04-at-12.00.34-800x604.png 800w, https:\/\/www.unionbelge.be\/wp-content\/uploads\/2013\/12\/Screen-shot-2013-12-04-at-12.00.34.png 1021w\" sizes=\"auto, (max-width: 300px) 100vw, 300px\" \/><\/a><figcaption id=\"caption-attachment-7888\" class=\"wp-caption-text\">De Blijde Intrede in Brussel &#8211; La Joyeuse Entr\u00e9e \u00e0 Bruxelles<\/figcaption><\/figure>\n<p>Toen Belgi\u00eb (en Nederland) vanaf 1477 door de Habsburgers bestuurd werd, deden de landvoogden \u2013 die de Spaanse Koning vertegenwoordigden \u2013 hun Blijde Intrede in de hoofdplaatsen van de toenmalige vorstendommen (Vlaanderen, Henegouwen, Brabant, Luxemburg, Holland, Friesland enz.). Zij gaven daarmee aan dat ze de autonomie van elk van de onderdelen van de Habsburgse federatie respecteerden. Hoewel er centrale instellingen waren, die in de Nederlanden steeds meer aan macht wonnen, bleef de Koning van Spanje Graaf van Vlaanderen, Hertog van Luxemburg, Hertog van Brabant enz. Ook na de scheiding van de Nederlanden in 1648 en nadat Belgi\u00eb in de handen van de Oostenrijkse Habsburgers overging in 1713 bleef dit gebruik gerespecteerd. De Franse bezetter (1794-1815) voegde Luik en Limburg bij Belgi\u00eb en rationaliseerde het bestuur.<\/p>\n<p style=\"text-align: justify;\">Er werden negen departementen geschapen, waarbij de oude vorstendommen als basis dienden (zo werd het Graafschap Vlaanderen bijvoorbeeld in twee departementen ingedeeld). Het onafhankelijke Koninkrijk Belgi\u00eb van 1830 kende zeer ruime bevoegdheden toe aan de provincies. Tussen 1830 en 1970 zouden zij naast de gemeenten de enige indeling van ons land zijn. De Belgische koningen zetten de traditionele Blijde Intredes voort, ook nadat Belgi\u00eb gefederaliseerd werd en de provinciale besturen (grotendeels) onder voogdij van de gewesten en de gemeenschappen vielen en tegelijkertijd ten voordele van deze laatste veel aan macht hebben moeten inboeten.<\/p>\n<figure id=\"attachment_7859\" aria-describedby=\"caption-attachment-7859\" style=\"width: 300px\" class=\"wp-caption alignleft\"><a href=\"https:\/\/www.unionbelge.be\/wp-content\/uploads\/2013\/12\/Antwerpen.jpg\"><img loading=\"lazy\" decoding=\"async\" class=\"size-medium wp-image-7859\" src=\"https:\/\/www.unionbelge.be\/wp-content\/uploads\/2013\/12\/Antwerpen-300x168.jpg\" alt=\"De Blijde Intrede in Antwerpen - La Joyeuse Entr\u00e9e \u00e0 Anvers\" width=\"300\" height=\"168\" srcset=\"https:\/\/www.unionbelge.be\/wp-content\/uploads\/2013\/12\/Antwerpen-300x168.jpg 300w, https:\/\/www.unionbelge.be\/wp-content\/uploads\/2013\/12\/Antwerpen-420x236.jpg 420w, https:\/\/www.unionbelge.be\/wp-content\/uploads\/2013\/12\/Antwerpen-800x449.jpg 800w, https:\/\/www.unionbelge.be\/wp-content\/uploads\/2013\/12\/Antwerpen-1024x574.jpg 1024w, https:\/\/www.unionbelge.be\/wp-content\/uploads\/2013\/12\/Antwerpen-1200x675-cropped.jpg 1200w\" sizes=\"auto, (max-width: 300px) 100vw, 300px\" \/><\/a><figcaption id=\"caption-attachment-7859\" class=\"wp-caption-text\">De Blijde Intrede in Antwerpen &#8211; La Joyeuse Entr\u00e9e \u00e0 Anvers<\/figcaption><\/figure>\n<p style=\"text-align: justify;\"><strong>2. De Koning benadrukt de rol van de provincie als sociologisch, economisch en politiek bevoegdheidsniveau<\/strong><\/p>\n<p>Door in elke provincie een Blijde Intrede te doen benadrukte de nieuwe Koning der Belgen Filip de sociologische, economische en politieke rol van de Belgische provincies. Eeveneens heeft hij de historische eenheid van Brabant willen onderstrepen door op drie dagen de steden Leuven, hoofdstad van \u201cVlaams\u201d-Brabant, Waver, hoofdstad van \u201cWaals\u201d-Brabant en Brussel, de vroegere hoofdstad van de provincie Brabant \u2013 tot 1995 &#8211; te bezoeken.<\/p>\n<p>De Koning gaf ook uitdrukkelijk een sociaal, cultureel of economisch accent aan zijn bezoeken. De werkdiners gewijd aan twee prioritaire thema&#8217;s voor de provincie bewijzen dat de provincies voor de vorst niet zomaar een nutteloos niveau zijn, maar integendeel relevante bestuursniveaus. Op dezelfde wijze pleit de B.U.B. al sedert haar oprichting voor een unitair Belgi\u00eb op basis van de negen historische provincies.<\/p>\n<p><strong>3. De provincie als rationeel bestuursniveau<\/strong><\/p>\n<p>De huidige deelstaten zijn niet alleen ongrondwettelijk, maar ook duur, ineffici\u00ebnt, ondemocratisch, polariserend, discriminerend en staatsbedreigend. Door ze steeds meer bevoegdheden toe te bedelen ontwikkelen ze zich tot staten binnen de staat. De uiterste consequentie hiervan is dat Belgi\u00eb zelf ophoudt te bestaan. Het programma van de N-VA mag dan ook met recht en rede als de \u201cbekroning\u201d van het federalisme beschouwd worden (zie onze andere tekst).<\/p>\n<figure id=\"attachment_7863\" aria-describedby=\"caption-attachment-7863\" style=\"width: 300px\" class=\"wp-caption alignleft\"><a href=\"https:\/\/www.unionbelge.be\/wp-content\/uploads\/2013\/12\/Eupen.jpg\"><img loading=\"lazy\" decoding=\"async\" class=\"size-medium wp-image-7863\" src=\"https:\/\/www.unionbelge.be\/wp-content\/uploads\/2013\/12\/Eupen-300x169.jpg\" alt=\"De Blijde Intrede te Eupen - La Joyeuse Entr\u00e9e \u00e0 Eupen\" width=\"300\" height=\"169\" srcset=\"https:\/\/www.unionbelge.be\/wp-content\/uploads\/2013\/12\/Eupen-300x169.jpg 300w, https:\/\/www.unionbelge.be\/wp-content\/uploads\/2013\/12\/Eupen.jpg 510w\" sizes=\"auto, (max-width: 300px) 100vw, 300px\" \/><\/a><figcaption id=\"caption-attachment-7863\" class=\"wp-caption-text\">De Blijde Intrede te Eupen &#8211; La Joyeuse Entr\u00e9e \u00e0 Eupen (foto &#8211; photo Belga)<\/figcaption><\/figure>\n<p>De provincies zijn rationele bestuursniveaus, die niet taalgebonden zijn en veel dichter bij de burger staan dan de gewesten en de gemeenschappen. In het model van de B.U.B. zullen de provincies de bevoegdheden krijgen die de nationale overheid hen via wet of Koninklijk Besluit toekent alsook die bevoegdheden m.b.t. materies van provinciaal belang. Uiteraard zal de Belgische overheid een voogdijrecht over de provincies hebben en zullen die enkel binnen nationale kaderwetten opereren. De Belgische staat zal natuurlijk ook zelf steeds in elk bevoegdheidsdomein een eigen politiek kunnen uitstippelen en kunnen ingrijpen indien er ongelijkheid tussen de provincies dreigt te ontstaan. Deze hervorming kan overigens betrekkelijk snel worden doorgevoerd, daar de structuren al bestaan. Wel dient de provincie Brabant natuurlijk herenigd te worden.<\/p>\n<p><strong>4. De particratie beschermt enkel haar eigenbelang<\/strong><\/p>\n<p>Dat de provincies de oplossing zijn voor de meeste politiek-communautaire problemen wordt nog het best bewezen door het feit dat vele partijen ze willen afschaffen of vervangen door streekgewesten (of <em>\u201cbassins de vie<\/em>\u201d) om zo in hun eigen deelstaat een nog meer centralistische politiek te kunnen voeren en de \u201cvervlaamsing\u201d en \u201cverwaalsing\u201d door te zetten. Professor Reyntjens, die in 2011 een provinciaal federalisme voorstelde (zie onze tekst daaromtrent), had het bij het rechte eind toen hij zei: \u2018<em>Natuurlijk zullen onze politici zeggen dat dit \u201cniet kan\u201d, maar ze hebben inmiddels al wel bewezen dat de huidige structuur ook \u201cniet kan\u201d, zelfs indien daaraan zou worden bijgeschaafd<\/em>\u2019.<\/p>\n<figure id=\"attachment_7861\" aria-describedby=\"caption-attachment-7861\" style=\"width: 225px\" class=\"wp-caption alignleft\"><a href=\"https:\/\/www.unionbelge.be\/wp-content\/uploads\/2013\/12\/Hasselt.png\"><img loading=\"lazy\" decoding=\"async\" class=\"size-medium wp-image-7861\" src=\"https:\/\/www.unionbelge.be\/wp-content\/uploads\/2013\/12\/Hasselt-225x300.png\" alt=\"De Blijde Intrede in Hasselt - La Joyeuse Entr\u00e9e \u00e0 Hasselt\" width=\"225\" height=\"300\" srcset=\"https:\/\/www.unionbelge.be\/wp-content\/uploads\/2013\/12\/Hasselt-225x300.png 225w, https:\/\/www.unionbelge.be\/wp-content\/uploads\/2013\/12\/Hasselt-420x558.png 420w, https:\/\/www.unionbelge.be\/wp-content\/uploads\/2013\/12\/Hasselt-600x797.png 600w, https:\/\/www.unionbelge.be\/wp-content\/uploads\/2013\/12\/Hasselt-226x300.png 226w, https:\/\/www.unionbelge.be\/wp-content\/uploads\/2013\/12\/Hasselt.png 669w\" sizes=\"auto, (max-width: 225px) 100vw, 225px\" \/><\/a><figcaption id=\"caption-attachment-7861\" class=\"wp-caption-text\">De Blijde Intrede in Hasselt &#8211; La Joyeuse Entr\u00e9e \u00e0 Hasselt<\/figcaption><\/figure>\n<p style=\"text-align: justify;\"><strong>5. Unitarisme is de toekomst<\/strong><\/p>\n<p>Het taalfederalisme heeft nooit gewerkt, zal nooit werken en kan nooit werken. Het is ook niet gemaakt om te werken, wel om te splitsen, nationalisten te bevredigen en de wensen van opportunisten te behartigen. Diegenen die denken dat de zesde \u2018staatshervorming\u2019 politiek Belgi\u00eb zal pacificeren, dwalen. Zolang het taalfederalisme in Belgi\u00eb bestaat zal er nooit een duurzame politiek-communautaire vrede zijn.<\/p>\n<p style=\"text-align: justify;\">Jef Lambrecht, tussen 1978 en 2009 versslaggever en eindredacteur bij de BRT (later BRTN en \u201cVRT\u201d) zei terecht: \u201c<em>Is het geoorloofd om achterom te kijken en toegelaten om desnoods terug te keren wanneer blijkt dat de ingeslagen weg doodloopt, ook wanneer die al bijna een mensenleven lang wordt bewandeld? De vraag kan niet eens worden gesteld omdat geen enkel politicus in \u201cVlaanderen\u201d opkomt voor de unitaire staat (nota van ons: buiten de B.U.B.), in weerwil van een belangrijke stroming bij het volk. Mocht dit gat in de politieke markt met het nodige charisma worden verkend, dan zou wel eens kunnen blijken dat de kiezer nog minder voorspelbaar is dan wordt aangenomen<\/em>\u201d (<em>De Morgen<\/em>, 19 januari 2011).<\/p>\n<p><strong>6. De aanwezigheid van de B.U.B.<\/strong><\/p>\n<p>Als enige echt unitaristische partij kon de B.U.B. dan ook niet op de Blijde Intredes afwezig blijven. Op elke Blijde Intrede in Leuven, Waver, Bergen, Hasselt, Antwerpen, Namen, Luik, Aarlen, Eupen, Gent, Brugge en Brussel was een enthousiaste delegatie van de B.U.B. aanwezig. Ondanks het feit dat die delegaties dikwijls groter waren dan die van de flaminganten hebben de regimemedia hier nauwelijks of niet over bericht. De aanwezigheid van enkele heetgeblakerde flaminganten was echter wel voldoende voor een ruime berichtgeving. Ook over de duizenden\u00a0 aanwezige Belgisch-gezinden (tot 6.000 in Gent en in Luik !) werd nooit triomfantelijk gedaan. Zo geven de media bewust (of heel misschien onbewust) een totaal verkeerd beeld van de Belgische publieke opinie, waarvan de meerderheid duidelijk unitaristisch denkt. Maar binnenkort zal de unitaristische golf door niemand nog kunnen ontkend worden !<\/p>\n","protected":false},"excerpt":{"rendered":"<p>Entre le 6 septembre 2013 et le 6 novembre, 2013, le Roi et la Reine firent leur Joyeuse Entr\u00e9e dans toutes les provinces du pays. L&#8217;intention \u00e9tait \u00e9videmment de saluer les gens, mais la Joyeuse Entr\u00e9e a aussi une signification plus profonde. Une d\u00e9l\u00e9gation du B.U.B \u00e9tait pr\u00e9sente aux 12 Joyeuses Entr\u00e9es. Curieusement, les m\u00e9dias l&#8217;ont \u00e0 peine mentionn\u00e9. Lorsqu&#8217;une poign\u00e9e de flamingants \u00e9tait pr\u00e9sente, celle-ci a obtenu une large attention des m\u00e9dias. Ce n&#8217;est pas normal dans ce que certains appellent une d\u00e9mocratie.<\/p>\n<p>Tussen 6 september en 2013 en 6 november 2013 deden de Koning en de Koningin hun Blijde Intrede in elke provincie van ons land. De bedoeling was natuurlijk om de bevolking te groeten, maar de Blijde Intredes hebben ook een dieperliggende betekenis. De B.U.B. was op alle 12 Blijde Intredes met een delegatie aanwezig. Vreemd genoeg hebben de media hier nauwelijks over bericht. Als er een handvol flaminganten aanwezig waren, kregen deze wel ruime media-aandacht. Dit is niet normaal in wat sommige nog een democratie noemen.<\/p>\n","protected":false},"author":2,"featured_media":0,"comment_status":"closed","ping_status":"closed","sticky":false,"template":"","format":"standard","meta":{"ngg_post_thumbnail":0,"jetpack_post_was_ever_published":false,"_jetpack_newsletter_access":"","_jetpack_dont_email_post_to_subs":false,"_jetpack_newsletter_tier_id":0,"_jetpack_memberships_contains_paywalled_content":false,"powered_cache_disable_cache":false,"_jetpack_memberships_contains_paid_content":false,"footnotes":"","jetpack_publicize_message":"","jetpack_publicize_feature_enabled":true,"jetpack_social_post_already_shared":false,"jetpack_social_options":{"image_generator_settings":{"template":"highway","default_image_id":0,"font":"","enabled":false},"version":2}},"categories":[1,5],"tags":[],"class_list":["post-7854","post","type-post","status-publish","format-standard","hentry","category-news0","category-opinions"],"jetpack_publicize_connections":[],"jetpack_featured_media_url":"","jetpack_sharing_enabled":true,"jetpack_shortlink":"https:\/\/wp.me\/p6Y7u0-22G","jetpack_likes_enabled":false,"_links":{"self":[{"href":"https:\/\/www.unionbelge.be\/index.php?rest_route=\/wp\/v2\/posts\/7854","targetHints":{"allow":["GET"]}}],"collection":[{"href":"https:\/\/www.unionbelge.be\/index.php?rest_route=\/wp\/v2\/posts"}],"about":[{"href":"https:\/\/www.unionbelge.be\/index.php?rest_route=\/wp\/v2\/types\/post"}],"author":[{"embeddable":true,"href":"https:\/\/www.unionbelge.be\/index.php?rest_route=\/wp\/v2\/users\/2"}],"replies":[{"embeddable":true,"href":"https:\/\/www.unionbelge.be\/index.php?rest_route=%2Fwp%2Fv2%2Fcomments&post=7854"}],"version-history":[{"count":10,"href":"https:\/\/www.unionbelge.be\/index.php?rest_route=\/wp\/v2\/posts\/7854\/revisions"}],"predecessor-version":[{"id":10721,"href":"https:\/\/www.unionbelge.be\/index.php?rest_route=\/wp\/v2\/posts\/7854\/revisions\/10721"}],"wp:attachment":[{"href":"https:\/\/www.unionbelge.be\/index.php?rest_route=%2Fwp%2Fv2%2Fmedia&parent=7854"}],"wp:term":[{"taxonomy":"category","embeddable":true,"href":"https:\/\/www.unionbelge.be\/index.php?rest_route=%2Fwp%2Fv2%2Fcategories&post=7854"},{"taxonomy":"post_tag","embeddable":true,"href":"https:\/\/www.unionbelge.be\/index.php?rest_route=%2Fwp%2Fv2%2Ftags&post=7854"}],"curies":[{"name":"wp","href":"https:\/\/api.w.org\/{rel}","templated":true}]}}