{"id":7807,"date":"2013-11-17T18:11:21","date_gmt":"2013-11-17T16:11:21","guid":{"rendered":"http:\/\/www.unionbelge.be\/?p=7807"},"modified":"2016-11-15T12:41:44","modified_gmt":"2016-11-15T11:41:44","slug":"le-cardinal-leonard-fustige-le-federalisme-linguistique-kardinaal-leonard-haalt-fel-uit-naar-het-taalfederalisme","status":"publish","type":"post","link":"https:\/\/www.unionbelge.be\/?p=7807","title":{"rendered":"L&#8217;ARCHEVEQUE LEONARD FUSTIGE LE FEDERALISME LINGUISTIQUE &#8211;  AARTSBISSCHOP LEONARD HAALT FEL UIT NAAR HET TAALFEDERALISME"},"content":{"rendered":"<p style=\"text-align: justify;\"><strong>FETE DU ROI<\/strong><br \/>\n<strong>\u00a0<\/strong><br \/>\n<strong>De plus en plus de Belges se rendent compte du fait que le f\u00e9d\u00e9ralisme linguistique est une catastrophe. Et ils ne cachent plus leur opinion. C&#8217;est \u00e9galement le cas pour l\u2019archev\u00eaque L\u00e9onard \u00e0 l\u2019occasion de la F\u00eate du Roi (anciennement: la F\u00eate de la Dynastie) du 15 novembre 2013.<\/strong><\/p>\n<p>Pendant l\u2019hom\u00e9lie du Te Deum dans la cath\u00e9drale de Saint-Michel et Gudule \u00e0 Bruxelles le cardinal rendait d\u2019abord bri\u00e8vement hommage \u00e0 l\u2019ancien Roi. Ensuite, il affirmait que le nouveau couple royal avait \u00ab <em>fait preuve d\u2019embl\u00e9e d\u2019une calme et sereine assurance<\/em> \u00bb. Il soulignait les qualit\u00e9s de sagesse et de compassion que des souverains doivent poss\u00e9der. Ce sont en tout cas d\u00e9j\u00e0 des qualit\u00e9s dont \u201cnos\u201d politiciens ne disposent pas\u2026<\/p>\n<p>Toutefois, les propos les plus remarquables \u00e9taient les suivants: \u201c<em>Le Roi Philippe aura besoin de beaucoup de sagesse pour r\u00e9gner dans ce petit pays bien sympathique, <span style=\"text-decoration: underline;\"><strong>mais dont la complexit\u00e9 est invers\u00e9ment proportionnelle \u00e0 sa taille<\/strong><\/span><\/em> \u00bb.<\/p>\n<p>C\u2019est une condamnation s\u00e9v\u00e8re du f\u00e9d\u00e9ralisme linguistique qui divise notre pays dans deux, trois, quatre, voire plus d\u2019entit\u00e9s \u2013 tout d\u00e9pend de la m\u00e9thode de calcul \u2013 qui sont de plus bas\u00e9es sur des fronti\u00e8res linguistiques, attisant et maintenant ainsi officiellement les querelles linguistiques.<\/p>\n<p>Cependant, la complexit\u00e9 du f\u00e9d\u00e9ralisme linguistique ne constitie qu\u2019un seul d\u00e9savantage de ce syst\u00e8me. Il est en outre tr\u00e8s co\u00fbteux (<a href=\"https:\/\/www.unionbelge.be\/?p=4929\">10 milliards d\u2019euros par an<\/a>), inefficace, discriminatoire, antid\u00e9mocratique et d\u00e9stabilise m\u00eame l\u2019Etat (voir le programme du B.U.B.).<\/p>\n<p><strong>Des paroles sages de Mgr. L\u00e9onard contrastant fermement avec la sixi\u00e8me \u201cr\u00e9forme\u201d de l\u2019Etat et le conf\u00e9d\u00e9ralisme (lisez: s\u00e9paratisme) qui sont bas\u00e9s sur ces m\u00eames entit\u00e9s linguistiques et qui occupent actuellement la particratie.<\/strong><\/p>\n<p>&nbsp;<\/p>\n<p><strong>KONINGSFEEST<\/strong><br \/>\n<strong>\u00a0<\/strong><br \/>\n<strong>Niet alleen beseffen steeds meer Belgen dat het taalfederalisme een ramp is, ze durven er ook openlijk voor uitkomen. Zo ook aartsbisschop L\u00e9onard naar aanleiding van Koningsdag\u00a0(vroeger: feest van de Dynastie) op 15 november 2013.<\/strong><\/p>\n<p>Tijdens de homilie van het Te Deum in de Sint-Michiels en Sint-Goedelekathedraal te Brussel had de kardinaal, na een kort eerbetoon aan de oude Koning, het over het nieuwe Koningspaar \u201c<em>die van meet af aan getuigden van kalmte en serene vastberadenheid<\/em>\u201d. Hij wees op de kwaliteiten van wijsheid en genade, waarover vorsten moeten bezitten. Het is alvast zeker dat \u201conze\u201d politici die niet bezitten&#8230;<\/p>\n<p>Maar de meest in het oog springende uitspraak was zonder twijfel de volgende: \u201c<em>Koning Filip zal veel wijsheid nodig hebben om te regeren in dit kleine sympathieke land, <span style=\"text-decoration: underline;\"><strong>waarvan de ingewikkeldheid echter omgekeerd evenredig is aan de grootte<\/strong><\/span><\/em>\u201d.<\/p>\n<p>Dit is zware kritiek op het ingewikkelde taalfederalisme dat ons land in twee, drie, vier of zelfs meer entiteiten verdeelt \u2013 alles hangt van de berekeningswijze af \u2013 en die bovendien op taalgrenzen zijn gebaseerd waardoor taalconflicten officieel worden aangemoedigd en in stand gehouden.<\/p>\n<p>De ingewikkeldheid van het taalfederalisme is nochtans maar \u00e9\u00e9n nadeel van dit systeem. Het is bovendien ook zeer duur (<a href=\"https:\/\/www.unionbelge.be\/?p=4929\">10 miljard euro per jaar<\/a>), ineffici\u00ebnt, discriminerend, ondemocratisch en zelfs staatsbedreigend (zie programma B.U.B.).<\/p>\n<p>Wijze woorden van Mgr. L\u00e9onard, die in schril contrast staan met de zesde \u201cstaatshervorming\u201d alsook met het staatsgevaarlijke confederalisme (lees: separatisme), die gebaseerd zijn op diezelfde taalentiteiten en die de particratie momenteel bezighouden.<\/p>\n","protected":false},"excerpt":{"rendered":"<p>De plus en plus de Belges se rendent compte du fait que le f\u00e9d\u00e9ralisme linguistique est une catastrophe. Et ils ne cachent plus leur opinion. C&#8217;est \u00e9galement le cas pour l\u2019archev\u00eaque L\u00e9onard \u00e0 l\u2019occasion de la F\u00eate du Roi du 15 novembre 2013.<\/p>\n<p>Niet alleen beseffen steeds meer Belgen dat het taalfederalisme een ramp is, ze durven er ook openlijk voor uitkomen. Zo ook aartsbisschop L\u00e9onard naar aanleiding van de Dag van de Dynastie op 15 november 2013.<\/p>\n","protected":false},"author":2,"featured_media":0,"comment_status":"closed","ping_status":"open","sticky":false,"template":"","format":"standard","meta":{"ngg_post_thumbnail":0,"jetpack_post_was_ever_published":false,"_jetpack_newsletter_access":"","_jetpack_dont_email_post_to_subs":false,"_jetpack_newsletter_tier_id":0,"_jetpack_memberships_contains_paywalled_content":false,"powered_cache_disable_cache":false,"_jetpack_memberships_contains_paid_content":false,"footnotes":"","jetpack_publicize_message":"","jetpack_publicize_feature_enabled":true,"jetpack_social_post_already_shared":false,"jetpack_social_options":{"image_generator_settings":{"template":"highway","default_image_id":0,"font":"","enabled":false},"version":2}},"categories":[1],"tags":[],"class_list":["post-7807","post","type-post","status-publish","format-standard","hentry","category-news0"],"jetpack_publicize_connections":[],"jetpack_featured_media_url":"","jetpack_sharing_enabled":true,"jetpack_shortlink":"https:\/\/wp.me\/p6Y7u0-21V","jetpack_likes_enabled":false,"_links":{"self":[{"href":"https:\/\/www.unionbelge.be\/index.php?rest_route=\/wp\/v2\/posts\/7807","targetHints":{"allow":["GET"]}}],"collection":[{"href":"https:\/\/www.unionbelge.be\/index.php?rest_route=\/wp\/v2\/posts"}],"about":[{"href":"https:\/\/www.unionbelge.be\/index.php?rest_route=\/wp\/v2\/types\/post"}],"author":[{"embeddable":true,"href":"https:\/\/www.unionbelge.be\/index.php?rest_route=\/wp\/v2\/users\/2"}],"replies":[{"embeddable":true,"href":"https:\/\/www.unionbelge.be\/index.php?rest_route=%2Fwp%2Fv2%2Fcomments&post=7807"}],"version-history":[{"count":9,"href":"https:\/\/www.unionbelge.be\/index.php?rest_route=\/wp\/v2\/posts\/7807\/revisions"}],"predecessor-version":[{"id":10708,"href":"https:\/\/www.unionbelge.be\/index.php?rest_route=\/wp\/v2\/posts\/7807\/revisions\/10708"}],"wp:attachment":[{"href":"https:\/\/www.unionbelge.be\/index.php?rest_route=%2Fwp%2Fv2%2Fmedia&parent=7807"}],"wp:term":[{"taxonomy":"category","embeddable":true,"href":"https:\/\/www.unionbelge.be\/index.php?rest_route=%2Fwp%2Fv2%2Fcategories&post=7807"},{"taxonomy":"post_tag","embeddable":true,"href":"https:\/\/www.unionbelge.be\/index.php?rest_route=%2Fwp%2Fv2%2Ftags&post=7807"}],"curies":[{"name":"wp","href":"https:\/\/api.w.org\/{rel}","templated":true}]}}