{"id":7771,"date":"2013-11-12T01:41:17","date_gmt":"2013-11-11T23:41:17","guid":{"rendered":"http:\/\/www.unionbelge.be\/?p=7771"},"modified":"2013-11-12T01:48:46","modified_gmt":"2013-11-11T23:48:46","slug":"b-u-b-herdenkt-eerste-wereldoorlog-le-b-u-b-commemore-la-premiere-guerre-mondiale","status":"publish","type":"post","link":"https:\/\/www.unionbelge.be\/?p=7771","title":{"rendered":"B.U.B. HERDENKT EERSTE WERELDOORLOG &#8211; LE B.U.B. COMMEMORE LA PREMIERE GUERRE MONDIALE &#8211; DIE B.U.B. GEDENKT DEM ERSTEN WELTKRIEG"},"content":{"rendered":"<p><a href=\"https:\/\/www.unionbelge.be\/wp-content\/uploads\/2013\/11\/2013-11-11-12.57.05.jpg\"><img loading=\"lazy\" decoding=\"async\" class=\"alignright size-medium wp-image-7772\" alt=\"2013-11-11 12.57.05\" src=\"https:\/\/www.unionbelge.be\/wp-content\/uploads\/2013\/11\/2013-11-11-12.57.05-300x168.jpg\" width=\"300\" height=\"168\" srcset=\"https:\/\/www.unionbelge.be\/wp-content\/uploads\/2013\/11\/2013-11-11-12.57.05-300x168.jpg 300w, https:\/\/www.unionbelge.be\/wp-content\/uploads\/2013\/11\/2013-11-11-12.57.05-420x236.jpg 420w, https:\/\/www.unionbelge.be\/wp-content\/uploads\/2013\/11\/2013-11-11-12.57.05-800x450.jpg 800w, https:\/\/www.unionbelge.be\/wp-content\/uploads\/2013\/11\/2013-11-11-12.57.05-1024x576.jpg 1024w, https:\/\/www.unionbelge.be\/wp-content\/uploads\/2013\/11\/2013-11-11-12.57.05.jpg 1920w\" sizes=\"auto, (max-width: 300px) 100vw, 300px\" \/><\/a><strong>11 NOVEMBER: WAPENSTILSTAND<\/strong><\/p>\n<p>Op 11 november 2013 was een\u00a0delegatie van de B.U.B. aanwezig op de herdenkingsplechtigheid aan de Congreskolom en de Onbekende Soldaat in Brussel.<\/p>\n<p><strong>11 NOVEMBRE: ARMISTICE<\/strong><\/p>\n<p>Le 11 novembre 2013, une d\u00e9l\u00e9gation du B.U.B. \u00e9tait pr\u00e9sente \u00e0 la c\u00e9r\u00e9monie de comm\u00e9moration \u00e0 la Colonne du Congr\u00e8s et au Soldat Inconnu \u00e0 Bruxelles.<\/p>\n<p><strong>11. NOVEMBER: WAFFENSTILLSTAND<\/strong><\/p>\n<p>Am 11. November 2013 war\u00a0eine Delegation der B.U.B. auf der Gedenkzeremonie an der Kongresss\u00e4ule und dem unbekannten Soldaten in Br\u00fcssel anwesend.<\/p>\n<p><a href=\"https:\/\/www.unionbelge.be\/wp-content\/uploads\/2013\/11\/2013-11-11-13.02.18.jpg\"><img loading=\"lazy\" decoding=\"async\" class=\"aligncenter size-large wp-image-7774\" alt=\"2013-11-11 13.02.18\" src=\"https:\/\/www.unionbelge.be\/wp-content\/uploads\/2013\/11\/2013-11-11-13.02.18-576x1024.jpg\" width=\"576\" height=\"1024\" srcset=\"https:\/\/www.unionbelge.be\/wp-content\/uploads\/2013\/11\/2013-11-11-13.02.18-576x1024.jpg 576w, https:\/\/www.unionbelge.be\/wp-content\/uploads\/2013\/11\/2013-11-11-13.02.18-420x747.jpg 420w, https:\/\/www.unionbelge.be\/wp-content\/uploads\/2013\/11\/2013-11-11-13.02.18-800x1422.jpg 800w, https:\/\/www.unionbelge.be\/wp-content\/uploads\/2013\/11\/2013-11-11-13.02.18-168x300.jpg 168w, https:\/\/www.unionbelge.be\/wp-content\/uploads\/2013\/11\/2013-11-11-13.02.18.jpg 1080w\" sizes=\"auto, (max-width: 576px) 100vw, 576px\" \/><\/a><a href=\"https:\/\/www.unionbelge.be\/wp-content\/uploads\/2013\/11\/2013-11-11-13.05.47.jpg\"><img loading=\"lazy\" decoding=\"async\" class=\"aligncenter size-large wp-image-7775\" alt=\"2013-11-11 13.05.47\" src=\"https:\/\/www.unionbelge.be\/wp-content\/uploads\/2013\/11\/2013-11-11-13.05.47-576x1024.jpg\" width=\"576\" height=\"1024\" srcset=\"https:\/\/www.unionbelge.be\/wp-content\/uploads\/2013\/11\/2013-11-11-13.05.47-576x1024.jpg 576w, https:\/\/www.unionbelge.be\/wp-content\/uploads\/2013\/11\/2013-11-11-13.05.47-420x747.jpg 420w, https:\/\/www.unionbelge.be\/wp-content\/uploads\/2013\/11\/2013-11-11-13.05.47-800x1422.jpg 800w, https:\/\/www.unionbelge.be\/wp-content\/uploads\/2013\/11\/2013-11-11-13.05.47-168x300.jpg 168w, https:\/\/www.unionbelge.be\/wp-content\/uploads\/2013\/11\/2013-11-11-13.05.47.jpg 1080w\" sizes=\"auto, (max-width: 576px) 100vw, 576px\" \/><\/a><a href=\"https:\/\/www.unionbelge.be\/wp-content\/uploads\/2013\/11\/2013-11-11-11.59.21.jpg\"><img loading=\"lazy\" decoding=\"async\" class=\"aligncenter size-large wp-image-7776\" alt=\"2013-11-11 11.59.21\" src=\"https:\/\/www.unionbelge.be\/wp-content\/uploads\/2013\/11\/2013-11-11-11.59.21-576x1024.jpg\" width=\"576\" height=\"1024\" srcset=\"https:\/\/www.unionbelge.be\/wp-content\/uploads\/2013\/11\/2013-11-11-11.59.21-576x1024.jpg 576w, https:\/\/www.unionbelge.be\/wp-content\/uploads\/2013\/11\/2013-11-11-11.59.21-420x747.jpg 420w, https:\/\/www.unionbelge.be\/wp-content\/uploads\/2013\/11\/2013-11-11-11.59.21-800x1422.jpg 800w, https:\/\/www.unionbelge.be\/wp-content\/uploads\/2013\/11\/2013-11-11-11.59.21-168x300.jpg 168w, https:\/\/www.unionbelge.be\/wp-content\/uploads\/2013\/11\/2013-11-11-11.59.21.jpg 1080w\" sizes=\"auto, (max-width: 576px) 100vw, 576px\" \/><\/a><a href=\"https:\/\/www.unionbelge.be\/wp-content\/uploads\/2013\/11\/2013-11-11-12.04.38.jpg\"><img loading=\"lazy\" decoding=\"async\" class=\"aligncenter size-large wp-image-7777\" alt=\"2013-11-11 12.04.38\" src=\"https:\/\/www.unionbelge.be\/wp-content\/uploads\/2013\/11\/2013-11-11-12.04.38-1024x576.jpg\" width=\"580\" height=\"326\" srcset=\"https:\/\/www.unionbelge.be\/wp-content\/uploads\/2013\/11\/2013-11-11-12.04.38-1024x576.jpg 1024w, https:\/\/www.unionbelge.be\/wp-content\/uploads\/2013\/11\/2013-11-11-12.04.38-420x236.jpg 420w, https:\/\/www.unionbelge.be\/wp-content\/uploads\/2013\/11\/2013-11-11-12.04.38-800x450.jpg 800w, https:\/\/www.unionbelge.be\/wp-content\/uploads\/2013\/11\/2013-11-11-12.04.38-300x168.jpg 300w, https:\/\/www.unionbelge.be\/wp-content\/uploads\/2013\/11\/2013-11-11-12.04.38.jpg 1920w\" sizes=\"auto, (max-width: 580px) 100vw, 580px\" \/><\/a><a href=\"https:\/\/www.unionbelge.be\/wp-content\/uploads\/2013\/11\/2013-11-11-12.46.05.jpg\"><img loading=\"lazy\" decoding=\"async\" class=\"aligncenter size-large wp-image-7778\" alt=\"2013-11-11 12.46.05\" src=\"https:\/\/www.unionbelge.be\/wp-content\/uploads\/2013\/11\/2013-11-11-12.46.05-1024x576.jpg\" width=\"580\" height=\"326\" srcset=\"https:\/\/www.unionbelge.be\/wp-content\/uploads\/2013\/11\/2013-11-11-12.46.05-1024x576.jpg 1024w, https:\/\/www.unionbelge.be\/wp-content\/uploads\/2013\/11\/2013-11-11-12.46.05-420x236.jpg 420w, https:\/\/www.unionbelge.be\/wp-content\/uploads\/2013\/11\/2013-11-11-12.46.05-800x450.jpg 800w, https:\/\/www.unionbelge.be\/wp-content\/uploads\/2013\/11\/2013-11-11-12.46.05-300x168.jpg 300w, https:\/\/www.unionbelge.be\/wp-content\/uploads\/2013\/11\/2013-11-11-12.46.05-1200x675-cropped.jpg 1200w, https:\/\/www.unionbelge.be\/wp-content\/uploads\/2013\/11\/2013-11-11-12.46.05.jpg 1920w\" sizes=\"auto, (max-width: 580px) 100vw, 580px\" \/><\/a><a href=\"https:\/\/www.unionbelge.be\/wp-content\/uploads\/2013\/11\/2013-11-11-12.50.23.jpg\"><img loading=\"lazy\" decoding=\"async\" class=\"aligncenter size-large wp-image-7779\" alt=\"2013-11-11 12.50.23\" src=\"https:\/\/www.unionbelge.be\/wp-content\/uploads\/2013\/11\/2013-11-11-12.50.23-1024x576.jpg\" width=\"580\" height=\"326\" srcset=\"https:\/\/www.unionbelge.be\/wp-content\/uploads\/2013\/11\/2013-11-11-12.50.23-1024x576.jpg 1024w, https:\/\/www.unionbelge.be\/wp-content\/uploads\/2013\/11\/2013-11-11-12.50.23-420x236.jpg 420w, https:\/\/www.unionbelge.be\/wp-content\/uploads\/2013\/11\/2013-11-11-12.50.23-800x450.jpg 800w, https:\/\/www.unionbelge.be\/wp-content\/uploads\/2013\/11\/2013-11-11-12.50.23-300x168.jpg 300w, https:\/\/www.unionbelge.be\/wp-content\/uploads\/2013\/11\/2013-11-11-12.50.23-1200x675-cropped.jpg 1200w, https:\/\/www.unionbelge.be\/wp-content\/uploads\/2013\/11\/2013-11-11-12.50.23.jpg 1920w\" sizes=\"auto, (max-width: 580px) 100vw, 580px\" \/><\/a><a href=\"https:\/\/www.unionbelge.be\/wp-content\/uploads\/2013\/11\/2013-11-11-12.31.50.jpg\"><img loading=\"lazy\" decoding=\"async\" class=\"aligncenter size-medium wp-image-7773\" alt=\"2013-11-11 12.31.50\" src=\"https:\/\/www.unionbelge.be\/wp-content\/uploads\/2013\/11\/2013-11-11-12.31.50-168x300.jpg\" width=\"168\" height=\"300\" srcset=\"https:\/\/www.unionbelge.be\/wp-content\/uploads\/2013\/11\/2013-11-11-12.31.50-168x300.jpg 168w, https:\/\/www.unionbelge.be\/wp-content\/uploads\/2013\/11\/2013-11-11-12.31.50-420x747.jpg 420w, https:\/\/www.unionbelge.be\/wp-content\/uploads\/2013\/11\/2013-11-11-12.31.50-800x1422.jpg 800w, https:\/\/www.unionbelge.be\/wp-content\/uploads\/2013\/11\/2013-11-11-12.31.50-576x1024.jpg 576w, https:\/\/www.unionbelge.be\/wp-content\/uploads\/2013\/11\/2013-11-11-12.31.50.jpg 1080w\" sizes=\"auto, (max-width: 168px) 100vw, 168px\" \/><\/a><\/p>\n","protected":false},"excerpt":{"rendered":"<p>Op 11 november 2013 was een delegatie van de B.U.B. aanwezig op de herdenkingsplechtigheid aan de Congreskolom en de Onbekende Soldaat in Brussel. <\/p>\n<p>Le 11 novembre 2013, une d\u00e9l\u00e9gation du B.U.B. \u00e9tait pr\u00e9sente \u00e0 la c\u00e9r\u00e9monie de comm\u00e9moration \u00e0 la Colonne du Congr\u00e8s et au Soldat Inconnu \u00e0 Bruxelles.<\/p>\n<p>Am 11. November 2013 war eine Delegation der B.U.B. auf der Gedenkzeremonie an der Kongresss\u00e4ule und dem unbekannten Soldaten in Br\u00fcssel anwesend. <\/p>\n","protected":false},"author":2,"featured_media":0,"comment_status":"closed","ping_status":"open","sticky":false,"template":"","format":"standard","meta":{"ngg_post_thumbnail":0,"jetpack_post_was_ever_published":false,"_jetpack_newsletter_access":"","_jetpack_dont_email_post_to_subs":false,"_jetpack_newsletter_tier_id":0,"_jetpack_memberships_contains_paywalled_content":false,"powered_cache_disable_cache":false,"_jetpack_memberships_contains_paid_content":false,"footnotes":"","jetpack_publicize_message":"","jetpack_publicize_feature_enabled":true,"jetpack_social_post_already_shared":false,"jetpack_social_options":{"image_generator_settings":{"template":"highway","default_image_id":0,"font":"","enabled":false},"version":2}},"categories":[1,4],"tags":[],"class_list":["post-7771","post","type-post","status-publish","format-standard","hentry","category-news0","category-info"],"jetpack_publicize_connections":[],"jetpack_featured_media_url":"","jetpack_sharing_enabled":true,"jetpack_shortlink":"https:\/\/wp.me\/p6Y7u0-21l","jetpack_likes_enabled":false,"_links":{"self":[{"href":"https:\/\/www.unionbelge.be\/index.php?rest_route=\/wp\/v2\/posts\/7771","targetHints":{"allow":["GET"]}}],"collection":[{"href":"https:\/\/www.unionbelge.be\/index.php?rest_route=\/wp\/v2\/posts"}],"about":[{"href":"https:\/\/www.unionbelge.be\/index.php?rest_route=\/wp\/v2\/types\/post"}],"author":[{"embeddable":true,"href":"https:\/\/www.unionbelge.be\/index.php?rest_route=\/wp\/v2\/users\/2"}],"replies":[{"embeddable":true,"href":"https:\/\/www.unionbelge.be\/index.php?rest_route=%2Fwp%2Fv2%2Fcomments&post=7771"}],"version-history":[{"count":3,"href":"https:\/\/www.unionbelge.be\/index.php?rest_route=\/wp\/v2\/posts\/7771\/revisions"}],"predecessor-version":[{"id":7781,"href":"https:\/\/www.unionbelge.be\/index.php?rest_route=\/wp\/v2\/posts\/7771\/revisions\/7781"}],"wp:attachment":[{"href":"https:\/\/www.unionbelge.be\/index.php?rest_route=%2Fwp%2Fv2%2Fmedia&parent=7771"}],"wp:term":[{"taxonomy":"category","embeddable":true,"href":"https:\/\/www.unionbelge.be\/index.php?rest_route=%2Fwp%2Fv2%2Fcategories&post=7771"},{"taxonomy":"post_tag","embeddable":true,"href":"https:\/\/www.unionbelge.be\/index.php?rest_route=%2Fwp%2Fv2%2Ftags&post=7771"}],"curies":[{"name":"wp","href":"https:\/\/api.w.org\/{rel}","templated":true}]}}