{"id":7061,"date":"2013-05-12T10:54:59","date_gmt":"2013-05-12T08:54:59","guid":{"rendered":"http:\/\/www.unionbelge.be\/?p=7061"},"modified":"2016-11-15T11:38:42","modified_gmt":"2016-11-15T10:38:42","slug":"hommage-lambassadeur-gutman-hommage-aan-ambassadeur-gutman","status":"publish","type":"post","link":"https:\/\/www.unionbelge.be\/?p=7061","title":{"rendered":"HOMMAGE A L&#8217;AMBASSADEUR GUTMAN &#8211; HOMMAGE AAN AMBASSADEUR GUTMAN"},"content":{"rendered":"<p style=\"text-align: justify;\"><b>UN UNITARISTE<\/b><\/p>\n<p style=\"text-align: justify;\"><b>Le 23 juillet 2013, le mandat de l&#8217;ambassadeur am\u00e9ricain en Belgique, le d\u00e9mocrate Howard Gutman, prendra fin. <\/b><b>Gutman a \u00e9t\u00e9 nomm\u00e9 ambassadeur des \u00c9tats-Unis dans notre pays en 2009 et il a accompli sa mission brillamment.<\/b><\/p>\n<p style=\"text-align: justify;\">C\u2019\u00e9tait \u00e0 sa propre demande que Gutman a choisi la Belgique pour exercer son mandat d\u2019ambassadeur et, pendant tout le temps qu\u2019il y r\u00e9sidait, il a essay\u00e9 de renforcer les liens belgo-am\u00e9ricains.\u00a0 Son amour sinc\u00e8re de la Belgique et son attachement \u00e0 l&#8217;unit\u00e9 de notre pays furent remarquables. A de nombreuses occasions, il a rappel\u00e9 que la Belgique \u00e9tait l&#8217;un des pays les plus unis au monde \u2013 si pas le pays le plus uni au monde. Il a indiqu\u00e9 que lorsqu&#8217;il y avait des \u00e9lections am\u00e9ricaines, son pays montrait de profondes divisions. Si aux Etats-Unis, le d\u00e9mocrate Obama obtient 51% et son adversaire r\u00e9publicain Romney 49%, cela signifie en effet\u00a0 &#8211; selon Gutman &#8211; que 49% des Am\u00e9ricains sont pour le maintien de la loi permissive sur le port des armes, contre la politique de protection de l\u2019environnement, contre une meilleure accessibilit\u00e9 aux soins de sant\u00e9, contre l&#8217;avortement &#8230; etc. Or, sur toutes ces questions, il y a une parfaite harmonie entre tous les partis belges.<\/p>\n<p style=\"text-align: justify;\">Gutman a visit\u00e9 les 589 communes belges et toutes les dix provinces. Le but officiel de sa &#8220;tourn\u00e9e&#8221; \u00e9tait de renforcer \u00e0 nouveau les liens entre les Etats-Unis et la Belgique, apr\u00e8s les ann\u00e9es difficiles pendant que George W. Bush \u00e9tait pr\u00e9sident. Seul le bourgmestre de la commune Lanaken au Limbourg, l&#8217;extr\u00e9miste flamingant Marino Keulen (VLD) dit ne pas l&#8217;avoir vu passer. En r\u00e9alit\u00e9, Gutman y a \u00e9t\u00e9 (ce qu\u2019une photo devant un h\u00f4tel prouve), mais il n\u2019y a pas rencontr\u00e9 le bourgmestre sans doute parce que l\u2019ambassadeur estimait que ce dernier \u00e9tait trop flamingant.\u00a0 Gutman a aussi tard\u00e9 \u00e0 visiter le parlement &#8220;flamand&#8221;, ce qu\u2019il ne fit qu\u2019\u00e0 la fin de sa tourn\u00e9e. Probablement, il n&#8217;aimait pas s&#8217;y rendre vu ses id\u00e9es unitaristes.\u00a0 Une\u00a0 d\u00e9claration de Gutman (du 17 avril 2013) le met en exergue: <i>\u00abLorsque l\u2019invitation<\/i> [du parlement &#8220;flamand&#8221;] <i>m\u2019est parvenue, j&#8217;ai r\u00e9alis\u00e9 <b>que je n&#8217;avais jamais \u00e9t\u00e9 l\u00e0-bas<\/b><\/i><b> <\/b>&#8220;. On peut en d\u00e9duire que Gutman ne portait pas le f\u00e9d\u00e9ralisme linguistique dans son c\u0153ur, \u00e9galement compte tenu du fait qu\u2019il a tenu ces propos 4 ans apr\u00e8s avoir re\u00e7u son mandat et trois mois avant son d\u00e9part&#8230;<\/p>\n<p style=\"text-align: justify;\">Le 5 mai 2013, sa tourn\u00e9e de la Belgique s\u2019est achev\u00e9e par une visite \u00e0 la commune bilingue limbourgeoise de Fourons. Le soir m\u00eame, il concluait sa visite\u00a0 aux communes et aux provinces\u00a0lors d\u2019une r\u00e9ception en pr\u00e9sence de tous les bourgmestres, de tous les gouverneurs de province et du premier ministre. En d&#8217;autres termes, Gutman n\u2019a accueilli que les entit\u00e9s que existeraient dans une v\u00e9ritable Belgique unitaire. Parmi les nombreux et superflus ministres des communaut\u00e9s et des r\u00e9gions, il a choisi &#8211; \u00e0 juste titre \u2013 de ne pas en inviter un seul. Fameux message politique, m\u00eame si &#8211; naturellement \u2013 \u00ab\u00a0nos\u00a0\u00bb m\u00e9dias n&#8217;en ont pas parl\u00e9\u2026<\/p>\n<p style=\"text-align: justify;\"><b>Il est bon \u00e0 savoir que les s\u00e9paratistes et nationalistes linguistiques en Belgique ne peuvent pas compter sur le soutien de la plus grande puissance mondiale. <\/b><b>Cela rend leur lutte grotesque encore plus path\u00e9tique. Cet \u00e9t\u00e9, le 23 juillet, Gutman quittera son poste d&#8217;ambassadeur, deux semaines apr\u00e8s la f\u00ea<\/b><b>te nationale am\u00e9ricaine et deux jours apr\u00e8s la f\u00ea<\/b><b>te nationale belge. De nouveau un symbole. Bien que l&#8217;on ne connaisse pas encore le nom de son successeur, il est certain que l&#8217;ambassadeur Gutman nous manquera. <\/b><\/p>\n<p>&nbsp;<\/p>\n<p style=\"text-align: justify;\"><strong>EEN UNITARIST<\/strong><\/p>\n<p style=\"text-align: justify;\"><strong>Op 23 juli 2013 eindigt het mandaat van de Amerikaanse ambassadeur in Belgi\u00eb, de democraat Howard Gutman. Gutman werd in 2009 benoemd als ambassadeur van de Verenigde Staten in ons land en heeft zijn taak met brio volbracht.<\/strong><\/p>\n<p style=\"text-align: justify;\">Het was op eigen vraag dat Gutman Belgi\u00eb koos voor zijn ambassadeurschap en in de tijd dat hij hier verbleef heeft hij geprobeerd de Belgisch-Amerikaanse banden nauwer aan te halen. Zeer opmerkelijk was echter zijn uitgesproken voorliefde voor Belgi\u00eb en zijn gehechtheid aan de eenheid van ons land. Talloze malen heeft hij herhaald dat Belgi\u00eb \u00e9\u00e9n van de meest verenigde landen ter wereld is \u2013 of zelfs het meest verenigde land. Hij wees erop dat wanneer er in Amerika verkiezingen zijn, het land zijn diepe verdeeldheid toont. Als in zijn thuisland de democraat Obama 51% haalt en zijn republikeinse tegenstander Romney 49%, dan betekent dat immers \u2013 zo Gutman \u2013 dat 49% van de Amerikanen voor de handhaving van de soepele wapenwet zijn, tegen een milieuvriendelijk beleid, tegen een toegankelijke openbare gezondheidszorg, tegen abortus&#8230; enz.. Maar over al die thema\u2019s bestaat er tussen alle Belgische partijen een roerende eensgezindheid.<\/p>\n<p style=\"text-align: justify;\">Gutman bezocht alle 589 Belgische gemeenten en alle 10 provincies. Het offici\u00eble doel van zijn \u2018tournee\u2019 was om de banden tussen de Verenigde Staten en Belgi\u00eb opnieuw aan te halen, zeker na de moeilijke jaren tijdens het presidentschap van George W. Bush. Alleen de burgemeester van het Limburgse Lanaken, de \u201cVlaams\u201d-nationale extremist Marino Keulen zegt de ambassadeur niet gezien te hebben. In werkelijkheid is Gutman er geweest (wat een voor een hotel genomen foto bewijst), maar hij heeft er de burgemeester niet ontmoet waarschijnlijk omdat de ambassadeur hem te flamingantisch vond. Ook het \u201cVlaams\u201d parlement heeft Gutman pas bijna op het einde van zijn tocht bezocht, waarschijnlijk wegens zijn unitaristische idee\u00ebn. Een uitspraak van Gutman (d.d. 17 april 2013) zet dit eveneens in de verf: \u201c&#8221;<i>Toen<\/i> [een] <i>uitnodiging<\/i> [van het \u201cVlaams\u201d parlement]\u00a0 <i>kwam, realiseerde ik me dat ik<\/i> [daar] <b><i>nooit geweest was<\/i><\/b>&#8220;. Je kan eruit afleiden dat Gutman het taalfederalisme geen warm hart toedraagt, mede gelet op het feit dat die uitspraak van vier jaar na zijn aanstelling en drie maand v\u00f3\u00f3r zijn vertrek dateert&#8230;<\/p>\n<p style=\"text-align: justify;\">Op 5 mei 2013 werd zijn tocht door Belgi\u00eb afgesloten met een bezoek aan de Limburgse tweetalige gemeente Voeren. Hij sloot diezelfde avond nog zijn bezoek aan de gemeenten en de provincies af in aanwezigheid van alle burgemeesters, provinciegouverneurs en de eerste minister. Anders gezegd, Gutman ontving enkel de entiteiten die in een echt unitair Belgi\u00eb zouden bestaan. Van de talloze en overbodige gemeenschaps- en gewestministers nodigde hij er \u2013 zeer terecht \u2013 niet \u00e9\u00e9n uit. Als politieke boodschap kan dat tellen, ook al werd hier in \u2018onze\u2019 media natuurlijk geen aandacht aan besteed.<\/p>\n<p style=\"text-align: justify;\"><b>Het is goed om weten dat de separatisten en taalnationalisten in Belgi\u00eb niet op steun van de grootste wereldmacht kunnen rekenen. <\/b><b>Het maakt hun belachelijke strijd enkel nog hopelozer.<\/b> <b>Deze zomer, op 23 juli, vertrekt Gutman als ambassadeur, twee weken na de Amerikaanse feestdag en twee dagen na de Belgische nationale feestdag. Opnieuw een symbool. <\/b><b>De naam van zijn opvolger is nog niet bekend, maar het staat al vast dat we ambassadeur Gutman zullen missen.<\/b><\/p>\n","protected":false},"excerpt":{"rendered":"<p>Le 23 juillet 2013, le mandat de l&#8217;ambassadeur am\u00e9ricain en Belgique, le d\u00e9mocrate Howard Gutman, prendra fin. Gutman a \u00e9t\u00e9 nomm\u00e9 ambassadeur des \u00c9tats-Unis dans notre pays en 2009 et il a accompli sa mission brillamment.<\/p>\n<p>Op 23 juli 2013 eindigt het mandaat van de Amerikaanse ambassadeur in Belgi\u00eb, de democraat Howard Gutman. Gutman werd in 2009 benoemd als ambassadeur van de Verenigde Staten in ons land en heeft zijn taak met brio volbracht.<\/p>\n","protected":false},"author":2,"featured_media":0,"comment_status":"closed","ping_status":"open","sticky":false,"template":"","format":"standard","meta":{"ngg_post_thumbnail":0,"jetpack_post_was_ever_published":false,"_jetpack_newsletter_access":"","_jetpack_dont_email_post_to_subs":false,"_jetpack_newsletter_tier_id":0,"_jetpack_memberships_contains_paywalled_content":false,"powered_cache_disable_cache":false,"_jetpack_memberships_contains_paid_content":false,"footnotes":"","jetpack_publicize_message":"","jetpack_publicize_feature_enabled":true,"jetpack_social_post_already_shared":false,"jetpack_social_options":{"image_generator_settings":{"template":"highway","default_image_id":0,"font":"","enabled":false},"version":2}},"categories":[1],"tags":[],"class_list":["post-7061","post","type-post","status-publish","format-standard","hentry","category-news0"],"jetpack_publicize_connections":[],"jetpack_featured_media_url":"","jetpack_sharing_enabled":true,"jetpack_shortlink":"https:\/\/wp.me\/p6Y7u0-1PT","jetpack_likes_enabled":false,"_links":{"self":[{"href":"https:\/\/www.unionbelge.be\/index.php?rest_route=\/wp\/v2\/posts\/7061","targetHints":{"allow":["GET"]}}],"collection":[{"href":"https:\/\/www.unionbelge.be\/index.php?rest_route=\/wp\/v2\/posts"}],"about":[{"href":"https:\/\/www.unionbelge.be\/index.php?rest_route=\/wp\/v2\/types\/post"}],"author":[{"embeddable":true,"href":"https:\/\/www.unionbelge.be\/index.php?rest_route=\/wp\/v2\/users\/2"}],"replies":[{"embeddable":true,"href":"https:\/\/www.unionbelge.be\/index.php?rest_route=%2Fwp%2Fv2%2Fcomments&post=7061"}],"version-history":[{"count":18,"href":"https:\/\/www.unionbelge.be\/index.php?rest_route=\/wp\/v2\/posts\/7061\/revisions"}],"predecessor-version":[{"id":10656,"href":"https:\/\/www.unionbelge.be\/index.php?rest_route=\/wp\/v2\/posts\/7061\/revisions\/10656"}],"wp:attachment":[{"href":"https:\/\/www.unionbelge.be\/index.php?rest_route=%2Fwp%2Fv2%2Fmedia&parent=7061"}],"wp:term":[{"taxonomy":"category","embeddable":true,"href":"https:\/\/www.unionbelge.be\/index.php?rest_route=%2Fwp%2Fv2%2Fcategories&post=7061"},{"taxonomy":"post_tag","embeddable":true,"href":"https:\/\/www.unionbelge.be\/index.php?rest_route=%2Fwp%2Fv2%2Ftags&post=7061"}],"curies":[{"name":"wp","href":"https:\/\/api.w.org\/{rel}","templated":true}]}}