{"id":6945,"date":"2013-04-01T18:36:17","date_gmt":"2013-04-01T16:36:17","guid":{"rendered":"http:\/\/www.unionbelge.be\/?p=6945"},"modified":"2016-11-15T11:30:02","modified_gmt":"2016-11-15T10:30:02","slug":"le-b-u-b-cesse-le-combat-de-b-u-b-staakt-de-strijd","status":"publish","type":"post","link":"https:\/\/www.unionbelge.be\/?p=6945","title":{"rendered":"POISSON D&#8217;AVRIL: LE B.U.B. CESSE LE COMBAT &#8211; APRILGRAP: DE B.U.B. STAAKT DE STRIJD"},"content":{"rendered":"<p><strong><span style=\"text-decoration: underline;\">POISSON D&#8217;AVRIL 2013<\/span><\/strong><\/p>\n<p><em><strong>Ici vous pourrez relire notre poisson d&#8217;avril de 2013. Le B.U.B. n&#8217;abandonne pas le combat pour une Belgique unitaire parce que nous pouvons le gagner bient\u00f4t ! Vive la nouvelle Belgique unitaire !<\/strong><\/em><\/p>\n<p><strong>LE B.U.B. CESSE LE COMBAT<\/strong><\/p>\n<p><strong>Confront\u00e9 \u00e0 la force des flamingants et des wallingants et vu l\u2019absence de financement public\u00a0et d\u2019acc\u00e8s aux m\u00e9dias, le B.U.B. arr\u00eate son combat politique apr\u00e8s presque 11 ann\u00e9es d\u2019existence.<\/strong><\/p>\n<div style=\"text-align: justify;\">\n<p>La d\u00e9cision a \u00e9t\u00e9 difficile, mais face \u00e0 la logique du nationalisme linguistique qui est de rigueur tant en Flandre qu\u2019en Wallonie, le B.U.B. a d\u00e9cid\u00e9 de cesser sa lutte politique. Nous avons constat\u00e9 que la Belgique f\u00e9d\u00e9rale est devenue une coquille vide et une fiction politique. Le conf\u00e9d\u00e9ralisme se pointe \u00e0 l\u2019horizon et cette \u00e9volution nous semble irr\u00e9versible. Lors de la scission du pays \u2013 qui est malheureusement devenue in\u00e9luctable \u2013 nous craignons que les s\u00e9paratistes d\u00e9veloppent une solution de compromis pour la r\u00e9gion de Bruxelles-Capitale, le dernier bastion belgicain. Le pr\u00e9sident Hans Van de Cauter d\u00e9clara sur un ton grave\u00a0devant le conseil du parti: <em>\u00ab\u00a0On n\u2019en peut plus. Le mouvement unitariste est mort.\u00a0Nous devons abandonner le combat.\u00a0\u00bb<\/em><\/p>\n<p>Plusieurs constats ont renforc\u00e9 notre analyse: le g\u00e9nocide culturel des Francophones en p\u00e9riph\u00e9rie bruxelloise, les transferts massifs et continus de la Flandre vers la Wallonie, la domination par les Flamands de la Belgique (ou ce qu\u2019il en reste d\u2019un point de vue politique) ainsi que la m\u00e9prise totale de langue flamande par la plupart des Wallons.<\/p>\n<p>Le constat de notre pr\u00e9sident est clair et implacable: <em>\u201cLe fait que le plus grand parti de la Belgique \u2013 la N-VA \u2013 ait d\u00e9cid\u00e9 d\u2019organiser un congr\u00e8s sur le conf\u00e9d\u00e9ralisme en 2014 et les derni\u00e8res d\u00e9clarations de Monsieur Happart en faveur de ce m\u00eame conf\u00e9d\u00e9ralisme nous ont d\u00e9finitivement convaincus que la poursuite de notre lutte pour une Belgique unitaire est vaine.\u00a0 De plus, vu que les Belges continuent \u00e0 voter pour des partis ouvertement s\u00e9paratistes, force est de constater que non seulement ce pays ne constitue apparemment aucune plus-value pour eux, mais \u00e9galement qu\u2019ils ne d\u00e9sirent plus vivre au sein d\u2019une Belgique unie. On n\u2019a plus envie de mener<\/em> <em>un combat d\u2019arri\u00e8re garde<\/em>.\u00a0\u00bb Le pr\u00e9sident y ajouta: \u00ab\u00a0<em>Cette Belgique n\u2019est plus capable d\u2019\u00eatre gouvern\u00e9e ni de construire un projet d\u2019avenir pour l\u2019ensemble de ses citoyens, qu\u2019il soient Flamands, Wallons, Bruxellois, Germanophones, chr\u00e9tiens, musulmans, juifs, la\u00efcs, voire homosexuels.\u00a0\u00bb <\/em>Notre pr\u00e9sident avait du mal \u00e0 ma\u00eetriser ses \u00e9motions.<\/p>\n<div>\n<p>Il esp\u00e8re tout de m\u00eame que la population pourra se prononcer sur son avenir lors d\u2019un r\u00e9f\u00e9rendum. \u00ab\u00a0<em>Mais<\/em>,\u00a0\u00bb poursuit-il, \u00ab\u00a0<em>j\u2019en doute parce que selon nos \u00e9minents constitutionnalistes un r\u00e9f\u00e9rendum n\u2019est pas autoris\u00e9 par la constitution<\/em>.&#8221; Notre pr\u00e9sident termina son discours de fa\u00e7on d\u00e9sesp\u00e9r\u00e9e\u00a0:<em> \u00ab\u00a0La survie de la Belgique est devenue presque illusoire. La seule possibilit\u00e9 pour sauver notre pays serait une victoire des Diables Rouges au championnat de football au Br\u00e9sil en 2014. Mais ce n\u2019est pas gagn\u00e9 d\u2019avance malgr\u00e9 leurs bonnes prestations des derniers mois.\u00a0\u00bb<\/em><\/p>\n<p>Certains membres du B.U.B. envisagent m\u00eame de s\u2019enfuir \u00e0 l\u2019\u00e9tranger pour \u00e9chapper \u00e0 la r\u00e9pression flamingante et wallingante. Un membre nous confia\u00a0: <em>\u00ab\u00a0Je ne veux pas attendre la cr\u00e9ation de camps de concentration, voire de chambres \u00e0 gaz pour les belgicains.\u00a0\u00bb<\/em>\u00a0Il y ajouta\u00a0: <em>\u00ab\u00a0Vu que les r\u00e9f\u00e9rences aux ann\u00e9es 30 sont d\u00e9sormais interdites, je passe directement aux ann\u00e9es 40.\u00a0\u00bb\u00a0<\/em><\/p>\n<\/div>\n<\/div>\n<p style=\"text-align: justify;\">Malgr\u00e9 tout, nous esp\u00e9rons que le sort qui sera r\u00e9serv\u00e9 aux Belges ne sera pas trop amer.<\/p>\n<p><strong><span style=\"text-decoration: underline;\">1 APRILGRAP 2013<\/span><\/strong><\/p>\n<p><em><strong>Hier kan u onze 1 aprilgrap van 2013 nalezen. De B.U.B. zal de strijd voor een unitair Belgi\u00eb niet opgeven omdat we hem binnenkort kunnen winnen ! Leve het nieuwe unitaire Belgi\u00eb !<\/strong><\/em><\/p>\n<p><strong>DE B.U.B. STAAKT DE STRIJD<\/strong><\/p>\n<p style=\"text-align: justify;\"><strong>Gelet op de kracht van de Vlaams- en Waals-nationalisten en het ontbreken van overheidsfinanciering en mediatoegang staakt de B.U.B. na bijna 11 jaar bestaan haar politieke strijd.<\/strong><\/p>\n<p style=\"text-align: justify;\">De beslissing was moeilijk, maar gelet op de zowel in Vlaanderen als in Walloni\u00eb overheersende taalnationalistische logica, heeft de B.U.B. besloten haar politieke strijd te staken. Wij zijn tot de vaststelling gekomen dat het federale Belgi\u00eb een lege doos en een politieke fictie geworden is. Aan de horizon doemt het confederalisme op, wat naar ons aanvoelen een onomkeerbare\u00a0evolutie is. Wanneer het land gesplitst wordt \u2013 en dat is jammer genoeg onafwendbaar geworden \u2013 vrezen we dat de separatisten een compromisoplossing voor het Brussels Hoofdstedelijk gewest, het laatste belgicistische bastion, uitwerken. Op de partijraad verklaarde de voorzitter, Hans Van de Cauter, op een dramatische wijze:<em> \u00ab We kunnen niet meer. <\/em><em>De unitaristische beweging is dood. We dienen de strijd te staken.\u00a0\u00bb<\/em><\/p>\n<p style=\"text-align: justify;\">Verschillende vaststellingen hebben ons gesterkt in onze analyse: de culturele genocide van de Franstaligen in de Brusselse rand, de massale en onophoudelijke transfers van Vlaanderen naar Walloni\u00eb, de overheersing van Belgi\u00eb (of wat er politiek gezien nog van over blijft) door de Vlamingen alsook de totale minachting van het merendeel van de Walen voor de Vlaamse taal.<\/p>\n<p style=\"text-align: justify;\">De vaststelling van onze voorzitter is duidelijk en onverbiddelijk: \u201c<em>Het feit dat de grootste partij van Belgi\u00eb \u2013 de N-VA \u2013 beslist heeft om in 2014 een congres over het confederalisme te houden en de recente verklaringen van Mijnheer Happart ten voordele van datzelfde confederalisme, hebben er ons definitief van overtuigd dat de voortzetting van onze strijd voor een unitair Belgi\u00eb zinloos is. Bovendien moeten we vaststellen dat de Belgen op openlijk nationalistische partijen blijven stemmen zodat Belgi\u00eb voor hen blijkbaar niet alleen geen meerwaarde meer heeft, maar ook dat ze niet meer in een verenigd Belgi\u00eb wensen samen te leven<\/em>.\u00a0<em>Wij hebben geen zin meer om een achterhoedegevecht te leveren.<\/em> De voorzitter voegde daaraan toe: &#8220;<em>Dit Belgi\u00eb is onbestuurbaar en niet meer bekwaam om een toekomstproject voor al haar burgers, of ze Vlamingen, Walen, Brusselaars, Duitstaligen, moslims, joden of zelfs homoseksuelen zijn, op te bouwen<\/em>&#8220;. Onze voorzitter kon zijn emoties moeilijk bedwingen.<\/p>\n<p style=\"text-align: justify;\">Nochtans hoopt hij dat de bevolking zich door een referendum over haar toekomst zal kunnen uitspreken: \u00ab Maar,\u00a0\u00bb zo vervolgt hij, \u00ab <em>ik heb mijn twijfels, want volgens onze vooraanstaande grondwetsspecialisten is een referendum niet toegestaan door de grondwet.&#8221; <\/em>Onze voorzitter be\u00ebindigde zijn toespraak wanhopig:\u00a0<em> \u00ab Het overleven van Belgi\u00eb is bijna een illusie geworden. <\/em><em>De enige mogelijkheid om het land te redden zou een overwinning van de Rode Duivels op het wereldkampioenschap voetbal van 2014 in Brazili\u00eb zijn. <\/em><em>Maar dat is absoluut geen zekerheid, ondanks hun goede prestaties van de voorbije maanden.\u00a0\u00bb<\/em><\/p>\n<p style=\"text-align: justify;\">Sommige leden van de B.U.B. overwegen zelfs naar het buitenland te vluchten om aan een flamingantische en wallingantische repressie te ontsnappen. Een lid vertrouwde ons toe : <em>\u00ab Ik wil niet wachten tot de oprichting van concentratiekampen of zelfs gaskamers voor de belgicisten.\u00bb<\/em> Hij voegde eraan toe : <em>\u00ab Gelet op het feit dat verwijzingen naar de jaren 30 voortaan verboden zijn, verwijs ik maar direct\u00a0naar de jaren 40. \u00bb<\/em><\/p>\n<p style=\"text-align: justify;\">Ondanks alles hopen we dat het lot van de Belgen nog draaglijk zal zijn.<\/p>\n","protected":false},"excerpt":{"rendered":"<p>Ici vous pourrez relire notre poisson d&#8217;avril de 2013. Le B.U.B. n&#8217;abandonne pas le combat pour une Belgique unitaire parce que nous pouvons le gagner bient\u00f4t ! Vive la nouvelle Belgique unitaire !<\/p>\n<p>Hier kan u onze 1 aprilgrap van 2013 nalezen. De B.U.B. zal de strijd voor een unitair Belgi\u00eb niet opgeven omdat we hem binnenkort kunnen winnen ! Leve het nieuwe unitaire Belgi\u00eb !<\/p>\n","protected":false},"author":2,"featured_media":0,"comment_status":"closed","ping_status":"open","sticky":false,"template":"","format":"standard","meta":{"ngg_post_thumbnail":0,"jetpack_post_was_ever_published":false,"_jetpack_newsletter_access":"","_jetpack_dont_email_post_to_subs":false,"_jetpack_newsletter_tier_id":0,"_jetpack_memberships_contains_paywalled_content":false,"powered_cache_disable_cache":false,"_jetpack_memberships_contains_paid_content":false,"footnotes":"","jetpack_publicize_message":"","jetpack_publicize_feature_enabled":true,"jetpack_social_post_already_shared":false,"jetpack_social_options":{"image_generator_settings":{"template":"highway","default_image_id":0,"font":"","enabled":false},"version":2}},"categories":[1],"tags":[],"class_list":["post-6945","post","type-post","status-publish","format-standard","hentry","category-news0"],"jetpack_publicize_connections":[],"jetpack_featured_media_url":"","jetpack_sharing_enabled":true,"jetpack_shortlink":"https:\/\/wp.me\/p6Y7u0-1O1","jetpack_likes_enabled":false,"_links":{"self":[{"href":"https:\/\/www.unionbelge.be\/index.php?rest_route=\/wp\/v2\/posts\/6945","targetHints":{"allow":["GET"]}}],"collection":[{"href":"https:\/\/www.unionbelge.be\/index.php?rest_route=\/wp\/v2\/posts"}],"about":[{"href":"https:\/\/www.unionbelge.be\/index.php?rest_route=\/wp\/v2\/types\/post"}],"author":[{"embeddable":true,"href":"https:\/\/www.unionbelge.be\/index.php?rest_route=\/wp\/v2\/users\/2"}],"replies":[{"embeddable":true,"href":"https:\/\/www.unionbelge.be\/index.php?rest_route=%2Fwp%2Fv2%2Fcomments&post=6945"}],"version-history":[{"count":10,"href":"https:\/\/www.unionbelge.be\/index.php?rest_route=\/wp\/v2\/posts\/6945\/revisions"}],"predecessor-version":[{"id":10645,"href":"https:\/\/www.unionbelge.be\/index.php?rest_route=\/wp\/v2\/posts\/6945\/revisions\/10645"}],"wp:attachment":[{"href":"https:\/\/www.unionbelge.be\/index.php?rest_route=%2Fwp%2Fv2%2Fmedia&parent=6945"}],"wp:term":[{"taxonomy":"category","embeddable":true,"href":"https:\/\/www.unionbelge.be\/index.php?rest_route=%2Fwp%2Fv2%2Fcategories&post=6945"},{"taxonomy":"post_tag","embeddable":true,"href":"https:\/\/www.unionbelge.be\/index.php?rest_route=%2Fwp%2Fv2%2Ftags&post=6945"}],"curies":[{"name":"wp","href":"https:\/\/api.w.org\/{rel}","templated":true}]}}