{"id":6919,"date":"2013-03-25T17:39:02","date_gmt":"2013-03-25T15:39:02","guid":{"rendered":"http:\/\/www.unionbelge.be\/?p=6919"},"modified":"2013-04-01T18:39:19","modified_gmt":"2013-04-01T16:39:19","slug":"nieuw-logo-zelfde-verhaal-nouveau-logo-meme-histoire","status":"publish","type":"post","link":"https:\/\/www.unionbelge.be\/?p=6919","title":{"rendered":"NIEUW LOGO, ZELFDE VERHAAL &#8211; NOUVEAU LOGO, MEME HISTOIRE"},"content":{"rendered":"<p style=\"text-align: justify;\"><strong><a href=\"https:\/\/www.unionbelge.be\/wp-content\/uploads\/2013\/03\/BUB_NEW2_LOG0-05.png\"><img loading=\"lazy\" decoding=\"async\" class=\"alignleft size-medium wp-image-6920\" title=\"\" src=\"https:\/\/www.unionbelge.be\/wp-content\/uploads\/2013\/03\/BUB_NEW2_LOG0-05-300x300.png\" alt=\"\" width=\"300\" height=\"300\" srcset=\"https:\/\/www.unionbelge.be\/wp-content\/uploads\/2013\/03\/BUB_NEW2_LOG0-05-300x300.png 300w, https:\/\/www.unionbelge.be\/wp-content\/uploads\/2013\/03\/BUB_NEW2_LOG0-05-420x420.png 420w, https:\/\/www.unionbelge.be\/wp-content\/uploads\/2013\/03\/BUB_NEW2_LOG0-05-100x100.png 100w, https:\/\/www.unionbelge.be\/wp-content\/uploads\/2013\/03\/BUB_NEW2_LOG0-05-800x800.png 800w, https:\/\/www.unionbelge.be\/wp-content\/uploads\/2013\/03\/BUB_NEW2_LOG0-05-150x150.png 150w, https:\/\/www.unionbelge.be\/wp-content\/uploads\/2013\/03\/BUB_NEW2_LOG0-05-1024x1024.png 1024w, https:\/\/www.unionbelge.be\/wp-content\/uploads\/2013\/03\/BUB_NEW2_LOG0-05-630x630.png 630w, https:\/\/www.unionbelge.be\/wp-content\/uploads\/2013\/03\/BUB_NEW2_LOG0-05-200x200.png 200w, https:\/\/www.unionbelge.be\/wp-content\/uploads\/2013\/03\/BUB_NEW2_LOG0-05-1200x1200-cropped.png 1200w, https:\/\/www.unionbelge.be\/wp-content\/uploads\/2013\/03\/BUB_NEW2_LOG0-05.png 1271w\" sizes=\"auto, (max-width: 300px) 100vw, 300px\" \/><\/a>NIEUW LOGO, ZELFDE VERHAAL<\/strong><\/p>\n<p style=\"text-align: justify;\"><strong>Na tien jaar activiteit heeft de B.U.B. op 23 maart 2013 een nieuw logo in gebruik genomen; een logo dat nog meer aanduidt waar de B.U.B. voor staat.<\/strong><\/p>\n<p style=\"text-align: justify;\">Want een nieuw logo betekent uiteraard niet een nieuwe politieke lijn. De B.U.B. blijft volledig achter haar unitaristisch standpunt staan, zoals ook in het logo duidelijk tot uiting komt.<\/p>\n<p style=\"text-align: justify;\">Als enige partij die ijvert voor het behoud en de eenmaking van ons land blijft het letterwoord B.U.B. \u2013 net zoals in het oude logo \u2013 tricolore, op een blauwe achtergrond die onze gehechtheid aan Europa bevestigt. Toch legt het nieuwe logo meer de nadruk op het Belgisch karakter van de B.U.B.. De toekomst van de Europese Unie is door de economische crisis immers spijtig genoeg onzeker geworden. Bovendien willen we tonen dat Belgi\u00eb als het moet ook met een minder sterk Europa verder kan. Als Europa door de internationale omstandigheden minder sterk zou worden, stijgt bovendien het belang van de Belgische eenheid. De Vlaams-nationalisten weten dat.<\/p>\n<p style=\"text-align: justify;\">Ook de drie tricolore sterren verwijzen nog naar Europa, maar eveneens naar ons toekomstgericht programma. De B.U.B. wil namelijk vooruitgang voor de welvaart in Belgi\u00eb en Europa. De B.U.B. wil Belgi\u00eb wat betreft economie en onderwijs terug aan de top krijgen. Deze positie bekleedde het land reeds toen het unitair was.<\/p>\n<p style=\"text-align: justify;\"><strong>NOUVEAU LOGO, MEME HISTOIRE<\/strong><\/p>\n<p style=\"text-align: justify;\"><strong>Apr\u00e8s dix ans d&#8217;existence, le B.U.B a depuis le 23 mars 2013 un nouveau logo qui exprime davantage ce que repr\u00e9sente le B.U.B.<\/strong><\/p>\n<p style=\"text-align: justify;\">Parce qu&#8217;un nouveau logo ne signifie pas n\u00e9cessairement une nouvelle ligne politique, le B.U.B. reste enti\u00e8rement attach\u00e9 \u00e0 sa position unitariste, comme refl\u00e9t\u00e9 clairement dans le logo.<\/p>\n<p style=\"text-align: justify;\">Comme unique parti oeuvrant pour le maintien et l&#8217;unit\u00e9 de notre pays, l&#8217;acronyme B.U.B. reste &#8211; tout comme dans l&#8217;ancien logo &#8211; tricolore, sur un fond bleu qui confirme notre engagement europ\u00e9en. N\u00e9anmoins, le nouveau logo insiste davantage sur le caract\u00e8re belge du B.U.B.. Malheureusement, par la crise \u00e9conomique, l&#8217;avenir de l&#8217;Union europ\u00e9enne devient de plus en plus incertain. En outre, nous voulons montrer que la<br \/>\nBelgique peut avancer aussi avec une Europe moins forte. En outre, si l&#8217;Europe s&#8217;affaiblit \u00e0 cause des \u00e9v\u00e9nements internationaux, l&#8217;importance de l&#8217;unit\u00e9 belge s&#8217;accro\u00eetra. Les nationalistes flamands le savent.<\/p>\n<p style=\"text-align: justify;\">Les trois \u00e9toiles tricolores se r\u00e9f\u00e8rent toujours \u00e0 l&#8217;Europe mais aussi \u00e0 notre programme dirig\u00e9 vers l\u2019avenir. Le B.U.B veut faire progresser la prosp\u00e9rit\u00e9 en Belgique et en Europe. Le B.U.B. souhaite que la Belgique revienne au sommet sur le plan \u00e9conomique et celui de l\u2019enseignement. Cette position, la Belgique l&#8217;occupait d\u00e9j\u00e0 jadis lorsqu&#8217;elle \u00e9tait unitaire.<\/p>\n","protected":false},"excerpt":{"rendered":"<p>Na tien jaar activiteit heeft de B.U.B. op 23 maart 2013 een nieuw logo in gebruik genomen; een logo dat nog meer aanduidt waar de B.U.B. voor staat.<\/p>\n<p>Apr\u00e8s dix ans d&#8217;existence, le B.U.B a depuis le 23 mars 2013 un nouveau logo qui exprime davantage ce que repr\u00e9sente le B.U.B.<\/p>\n","protected":false},"author":2,"featured_media":0,"comment_status":"closed","ping_status":"open","sticky":false,"template":"","format":"standard","meta":{"ngg_post_thumbnail":0,"jetpack_post_was_ever_published":false,"_jetpack_newsletter_access":"","_jetpack_dont_email_post_to_subs":false,"_jetpack_newsletter_tier_id":0,"_jetpack_memberships_contains_paywalled_content":false,"powered_cache_disable_cache":false,"_jetpack_memberships_contains_paid_content":false,"footnotes":"","jetpack_publicize_message":"","jetpack_publicize_feature_enabled":true,"jetpack_social_post_already_shared":false,"jetpack_social_options":{"image_generator_settings":{"template":"highway","default_image_id":0,"font":"","enabled":false},"version":2}},"categories":[1,4],"tags":[],"class_list":["post-6919","post","type-post","status-publish","format-standard","hentry","category-news0","category-info"],"jetpack_publicize_connections":[],"jetpack_featured_media_url":"","jetpack_sharing_enabled":true,"jetpack_shortlink":"https:\/\/wp.me\/p6Y7u0-1NB","jetpack_likes_enabled":false,"_links":{"self":[{"href":"https:\/\/www.unionbelge.be\/index.php?rest_route=\/wp\/v2\/posts\/6919","targetHints":{"allow":["GET"]}}],"collection":[{"href":"https:\/\/www.unionbelge.be\/index.php?rest_route=\/wp\/v2\/posts"}],"about":[{"href":"https:\/\/www.unionbelge.be\/index.php?rest_route=\/wp\/v2\/types\/post"}],"author":[{"embeddable":true,"href":"https:\/\/www.unionbelge.be\/index.php?rest_route=\/wp\/v2\/users\/2"}],"replies":[{"embeddable":true,"href":"https:\/\/www.unionbelge.be\/index.php?rest_route=%2Fwp%2Fv2%2Fcomments&post=6919"}],"version-history":[{"count":4,"href":"https:\/\/www.unionbelge.be\/index.php?rest_route=\/wp\/v2\/posts\/6919\/revisions"}],"predecessor-version":[{"id":6922,"href":"https:\/\/www.unionbelge.be\/index.php?rest_route=\/wp\/v2\/posts\/6919\/revisions\/6922"}],"wp:attachment":[{"href":"https:\/\/www.unionbelge.be\/index.php?rest_route=%2Fwp%2Fv2%2Fmedia&parent=6919"}],"wp:term":[{"taxonomy":"category","embeddable":true,"href":"https:\/\/www.unionbelge.be\/index.php?rest_route=%2Fwp%2Fv2%2Fcategories&post=6919"},{"taxonomy":"post_tag","embeddable":true,"href":"https:\/\/www.unionbelge.be\/index.php?rest_route=%2Fwp%2Fv2%2Ftags&post=6919"}],"curies":[{"name":"wp","href":"https:\/\/api.w.org\/{rel}","templated":true}]}}