{"id":6847,"date":"2013-03-10T22:45:06","date_gmt":"2013-03-10T20:45:06","guid":{"rendered":"http:\/\/www.unionbelge.be\/?p=6847"},"modified":"2016-11-15T11:21:58","modified_gmt":"2016-11-15T10:21:58","slug":"la-n-va-en-faveur-du-separatisme-n-va-voor-separatisme","status":"publish","type":"post","link":"https:\/\/www.unionbelge.be\/?p=6847","title":{"rendered":"LA N-VA EN FAVEUR DU SEPARATISME &#8211; N-VA VOOR SEPARATISME"},"content":{"rendered":"<p><strong>FETE DU CHANT NATIONAL FLAMAND 2013<\/strong><\/p>\n<p><strong>La 76\u00e8me \u00e9dition du Vlaams Nationaal Zangfeest (F\u00eate du chant national \u201cflamand\u201d) \u00e9tait tout sauf une surprise. 5.000 s\u00e9paratistes se sont rassembl\u00e9s <\/strong><strong>le <\/strong><strong>dimanche<\/strong><strong> 3 mars 2013<\/strong><strong> dans la <\/strong><strong>salle\u00a0 de la \u00ab\u00a0<\/strong><strong>Lotto Arena<\/strong><strong>\u00a0\u00bb<\/strong><strong> \u00e0 Anvers. <\/strong><strong>Entre autres Bart De Wever (N-VA) et Filip Dewinter (VB) y \u00e9taient fraternellement<\/strong><strong> r\u00e9unis<\/strong><strong>. <\/strong><\/p>\n<p>Selon le pr\u00e9sident de l\u2019ANZ (Algemeen Nederlands Zangverbond \u2013 l\u2019association g\u00e9n\u00e9rale du chant n\u00e9erlandais), Erik Stoffelen, cette \u00e9dition doit d\u00e9montrer plus que jamais que l\u2019ind\u00e9pendance \u201cflamande\u201d n\u2019est pas un luxe, mais une n\u00e9cessit\u00e9. Quasiment personne ne doute qu\u2019il s\u2019agit d\u2019un slogan absurde et creux, mais par sa pr\u00e9sence, la N-VA d\u00e9montre \u00e0 nouveau qu\u2019elle se situe du c\u00f4t\u00e9 de ceux qui pr\u00f4nent une r\u00e9publique \u201cflamande\u201d et linguistiquement purifi\u00e9e.<\/p>\n<p>Apparemment, le parti s\u00e9paratiste pr\u00e9f\u00e8re brandir le drapeau fraternellement aux c\u00f4t\u00e9s du &#8220;Vlaams&#8221; Belang \u00e0 gouverner, notamment en diminuant les co\u00fbts salariaux \u00e9lev\u00e9s ou en diminuant l\u2019isoc\u00a0 (qui se situe en Belgique parmi les plus \u00e9lev\u00e9s au monde).<\/p>\n<p>Le fait que le Bureau du Plan a annonc\u00e9 le 27 novembre 2012 que la comp\u00e9titivit\u00e9 en Belgique r\u00e9gressait par rapport \u00e0 ses pays voisins en raison du co\u00fbt du travail trop \u00e9lev\u00e9 et du manque d\u2019innovation est le dernier souci de ce parti. Pourtant, ce co\u00fbt salarial exasp\u00e8re \u00e9galement ses amis de VOKA et d\u2019Unizo.<\/p>\n<p>M\u00eame lorsque la N-VA reconna\u00eet les probl\u00e8mes, le parti d\u00e9signe trop facilement la Belgique comme cause des probl\u00e8mes \u00e9conomiques. L\u2019\u00e9parpillement des comp\u00e9tences \u00e0 cause du f\u00e9d\u00e9ralisme linguistique (par. ex. en mati\u00e8re du commerce ext\u00e9rieur) et le manque d&#8217;innovation (pourtant une comp\u00e9tence du gouvernement &#8220;flamand&#8221; dont la N-VA fait partie) entra\u00eenent des effets ind\u00e9sirables, y compris des interrogations de l&#8217;Union europ\u00e9enne sur la position sur la position et la valeur de la Belgique sur le march\u00e9.<\/p>\n<p><strong>Toutefois, pour la N-VA une f\u00eate de chanson enfantine aux c\u00f4t\u00e9s du &#8220;Vlaams&#8221; Belang est \u00e9videmment plus importante. La N-VA n&#8217;est pas pr\u00e9occup\u00e9e par les probl\u00e8mes croissants dans les domaines de l&#8217;\u00e9conomie, de l&#8217;\u00e9ducation et du vieillissement. Elle aspire uniquement \u00e0 l\u2019ind\u00e9pendance d\u2019une mini-r\u00e9publique de \u00ab\u00a0Flandre\u00a0\u00bb antisolidaire et linguistiquement purifi\u00e9e.\u00a0<\/strong><\/p>\n<p>&nbsp;<\/p>\n<p><strong>VLAAMS-NATIONAAL ZANGFEEST 2013<\/strong><\/p>\n<p><strong>De 76<\/strong><strong>ste<\/strong><strong> editie van het Vlaams Nationaal Zangfeest <\/strong><strong>dat op 3 maart 2013 werd gehouden was allesbehalve<\/strong><strong> een verrassing. <\/strong><strong>Op z<\/strong><strong>ondag<\/strong><strong> 3 maart 2013<\/strong><strong> kwamen 5<\/strong><strong>.<\/strong><strong>000 separatisten samen in de Lotto-arena te Antwerpen.<\/strong> <strong>Onder meer Bart De Wever (N-VA) en Filip Dewinter (VB) zaten er broederlijk naast elkaar.<\/strong><strong>\u00a0 <\/strong><\/p>\n<p>Volgens de voorzitter van het ANZ (Algemeen Nederlands Zangverbond), Erik Stoffelen, moet deze editie meer dan ooit aantonen dat \u201cVlaamse\u201d onafhankelijkheid geen luxe maar een noodzaak is. Dat dit een absurde, holle slogan is, twijfelt bijna niemand aan, maar door haar aanwezigheid maakt de N-VA weer eens te meer duidelijk dat ze aan de kant staat van diegenen die streven naar een taalzuivere \u201cVlaamse\u201d republiek.<\/p>\n<p>Blijkbaar houdt deze separatistische partij zich liever bezig met vendelzwaaien, broederlijk naast de kopstukken van het &#8220;Vlaams&#8221; Belang, in plaats van besturen door ondermeer de drukkende loonkost te verlagen of de vennootschapsbelasting te doen dalen (die in Belgi\u00eb tot de hoogste ter wereld hoort).<\/p>\n<p>Dat het Planbureau op 27 november 2012 aankondigde dat de concurrentiepositie van Belgi\u00eb t.o.v. de buurlanden daalt als gevolg van te hoge loonkosten en een tekort aan innovatie is de laatste zorg van deze partij. Nochtans is ook deze loonkost voor haar vrienden van VOKA en Unizo een doorn in het oog.<\/p>\n<p>Wanneer de N-VA de problemen wel eens erkent, wijst de partij al te gemakkelijk naar Belgi\u00eb als oorzaak van deze economische problemen. Versnippering van bevoegdheden door het taalfederalisme (bijvoorbeeld Buitenlandse Handel) en een tekort aan innovatie (toch een domein van de \u201cVlaamse\u201d Regering, waartoe ook de N-VA behoort) zorgen voor nefaste gevolgen waaronder vraagtekens van de Europese Unie bij de marktpositie en marktwaarde van Belgi\u00eb.<\/p>\n<p><strong>Maar de N-VA vindt een kinderachtig zangfeest in gezelschap van het &#8220;Vlaams&#8221; Belang natuurlijk belangrijker. De N-VA is niet bekommerd om de steeds groter wordende problemen op vlak van economie, onderwijs en vergrijzing, maar enkel om een antisolidaire en taalgezuiverde mini-republiek \u201cVlaanderen\u201d.<\/strong><\/p>\n","protected":false},"excerpt":{"rendered":"<p>La 76\u00e8me \u00e9dition du Vlaams Nationaal Zangfeest (F\u00eate du chant national \u201cflamand\u201d) \u00e9tait tout sauf une surprise. 5.000 s\u00e9paratistes se sont rassembl\u00e9s le dimanche 3 mars 2013 dans la salle  de la \u00ab Lotto Arena \u00bb \u00e0 Anvers. Entre autres Bart De Wever (N-VA) et Filip Dewinter (VB) y \u00e9taient fraternellement r\u00e9unis. <\/p>\n<p>De 76ste editie van het Vlaams Nationaal Zangfeest dat op 3 maart 2013 werd gehouden was allesbehalve een verrassing. Op zondag 3 maart 2013 kwamen 5.000 separatisten samen in de Lotto-arena te Antwerpen. Onder meer Bart De Wever (N-VA) en Filip Dewinter (VB) zaten er broederlijk naast elkaar.  <\/p>\n","protected":false},"author":2,"featured_media":0,"comment_status":"closed","ping_status":"closed","sticky":false,"template":"","format":"standard","meta":{"ngg_post_thumbnail":0,"jetpack_post_was_ever_published":false,"_jetpack_newsletter_access":"","_jetpack_dont_email_post_to_subs":false,"_jetpack_newsletter_tier_id":0,"_jetpack_memberships_contains_paywalled_content":false,"powered_cache_disable_cache":false,"_jetpack_memberships_contains_paid_content":false,"footnotes":"","jetpack_publicize_message":"","jetpack_publicize_feature_enabled":true,"jetpack_social_post_already_shared":false,"jetpack_social_options":{"image_generator_settings":{"template":"highway","default_image_id":0,"font":"","enabled":false},"version":2}},"categories":[1],"tags":[],"class_list":["post-6847","post","type-post","status-publish","format-standard","hentry","category-news0"],"jetpack_publicize_connections":[],"jetpack_featured_media_url":"","jetpack_sharing_enabled":true,"jetpack_shortlink":"https:\/\/wp.me\/p6Y7u0-1Mr","jetpack_likes_enabled":false,"_links":{"self":[{"href":"https:\/\/www.unionbelge.be\/index.php?rest_route=\/wp\/v2\/posts\/6847","targetHints":{"allow":["GET"]}}],"collection":[{"href":"https:\/\/www.unionbelge.be\/index.php?rest_route=\/wp\/v2\/posts"}],"about":[{"href":"https:\/\/www.unionbelge.be\/index.php?rest_route=\/wp\/v2\/types\/post"}],"author":[{"embeddable":true,"href":"https:\/\/www.unionbelge.be\/index.php?rest_route=\/wp\/v2\/users\/2"}],"replies":[{"embeddable":true,"href":"https:\/\/www.unionbelge.be\/index.php?rest_route=%2Fwp%2Fv2%2Fcomments&post=6847"}],"version-history":[{"count":3,"href":"https:\/\/www.unionbelge.be\/index.php?rest_route=\/wp\/v2\/posts\/6847\/revisions"}],"predecessor-version":[{"id":10633,"href":"https:\/\/www.unionbelge.be\/index.php?rest_route=\/wp\/v2\/posts\/6847\/revisions\/10633"}],"wp:attachment":[{"href":"https:\/\/www.unionbelge.be\/index.php?rest_route=%2Fwp%2Fv2%2Fmedia&parent=6847"}],"wp:term":[{"taxonomy":"category","embeddable":true,"href":"https:\/\/www.unionbelge.be\/index.php?rest_route=%2Fwp%2Fv2%2Fcategories&post=6847"},{"taxonomy":"post_tag","embeddable":true,"href":"https:\/\/www.unionbelge.be\/index.php?rest_route=%2Fwp%2Fv2%2Ftags&post=6847"}],"curies":[{"name":"wp","href":"https:\/\/api.w.org\/{rel}","templated":true}]}}