{"id":6829,"date":"2013-02-26T01:30:29","date_gmt":"2013-02-25T23:30:29","guid":{"rendered":"http:\/\/www.unionbelge.be\/?p=6829"},"modified":"2016-11-15T10:58:04","modified_gmt":"2016-11-15T09:58:04","slug":"de-b-u-b-verwerpt-met-klem-de-uitlatingen-van-maingain-de-waals-brusselse-staat-le-b-u-b-rejette-avec-force-le-discours-de-maingain-sur-letat-wallo-brux","status":"publish","type":"post","link":"https:\/\/www.unionbelge.be\/?p=6829","title":{"rendered":"DE B.U.B. VERWERPT MET KLEM DE UITLATINGEN VAN MAINGAIN OVER DE &#8220;WAALS&#8221;-BRUSSELSE STAAT &#8211; LE B.U.B. REJETTE AVEC FORCE LE DISCOURS DE MAINGAIN SUR L&#8217;ETAT &#8220;WALLO&#8221;-BRUX"},"content":{"rendered":"<p style=\"text-align: justify;\"><strong>DE B.U.B. VERWERPT MET KLEM DE UITLATINGEN VAN MAINGAIN OVER DE &#8220;WAALS&#8221;-BRUSSELSE STAAT <\/strong><\/p>\n<p><strong> De B.U.B. neemt met ontzetting nota van de zoveelste uithaal van FDF-voorzitter Olivier Maingain. Pleiten voor een &#8220;Waals&#8221;-Brusselse Staat (<em>Le Soir<\/em> 25\/2.13) gaat in tegen de Belgische belangen. De B.U.B. vraagt zich af waarom politici die Belgi\u00eb willen besturen hun best doen om het wederzijds respect tussen de Belgische burgers te torpederen in plaats van te ijveren voor de enige werkbare en natuurlijke oplossing van de Belgische institutionele problemen: meer integratie in plaats van segregatie en werken naar een unitaire staat.<\/strong><\/p>\n<p>Het is uiteraard geen verrassing dat iemand als Maingain zulke uitspraken doet. Net als De Wever heeft hij nood aan confrontatie om een negatieve anti-Belgische boodschap te kunnen verspreiden. De B.U.B. vindt dit uiteraard jammer. Maingain blijkt een ordinaire separatist te zijn op hetzelfde niveau als flamingant Bart De Wever van de N-VA. Het is wel duidelijk dat beiden als de dood zijn voor communautaire vrede, gezien hun bestaansreden dan volledig wegvalt.<\/p>\n<p>Reeds tien jaar zendt de B.U.B. een positieve boodschap uit: \u00e9\u00e9n van verdraagzaamheid, solidariteit en &#8211; misschien het belangrijkste &#8211; realisme. De Belgen willen geen separatisme, de Brusselaars, noch andere Belgen, zien heil in een \u201cWaalse\u201d, &#8220;Waals-Brusselse&#8221;,\u201cVlaamse\u201d of \u201cVlaams&#8221;-Brusselse republiek. De Belgen hebben bovendien andere zorgen: onderwijs, economie, welzijn, loonkosten, belastingsdruk&#8230;<\/p>\n<p>De B.U.B. vraagt zich overigens af hoe de boodschap van mensen als Maingain brood op de plank van de hardwerkende Belgen zal brengen en is benieuwd hoe de FDF-voorzitter zijn verklaring in een 21e eeuwse politieke boodschap van een partij die tot voor kort deel uitmaakte van een liberaal kartel zal inpassen.<\/p>\n<p>Wat echter wel brood op de plank brengt, is een unitaristische staatshervorming, die schoon schip maakt in het institutionele labyrint. Minstens 10 miljard euro wordt zo per jaar vrijgemaakt, die men kan investeren in onderwijs, in de economie, in het belabberde wegennet, de stiptheid van de treinen,&#8230; Kortom in de \u00e9chte zorgen van de Belgen. En deze 10 miljard zullen niet komen uit de portefeuille van de Belgische belastingbetaler.<\/p>\n<p>De B.U.B. roept alle traditionele partijen dan ook op formeel afstand te nemen van de boodschap van zowel FDF als N-VA en de weg te kiezen van de stabiliteit van het land, het welzijn van de burgers en dus van het nieuwe unitaire Belgi\u00eb.<\/p>\n<p><strong>LE B.U.B. REJETTE AVEC FORCE LE DISCOURS DE MAINGAIN SUR L&#8217;ETAT &#8220;WALLO&#8221;-BRU<\/strong>X<\/p>\n<p><strong>Le B.U.B. prend note avec consternation de la \u00e9ni\u00e8me d\u00e9claration incendiaire du pr\u00e9sident du FDF, Olivier Maingain. Plaider pour un Etat &#8220;Wallonie&#8221;-Bruxelles (Le Soir, 25\/2.13) va \u00e0 l\u2019encontre des int\u00e9r\u00eats de la Belgique. Le B.U.B. se demande pourquoi les politiciens qui entendent gouverner la Belgique font de leur mieux pour torpiller l\u2019entente entre les citoyens belges plut\u00f4t que de promouvoir la seule solution viable et naturelle des probl\u00e8mes institutionnels belges: plus d&#8217;int\u00e9gration au lieu de la s\u00e9gr\u00e9gation et \u0153uvrer pour un \u00c9tat unitaire.<\/strong><\/p>\n<p>Bien s\u00fbr, il n&#8217;est pas surprenant que quelqu&#8217;un comme Maingain lance de tels propos. Tout comme De Wever, il a besoin de confrontation pour pouvoir diffuser un message n\u00e9gatif et anti-belge. Le B.U.B. le d\u00e9plore. Maingain se r\u00e9v\u00e8le \u00eatre un s\u00e9paratiste ordinaire au m\u00eame niveau que le flamingant Bart De Wever de la N-VA.<\/p>\n<p>Depuis dix ans, le B.U.B. \u00e9met un message positif, de tol\u00e9rance, de solidarit\u00e9 et &#8211; peut-\u00eatre le plus important \u2013 de r\u00e9alisme puisque les Belges ne veulent pas le s\u00e9paratisme. Ni les Bruxellois ni les autres Belges, ne voient gu\u00e8re d&#8217;int\u00e9r\u00eat \u00e0 une r\u00e9publique \u00ab wallonne \u00bb ou une &#8220;Wallonie&#8221;-Bruxelles pas plus qu\u2019\u00e0 une r\u00e9publique &#8220;flamande&#8221; avec ou sans Bruxelles. De plus, les Belges ont bien d&#8217;autres pr\u00e9occupations: l&#8217;\u00e9ducation, l&#8217;\u00e9conomie, le bien-\u00eatre, la pression fiscale du travail,&#8230;<\/p>\n<p>Le B.U.B. se demande d\u2019ailleurs comment le message de gens comme Maingain pourrait apporter une plus value au travailleur belge. Le B.U.B. attend aussi avec curiosit\u00e9 de voir comment le pr\u00e9sident du FDF inscrira ses d\u00e9clarations dans un message politique adapt\u00e9 au 21e si\u00e8cle, pour un parti qui jusqu&#8217;\u00e0 tout r\u00e9cemment faisait partie d&#8217;un cartel lib\u00e9ral.<\/p>\n<p>Ce qui serait bienvenu, c&#8217;est une r\u00e9forme unitariste, qui fait le m\u00e9nage dans le labyrinthe institutionnel. Ce sont 10 milliards d&#8217;euros que lib\u00e9rerait chaque ann\u00e9e cette solution, disponibles pour investir dans l&#8217;enseignement, la relance \u00e9conomique, la remise en \u00e9tat de nos routes tant d\u00e9labr\u00e9es, la ponctualit\u00e9 des trains&#8230; Bref, pour les vrais soucis des Belges. Et ce sont toujours 10 milliards qu&#8217;il ne faudra pas pr\u00e9lever dans la poche des contribuables belges.<\/p>\n<p>Le B.U.B. en appelle \u00e0 tous les partis traditionnels pour se distancier des messages du FDF et de la N-VA et pour choisir le chemin de la stabilit\u00e9 du pays, du bien-\u00eatre des citoyens et donc celui de la nouvelle Belgique unitaire.<\/p>\n","protected":false},"excerpt":{"rendered":"<p>De B.U.B. neemt met ontzetting nota van de zoveelste uithaal van FDF-voorzitter Olivier Maingain. Pleiten voor een &#8220;Waals&#8221;-Brusselse Staat (Le Soir 25\/2.13) gaat in tegen de Belgische belangen. De B.U.B. vraagt zich af waarom politici die Belgi\u00eb willen besturen hun best doen om het wederzijds respect tussen de Belgische burgers te torpederen in plaats van te ijveren voor de enige werkbare en natuurlijke oplossing van de Belgische institutionele problemen: meer integratie in plaats van segregatie en werken naar een unitaire staat.<\/p>\n<p>Le B.U.B. prend note avec consternation de la \u00e9ni\u00e8me d\u00e9claration incendiaire du pr\u00e9sident du FDF, Olivier Maingain. Plaider pour un Etat &#8220;Wallonie&#8221;-Bruxelles (Le Soir, 25\/2.13) va \u00e0 l\u2019encontre des int\u00e9r\u00eats de la Belgique. Le B.U.B. se demande pourquoi les politiciens qui entendent gouverner la Belgique font de leur mieux pour torpiller l\u2019entente entre les citoyens belges plut\u00f4t que de promouvoir la seule solution viable et naturelle des probl\u00e8mes institutionnels belges: plus d&#8217;int\u00e9gration au lieu de la s\u00e9gr\u00e9gation et \u0153uvrer pour un \u00c9tat unitaire.<\/p>\n","protected":false},"author":2,"featured_media":0,"comment_status":"closed","ping_status":"open","sticky":false,"template":"","format":"standard","meta":{"ngg_post_thumbnail":0,"jetpack_post_was_ever_published":false,"_jetpack_newsletter_access":"","_jetpack_dont_email_post_to_subs":false,"_jetpack_newsletter_tier_id":0,"_jetpack_memberships_contains_paywalled_content":false,"powered_cache_disable_cache":false,"_jetpack_memberships_contains_paid_content":false,"footnotes":"","jetpack_publicize_message":"","jetpack_publicize_feature_enabled":true,"jetpack_social_post_already_shared":false,"jetpack_social_options":{"image_generator_settings":{"template":"highway","default_image_id":0,"font":"","enabled":false},"version":2}},"categories":[1],"tags":[],"class_list":["post-6829","post","type-post","status-publish","format-standard","hentry","category-news0"],"jetpack_publicize_connections":[],"jetpack_featured_media_url":"","jetpack_sharing_enabled":true,"jetpack_shortlink":"https:\/\/wp.me\/p6Y7u0-1M9","jetpack_likes_enabled":false,"_links":{"self":[{"href":"https:\/\/www.unionbelge.be\/index.php?rest_route=\/wp\/v2\/posts\/6829","targetHints":{"allow":["GET"]}}],"collection":[{"href":"https:\/\/www.unionbelge.be\/index.php?rest_route=\/wp\/v2\/posts"}],"about":[{"href":"https:\/\/www.unionbelge.be\/index.php?rest_route=\/wp\/v2\/types\/post"}],"author":[{"embeddable":true,"href":"https:\/\/www.unionbelge.be\/index.php?rest_route=\/wp\/v2\/users\/2"}],"replies":[{"embeddable":true,"href":"https:\/\/www.unionbelge.be\/index.php?rest_route=%2Fwp%2Fv2%2Fcomments&post=6829"}],"version-history":[{"count":4,"href":"https:\/\/www.unionbelge.be\/index.php?rest_route=\/wp\/v2\/posts\/6829\/revisions"}],"predecessor-version":[{"id":10610,"href":"https:\/\/www.unionbelge.be\/index.php?rest_route=\/wp\/v2\/posts\/6829\/revisions\/10610"}],"wp:attachment":[{"href":"https:\/\/www.unionbelge.be\/index.php?rest_route=%2Fwp%2Fv2%2Fmedia&parent=6829"}],"wp:term":[{"taxonomy":"category","embeddable":true,"href":"https:\/\/www.unionbelge.be\/index.php?rest_route=%2Fwp%2Fv2%2Fcategories&post=6829"},{"taxonomy":"post_tag","embeddable":true,"href":"https:\/\/www.unionbelge.be\/index.php?rest_route=%2Fwp%2Fv2%2Ftags&post=6829"}],"curies":[{"name":"wp","href":"https:\/\/api.w.org\/{rel}","templated":true}]}}