{"id":6332,"date":"2012-10-14T00:39:39","date_gmt":"2012-10-13T22:39:39","guid":{"rendered":"http:\/\/www.unionbelge.be\/?p=6332"},"modified":"2016-11-16T13:22:36","modified_gmt":"2016-11-16T12:22:36","slug":"belg-unie-de-enige-juiste-keuze-le-seul-bon-choix","status":"publish","type":"post","link":"https:\/\/www.unionbelge.be\/?p=6332","title":{"rendered":"BELG-UNIE: DE ENIGE JUISTE KEUZE &#8211; LE SEUL BON CHOIX"},"content":{"rendered":"<figure id=\"attachment_6333\" aria-describedby=\"caption-attachment-6333\" style=\"width: 200px\" class=\"wp-caption alignleft\"><a href=\"https:\/\/www.unionbelge.be\/wp-content\/uploads\/2012\/10\/DSC05847.jpg\"><img loading=\"lazy\" decoding=\"async\" class=\"size-medium wp-image-6333\" title=\"DSC05847\" src=\"https:\/\/www.unionbelge.be\/wp-content\/uploads\/2012\/10\/DSC05847-200x300.jpg\" alt=\"Affichage BELG-UNIE in Brabant - Affichage de BELG-UNIE dans le Brabant\" width=\"200\" height=\"300\" srcset=\"https:\/\/www.unionbelge.be\/wp-content\/uploads\/2012\/10\/DSC05847-200x300.jpg 200w, https:\/\/www.unionbelge.be\/wp-content\/uploads\/2012\/10\/DSC05847-420x630.jpg 420w, https:\/\/www.unionbelge.be\/wp-content\/uploads\/2012\/10\/DSC05847-800x1200.jpg 800w, https:\/\/www.unionbelge.be\/wp-content\/uploads\/2012\/10\/DSC05847-682x1024.jpg 682w, https:\/\/www.unionbelge.be\/wp-content\/uploads\/2012\/10\/DSC05847-533x800.jpg 533w, https:\/\/www.unionbelge.be\/wp-content\/uploads\/2012\/10\/DSC05847-1200x1800.jpg 1200w, https:\/\/www.unionbelge.be\/wp-content\/uploads\/2012\/10\/DSC05847-scaled.jpg 1707w\" sizes=\"auto, (max-width: 200px) 100vw, 200px\" \/><\/a><figcaption id=\"caption-attachment-6333\" class=\"wp-caption-text\">Affichage BELG-UNIE in Brabant &#8211; Affichage de BELG-UNIE dans le Brabant 13.10.2012 (photo &#8211; foto\u00a0B.U.B.)<\/figcaption><\/figure>\n<p><strong>PROVINCIALE VERKIEZINGEN VAN 14 OKTOBER 2012<\/strong><\/p>\n<p><strong>Maak op 14 oktober 2012 de enige echte goede keuze: stem voor een unitair Belgi\u00eb en een sterke provincie: stem BELG-UNIE ! U kan ook op onze lijst stemmen in Stad Brussel, Anderlecht en Stad Gent. <\/strong><\/p>\n<p>&nbsp;<\/p>\n<p><strong>ELECTIONS PROVINCIALES DU 14 OCTOBRE 2012<\/strong><\/p>\n<p><strong>Faites le seul vrai bon choix le 14 octobre: votez pour une Belgique unitaire et une province forte: votez BELG-UNIE ! Vous pouvez \u00e9galement voter pour notre liste \u00e0 la Ville de Bruxelles, \u00e0 Anderlecht et \u00e0 la Ville de Gand.<\/strong><\/p>\n<p>&nbsp;<\/p>\n","protected":false},"excerpt":{"rendered":"<p>Faites le seul vrai bon choix le 14 octobre: votez pour une Belgique unitaire et une province forte: votez BELG-UNIE ! Vous pouvez \u00e9galement voter pour notre liste \u00e0 la Ville de Bruxelles, \u00e0 Anderlecht et \u00e0 la Ville de Gand.<\/p>\n<p>Maak op 14 oktober 2012 de enige echte goede keuze: stem voor een unitair Belgi\u00eb en een sterke provincie: stem BELG-UNIE ! U kan ook op onze lijst stemmen in Stad Brussel, Anderlecht en Stad Gent. <\/p>\n","protected":false},"author":2,"featured_media":0,"comment_status":"closed","ping_status":"open","sticky":false,"template":"","format":"standard","meta":{"ngg_post_thumbnail":0,"jetpack_post_was_ever_published":false,"_jetpack_newsletter_access":"","_jetpack_dont_email_post_to_subs":true,"_jetpack_newsletter_tier_id":0,"_jetpack_memberships_contains_paywalled_content":false,"powered_cache_disable_cache":false,"_jetpack_memberships_contains_paid_content":false,"footnotes":"","jetpack_publicize_message":"","jetpack_publicize_feature_enabled":true,"jetpack_social_post_already_shared":false,"jetpack_social_options":{"image_generator_settings":{"template":"highway","default_image_id":0,"font":"","enabled":false},"version":2}},"categories":[1,4],"tags":[],"class_list":["post-6332","post","type-post","status-publish","format-standard","hentry","category-news0","category-info"],"jetpack_publicize_connections":[],"jetpack_featured_media_url":"","jetpack_sharing_enabled":true,"jetpack_shortlink":"https:\/\/wp.me\/p6Y7u0-1E8","jetpack_likes_enabled":false,"_links":{"self":[{"href":"https:\/\/www.unionbelge.be\/index.php?rest_route=\/wp\/v2\/posts\/6332","targetHints":{"allow":["GET"]}}],"collection":[{"href":"https:\/\/www.unionbelge.be\/index.php?rest_route=\/wp\/v2\/posts"}],"about":[{"href":"https:\/\/www.unionbelge.be\/index.php?rest_route=\/wp\/v2\/types\/post"}],"author":[{"embeddable":true,"href":"https:\/\/www.unionbelge.be\/index.php?rest_route=\/wp\/v2\/users\/2"}],"replies":[{"embeddable":true,"href":"https:\/\/www.unionbelge.be\/index.php?rest_route=%2Fwp%2Fv2%2Fcomments&post=6332"}],"version-history":[{"count":7,"href":"https:\/\/www.unionbelge.be\/index.php?rest_route=\/wp\/v2\/posts\/6332\/revisions"}],"predecessor-version":[{"id":10941,"href":"https:\/\/www.unionbelge.be\/index.php?rest_route=\/wp\/v2\/posts\/6332\/revisions\/10941"}],"wp:attachment":[{"href":"https:\/\/www.unionbelge.be\/index.php?rest_route=%2Fwp%2Fv2%2Fmedia&parent=6332"}],"wp:term":[{"taxonomy":"category","embeddable":true,"href":"https:\/\/www.unionbelge.be\/index.php?rest_route=%2Fwp%2Fv2%2Fcategories&post=6332"},{"taxonomy":"post_tag","embeddable":true,"href":"https:\/\/www.unionbelge.be\/index.php?rest_route=%2Fwp%2Fv2%2Ftags&post=6332"}],"curies":[{"name":"wp","href":"https:\/\/api.w.org\/{rel}","templated":true}]}}