{"id":6289,"date":"2012-09-30T12:18:30","date_gmt":"2012-09-30T10:18:30","guid":{"rendered":"http:\/\/www.unionbelge.be\/?p=6289"},"modified":"2012-10-06T00:10:24","modified_gmt":"2012-10-05T22:10:24","slug":"de-9-provincies-zijn-de-toekomst-van-belgie-les-9-provinces-constituent-lavenir-de-la-belgique","status":"publish","type":"post","link":"https:\/\/www.unionbelge.be\/?p=6289","title":{"rendered":"DE 9 PROVINCIES ZIJN DE TOEKOMST VAN BELGIE &#8211; LES 9 PROVINCES CONSTITUENT L&#8217;AVENIR DE LA BELGIQUE"},"content":{"rendered":"<div class=\"mceTemp\">\n<dl id=\"attachment_6290\" class=\"wp-caption alignright\" style=\"width: 210px;\">\n<dt class=\"wp-caption-dt\"><a href=\"https:\/\/www.unionbelge.be\/wp-content\/uploads\/2012\/09\/Pr\u00e9sident-voorzitter-B.U.B..jpg\"><img loading=\"lazy\" decoding=\"async\" class=\"size-medium wp-image-6290\" title=\"Pr\u00e9sident - voorzitter B.U.B.\" src=\"https:\/\/www.unionbelge.be\/wp-content\/uploads\/2012\/09\/Pr\u00e9sident-voorzitter-B.U.B.-200x300.jpg\" alt=\"\" width=\"200\" height=\"300\" srcset=\"https:\/\/www.unionbelge.be\/wp-content\/uploads\/2012\/09\/Pr\u00e9sident-voorzitter-B.U.B.-200x300.jpg 200w, https:\/\/www.unionbelge.be\/wp-content\/uploads\/2012\/09\/Pr\u00e9sident-voorzitter-B.U.B.-420x630.jpg 420w, https:\/\/www.unionbelge.be\/wp-content\/uploads\/2012\/09\/Pr\u00e9sident-voorzitter-B.U.B.-800x1200.jpg 800w, https:\/\/www.unionbelge.be\/wp-content\/uploads\/2012\/09\/Pr\u00e9sident-voorzitter-B.U.B.-682x1024.jpg 682w, https:\/\/www.unionbelge.be\/wp-content\/uploads\/2012\/09\/Pr\u00e9sident-voorzitter-B.U.B.-1200x1800.jpg 1200w, https:\/\/www.unionbelge.be\/wp-content\/uploads\/2012\/09\/Pr\u00e9sident-voorzitter-B.U.B.-scaled.jpg 1707w\" sizes=\"auto, (max-width: 200px) 100vw, 200px\" \/><\/a><\/dt>\n<dd class=\"wp-caption-dd\">Hans Van de Cauter, Voorzitter B.U.B. \/ pr\u00e9sident du B.U.B. \/ Vorsitzende der B.U.B.<\/dd>\n<\/dl>\n<p><strong>LEVE DE PROVINCIES\u00a0!<\/strong><strong>\u00a0<\/strong><\/p>\n<\/div>\n<p><strong>We zijn geneigd het te vergeten, maar op 14 oktober 2012 zullen er ook provinciale verkiezingen in Belgi\u00eb plaatsvinden. Terwijl de media de mond vol hebben van de gemeenteraadsverkiezingen en vooral die van de stad Antwerpen (voorteken van het nieuwe unitaire Belgi\u00eb?) is het nuttig hieraan te herinneren.<\/strong><strong>\u00a0<\/strong><\/p>\n<p>De Belgische provincies werden in 1830 op basis van de Napoleontische departementen opgericht die op hun beurt teruggingen tot de vorstendommen van de middeleeuwen. Men onderscheidt West- en Oost-Vlaanderen en Henegouwen in het westen, Antwerpen in het noorden, Limburg en Luik in het oosten, Luxemburg en Namen in het zuiden en Brabant in het centrum.<\/p>\n<p>Het belang van de 9 historische provincies kan niet onderschat worden in een Belgi\u00eb dat op institutioneel vlak op basis van taalgrenzen gesplitst is, die bovendien nogal approximatief zijn. De provincies komen beter met de Belgische sociologie en geschiedenis overeen dan de gewesten en laten toe de noord-zuid-breuklijn, die de Belgische politiek teistert, te vermijden en te overstijgen.<\/p>\n<p>Dat is ook de reden waarom de B.U.B. en het kartel BELG-UNIE ervoor gekozen hebben vooral aan de provinciale verkiezingen mee te doen. U vindt de provinciale lijsten op onze site. In Brussel was het niet mogelijk aan de provinciale verkiezingen deel te nemen aangezien er geen provincie meer is sinds de splitsing van de provincie Brabant in 1995, waarvan Brussel de hoofdplaats was.<\/p>\n<p>De historische vergissing van de splitsing van Brabant, die door zo goed als geen enkele Brabantse burger werd gevraagd,\u00a0moet ongedaan gemaakt worden. Bijgevolg wensen de B.U.B. en het kartel de hereniging van Brabant. Nochtans kan dat volgens de B.U.B. alleen maar effici\u00ebnt zijn als men tegelijkertijd de gewesten afschaft teneinde bevoegdheidsoverlappingen en dus conflicten te vermijden.<strong>\u00a0<\/strong><\/p>\n<p><strong>De provincies zijn de echte institutionele oplossing voor de politiek-communautaire problemen in Belgi\u00eb. Zij zijn de toekomst van Belgi\u00eb. Laten we hen\u00a0opnieuw de rol geven die ze verdienen ! Het is\u00a0dan ook met\u00a0 enthousiasme dat ik u aanraad op 14 oktober voor BELG-UNIE te stemmen. Indien dat niet mogelijk is, stem dan voor een louter lokale of een tweetalige, Belgische\u00a0lijst !<\/strong><\/p>\n<p>&nbsp;<\/p>\n<p><strong><a href=\"https:\/\/www.unionbelge.be\/wp-content\/uploads\/2012\/09\/Affiche-2012-B-U-v21.jpg\"><img loading=\"lazy\" decoding=\"async\" class=\"alignleft size-medium wp-image-6291\" title=\"Affiche-2012-B-U-v2\" src=\"https:\/\/www.unionbelge.be\/wp-content\/uploads\/2012\/09\/Affiche-2012-B-U-v21-211x300.jpg\" alt=\"\" width=\"211\" height=\"300\" srcset=\"https:\/\/www.unionbelge.be\/wp-content\/uploads\/2012\/09\/Affiche-2012-B-U-v21-211x300.jpg 211w, https:\/\/www.unionbelge.be\/wp-content\/uploads\/2012\/09\/Affiche-2012-B-U-v21-565x800.jpg 565w, https:\/\/www.unionbelge.be\/wp-content\/uploads\/2012\/09\/Affiche-2012-B-U-v21.jpg 595w\" sizes=\"auto, (max-width: 211px) 100vw, 211px\" \/><\/a>VIVE LES PROVINCES !<\/strong><strong> <\/strong><\/p>\n<p><strong>On aurait tendance \u00e0 l\u2019oublier, mais le 14 octobre 2012, il y aura aussi les \u00e9lections provinciales en Belgique. Tandis que les m\u00e9dias belges ne parlent que des \u00e9lections communales et surtout celles de la ville d\u2019Anvers (pr\u00e9sage de la nouvelle Belgique unitaire ?), il est utile de le rappeler.<\/strong><\/p>\n<p>Les provinces belges ont \u00e9t\u00e9 cr\u00e9\u00e9es en 1830 sur la base des d\u00e9partements napol\u00e9oniens qui \u00e0 leur tour remontent aux principaut\u00e9s du Moyen Age. On distingue la Flandre occidentale et orientale ainsi que le Hainaut \u00e0 l\u2019ouest, Anvers au nord, le Limbourg et Li\u00e8ge \u00e0 l\u2019est, le Luxembourg et Namur au sud et le Brabant au centre.<\/p>\n<p>L\u2019importance des 9 provinces historiques ne peut \u00eatre sous-estim\u00e9 dans une Belgique qui est sur le plan institutionnel scind\u00e9e sur base de fronti\u00e8res linguistiques qui sont en outre assez approximatives. Les provinces correspondent bien mieux \u00e0 la sociologie et \u00e0 l\u2019histoire de la Belgique que les r\u00e9gions et permettent d\u2019\u00e9viter et de transcender le clivage \u00ab nord-sud \u00bb qui caract\u00e9rise la politique belge.<\/p>\n<p>C\u2019est la raison pour laquelle le B.U.B. et le cartel BELG-UNIE ont choisi de participer surtout aux \u00e9lections provinciales. Vous trouvez les listes provinciales sur notre site. A Bruxelles, il n\u2019\u00e9tait pas possible de\u00a0pr\u00e9senter des candidats\u00a0aux \u00e9lections provinciales vu que la province y a disparu depuis la scission de la province du Brabant en 1995, dont Bruxelles \u00e9tait le chef-lieu.<\/p>\n<p>L\u2019erreur historique de la scission du Brabant, non demand\u00e9e par les Braban\u00e7ons,\u00a0doit \u00eatre corrig\u00e9e. Par cons\u00e9quent, le B.U.B. et le cartel pr\u00f4nent la r\u00e9unification du Brabant. N\u00e9anmoins, selon le B.U.B., cela ne peut \u00eatre efficace que si l\u2019on supprime en m\u00eame temps les r\u00e9gions afin d\u2019\u00e9viter des chevauchements de comp\u00e9tences et donc des conflits.<\/p>\n<p><strong>Les provinces constituent la v\u00e9ritable solution institutionnelle aux probl\u00e8mes politico-communautaires en Belgique. Elles constituent l&#8217;avenir de la Belgique. Redonnons-leur le r\u00f4le qu\u2019elles m\u00e9ritent ! C&#8217;est donc avec\u00a0enthousiasme que je vous demande de voter BELG-UNIE le 14 octobre. Si ce n&#8217;est pas possible, donnez alors votre voix \u00e0 une liste purement locale ou une liste bilingue et belge !<\/strong><\/p>\n","protected":false},"excerpt":{"rendered":"<p>We zijn geneigd het te vergeten, maar op 14 oktober 2012 zullen er ook provinciale verkiezingen in Belgi\u00eb plaatsvinden. Terwijl de media de mond vol hebben van de gemeenteraadsverkiezingen en vooral die van de stad Antwerpen (voorteken van het nieuwe unitaire Belgi\u00eb?) is het nuttig hieraan te herinneren. <\/p>\n<p>On aurait tendance \u00e0 l\u2019oublier, mais le 14 octobre 2012, il y aura aussi les \u00e9lections provinciales en Belgique. Tandis que les m\u00e9dias belges ne parlent que des \u00e9lections communales et surtout celles de la ville d\u2019Anvers (pr\u00e9sage de la nouvelle Belgique unitaire ?), il est utile de le rappeler.<\/p>\n","protected":false},"author":2,"featured_media":0,"comment_status":"closed","ping_status":"open","sticky":false,"template":"","format":"standard","meta":{"ngg_post_thumbnail":0,"jetpack_post_was_ever_published":false,"_jetpack_newsletter_access":"","_jetpack_dont_email_post_to_subs":false,"_jetpack_newsletter_tier_id":0,"_jetpack_memberships_contains_paywalled_content":false,"powered_cache_disable_cache":false,"_jetpack_memberships_contains_paid_content":false,"footnotes":"","jetpack_publicize_message":"","jetpack_publicize_feature_enabled":true,"jetpack_social_post_already_shared":false,"jetpack_social_options":{"image_generator_settings":{"template":"highway","default_image_id":0,"font":"","enabled":false},"version":2}},"categories":[10,1,5],"tags":[],"class_list":["post-6289","post","type-post","status-publish","format-standard","hentry","category-ideology","category-news0","category-opinions"],"jetpack_publicize_connections":[],"jetpack_featured_media_url":"","jetpack_sharing_enabled":true,"jetpack_shortlink":"https:\/\/wp.me\/p6Y7u0-1Dr","jetpack_likes_enabled":false,"_links":{"self":[{"href":"https:\/\/www.unionbelge.be\/index.php?rest_route=\/wp\/v2\/posts\/6289","targetHints":{"allow":["GET"]}}],"collection":[{"href":"https:\/\/www.unionbelge.be\/index.php?rest_route=\/wp\/v2\/posts"}],"about":[{"href":"https:\/\/www.unionbelge.be\/index.php?rest_route=\/wp\/v2\/types\/post"}],"author":[{"embeddable":true,"href":"https:\/\/www.unionbelge.be\/index.php?rest_route=\/wp\/v2\/users\/2"}],"replies":[{"embeddable":true,"href":"https:\/\/www.unionbelge.be\/index.php?rest_route=%2Fwp%2Fv2%2Fcomments&post=6289"}],"version-history":[{"count":5,"href":"https:\/\/www.unionbelge.be\/index.php?rest_route=\/wp\/v2\/posts\/6289\/revisions"}],"predecessor-version":[{"id":6294,"href":"https:\/\/www.unionbelge.be\/index.php?rest_route=\/wp\/v2\/posts\/6289\/revisions\/6294"}],"wp:attachment":[{"href":"https:\/\/www.unionbelge.be\/index.php?rest_route=%2Fwp%2Fv2%2Fmedia&parent=6289"}],"wp:term":[{"taxonomy":"category","embeddable":true,"href":"https:\/\/www.unionbelge.be\/index.php?rest_route=%2Fwp%2Fv2%2Fcategories&post=6289"},{"taxonomy":"post_tag","embeddable":true,"href":"https:\/\/www.unionbelge.be\/index.php?rest_route=%2Fwp%2Fv2%2Ftags&post=6289"}],"curies":[{"name":"wp","href":"https:\/\/api.w.org\/{rel}","templated":true}]}}