{"id":6227,"date":"2012-09-23T13:26:14","date_gmt":"2012-09-23T11:26:14","guid":{"rendered":"http:\/\/www.unionbelge.be\/?p=6227"},"modified":"2016-11-16T13:05:26","modified_gmt":"2016-11-16T12:05:26","slug":"toute-la-particratie-est-coupable-de-la-montee-de-la-n-va-heel-de-particratie-schuldig-aan-het-succes-van-de-n-va","status":"publish","type":"post","link":"https:\/\/www.unionbelge.be\/?p=6227","title":{"rendered":"TOUTE LA PARTICRATIE EST COUPABLE DE LA MONTEE DE LA N-VA &#8211; HEEL DE PARTICRATIE IS SCHULDIG AAN HET SUCCES VAN DE N-VA"},"content":{"rendered":"<figure id=\"attachment_6228\" aria-describedby=\"caption-attachment-6228\" style=\"width: 510px\" class=\"wp-caption aligncenter\"><a href=\"https:\/\/www.unionbelge.be\/wp-content\/uploads\/2012\/09\/Verhofstadt.jpg\"><img loading=\"lazy\" decoding=\"async\" class=\"size-full wp-image-6228\" title=\"Verhofstadt\" src=\"https:\/\/www.unionbelge.be\/wp-content\/uploads\/2012\/09\/Verhofstadt.jpg\" alt=\"\" width=\"510\" height=\"288\" \/><\/a><figcaption id=\"caption-attachment-6228\" class=\"wp-caption-text\">Guy Verhofstadt (Photo News)<\/figcaption><\/figure>\n<p><strong>GUY VERHOFSTADT ET LA N-VA <\/strong><\/p>\n<p><strong>Lors d\u2019une sortie m\u00e9diatique sur les ondes de la RTBF le 22 septembre 2012, l\u2019ex-premier ministre et actuel chef de fil du groupe lib\u00e9ral au parlement europ\u00e9en, Guy Verhofstadt (VLD), a ouvertement critiqu\u00e9 la N-VA, en jugeant que son coll\u00e8gue du VLD, Patrick Dewael, n&#8217;a pas tort de dire que cette formation est un parti d&#8217;extr\u00eame droite <em>&#8220;quand on voit qu&#8217;il y a beaucoup de gens de l&#8217;extr\u00eame droite sur ses listes&#8221;<\/em>. Ce constat n\u2019est pourtant pas nouveau. <a href=\"https:\/\/www.unionbelge.be\/?p=5320\">Le B.U.B. ne cesse de r\u00e9p\u00e9ter depuis des ann\u00e9es que la N-VA est un parti extr\u00e9miste et s\u00e9paratiste<\/a>.<br \/>\n<\/strong><\/p>\n<p>Il y a dix ans, le feu Hugo Schiltz, figure de proue du mouvement \u00ab\u00a0flamand\u00a0\u00bb et co-auteur de plusieurs r\u00e9formes de l\u2019Etat anti-belges a m\u00eame lors d\u2019une interview averti la population de l\u2019extr\u00e9misme de la N-VA. Il y a dit que <em>\u00ab\u00a0la N-VA est contamin\u00e9e par le p\u00e9ch\u00e9 originel du nationalisme flamingant d\u2019avant-guerre\u00a0\u00bb<\/em> et que <em>\u00ab\u00a0les pens\u00e9es sous-jacentes de la N-VA sont totalitaires\u00a0\u00bb.<\/em><\/p>\n<p>Toutefois, les partis traditionnels sont responsables de la mont\u00e9e du nationalisme flamingant et ceci \u00e0 plusieurs titres.<\/p>\n<p>1)\u00a0\u00a0\u00a0\u00a0\u00a0 Le f\u00e9d\u00e9ralisme linguistique invent\u00e9 et impos\u00e9 par la particratie depuis la fin des ann\u00e9es 60 est une attaque en r\u00e8gle contre l\u2019unit\u00e9 de la Belgique et la coexistence paisible des communaut\u00e9s linguistiques. En mettant les Belges dans des cases linguistiques, les partis traditionnels ont progressivement d\u00e9truit le bilinguisme des citoyens et le sentiment d\u2019identit\u00e9 nationale au profit des extr\u00e9mistes flamingants et wallingants.<\/p>\n<p>2)\u00a0\u00a0\u00a0\u00a0\u00a0 Les partis politiques traditionnels se sont scind\u00e9s entre n\u00e9erlandophones et francophones cr\u00e9ant ainsi deux espaces politiques s\u00e9par\u00e9s qui font le nid des extr\u00e9mistes de la langue. De plus, les programmes des partis traditionnels pr\u00e9voient l\u2019\u00e9volution de l\u2019Etat belge vers une conf\u00e9d\u00e9ration ou une f\u00e9d\u00e9ration \u00ab\u00a0coquille vide\u00a0\u00bb.<\/p>\n<p>3)\u00a0\u00a0\u00a0\u00a0\u00a0 Les partis traditionnels, dont le VLD de Guy Verhofstadt, ont n\u00e9goci\u00e9 pendant des mois avec la N-VA\u00a0entre 2007\u00a0et 2011 pour la formation d\u2019un gouvernement national pour ensuite ex\u00e9cuter partiellement le programme de la N-VA par la sixi\u00e8me r\u00e9forme de l\u2019Etat qui contient notamment la scission de nombreuses comp\u00e9tences f\u00e9d\u00e9rales et la suppression du S\u00e9nat unitaire.<\/p>\n<p>4) Le CD&amp;V a form\u00e9 un cartel avec la N-VA entre 2004 et 2008 et ce cartel subsiste encore \u00e0 ce jour dans certaines communes pour les \u00e9lections communales (p. ex. \u00e0 Ypres, Wielsbeke et Overijse).<\/p>\n<p>5)\u00a0\u00a0\u00a0\u00a0\u00a0 Deux partis traditionnels (SP.a et CD&amp;V) se trouvent dans une coalition avec la N-VA au gouvernement \u00ab\u00a0flamand\u00a0\u00bb et dans de nombreuses communes.<\/p>\n<p><strong>L\u2019hypocrisie de Guy Verhofstadt est donc criante. Toute la particratie est coupable de la mont\u00e9e de la N-VA. Pour l\u2019arr\u00eater, seul le B.U.B. offre la solution.<\/strong><strong>\u00a0<\/strong><strong>\u00a0<\/strong><\/p>\n<div class=\"mceTemp mceIEcenter\"><\/div>\n<p><strong>GUY VERHOFSTADT\u00a0EN DE N-VA <\/strong><\/p>\n<p><strong>De vroegere eerste minister en huidig fractieleider van de liberale groep in het Europees parlement, Guy Verhofstadt (VLD), heeft tijdens een interview op de RTBF van 22 september 2012 de N-VA openlijk bekritiseerd door te stellen dat zijn VLD-collega Patrick Dewael geen ongelijk heeft te stellen dat deze partij extreemrechts is \u201cwanneer men ziet dat er veel mensen van extreemrechts op de N-VA-lijsten staan.\u201d Die vaststelling is nochtans niet nieuw. <a href=\"https:\/\/www.unionbelge.be\/?p=5320\">De B.U.B. houdt sinds jaar en dag niet op te herhalen dat de N-VA een extremistische en separatistische partij is.<\/a><\/strong><\/p>\n<p>Tien jaar geleden heeft Hugo Schiltz, boegbeeld van de \u201cVlaamse\u201d beweging en medeauteur van verschillende anti-Belgische staatshervormingen, tijdens een interview de bevolking gewaarschuwd voor het extremisme van de N-VA. Hij zei toen dat <em>\u201cde N-VA besmet was door de erfzonde van het vooroorlogs \u201cVlaams\u201d-nationalisme\u201d<\/em> en dat <em>\u201cde onderliggende gedachten van de N-VA totalitair zijn.\u201d<\/em><\/p>\n<figure id=\"attachment_6232\" aria-describedby=\"caption-attachment-6232\" style=\"width: 222px\" class=\"wp-caption alignleft\"><a href=\"https:\/\/www.unionbelge.be\/wp-content\/uploads\/2012\/09\/De-Wever-Le-pen-1996.jpg\"><img loading=\"lazy\" decoding=\"async\" class=\"size-medium wp-image-6232\" title=\"De Wever - Le pen 1996\" src=\"https:\/\/www.unionbelge.be\/wp-content\/uploads\/2012\/09\/De-Wever-Le-pen-1996-222x300.jpg\" alt=\"\" width=\"222\" height=\"300\" \/><\/a><figcaption id=\"caption-attachment-6232\" class=\"wp-caption-text\">De Wever ontmoette fascist Le Pen in 1996 op de Vlaams-nationale debatclub in Antwerpen &#8211; De Wever a rencontr\u00e9 le fasciste Le Pen \u00e0 un forum flamingant \u00e0 Anvers en 1996 (bron foto onbekend &#8211; source photo inconnue)<\/figcaption><\/figure>\n<p>Nochtans zijn de traditionele partijen verantwoordelijk voor de opgang van het \u00ab\u00a0Vlaams\u00a0\u00bb-nationalisme en dat om verschillende redenen.<\/p>\n<p>1)\u00a0\u00a0\u00a0\u00a0\u00a0 Het door de particratie sinds eind jaren 60 uitgevonden en opgelegde taalfederalisme is een regelrechte aanval op de eenheid van Belgi\u00eb en het vreedzame samenleven van de taalgemeenschappen. Door de Belgen in taalhokjes te steken hebben de traditionele partijen geleidelijkaan de tweetaligheid van de burgers en het nationaal identiteitsgevoelen vernietigd in het voordeel van de flamingantische en wallingantische extremisten.<\/p>\n<p>2)\u00a0\u00a0\u00a0\u00a0\u00a0 De traditionele politieke partijen hebben zich in Nederlandstaligen en Franstaligen opgesplitst en zo twee aparte politieke fora gecre\u00eberd die het bedje van de taalextremisten spreiden. Bovendien ondersteunen de programma\u2019s van de traditionele partijen de evolutie van de Belgische staat naar een confederatie of een federale staat als \u201clege schelp\u201d.<\/p>\n<p>3)\u00a0\u00a0\u00a0\u00a0\u00a0 De traditionele partijen, waaronder de VLD van Guy Verhofstadt, hebben in 2010 en 2011 gedurende maanden met de N-VA onderhandeld over de vorming van een nationale regering en hebben vervolgens een deel van het N-VA-programma uitgevoerd via de zesde staatshervorming die ondermeer de splitsing van vele federale bevoegdheden alsook de afschaffing van de Senaat bevat.<\/p>\n<p>4) De CD&amp;V vormde een kartel met de N-VA tussen 2004 en 2008 en dit kartel blijft in sommige gemeenten overeind voor de gemeenteraadsverkiezingen (bijv. in Ieper, Wielsbeke en Overijse).<\/p>\n<p>5)\u00a0\u00a0\u00a0\u00a0\u00a0 Twee traditionele partijen (SP.a en CD&amp;V) vormen een coalitie met de N-VA in de \u201cVlaamse\u201d regering en in verschillende gemeenten.<\/p>\n<p><strong>De hypocrisie van Guy Verhofstadt is dan ook schrijnend. Heel de particratie is schuldig aan het succes van de N-VA. Om dit succes te stoppen biedt alleen de B.U.B. de oplossing. <\/strong><\/p>\n","protected":false},"excerpt":{"rendered":"<p>Lors d\u2019une sortie m\u00e9diatique sur les ondes de la RTBF le 22 septembre 2012, l\u2019ex-premier ministre et actuel chef de fil du groupe lib\u00e9ral au parlement europ\u00e9en, Guy Verhofstadt (VLD), a ouvertement critiqu\u00e9 la N-VA, en jugeant que son coll\u00e8gue du VLD, Patrick Dewael, n&#8217;a pas tort de dire que cette formation est un parti d&#8217;extr\u00eame droite &#8220;quand on voit qu&#8217;il y a beaucoup de gens de l&#8217;extr\u00eame droite sur ses listes&#8221;. Ce constat n\u2019est pourtant pas nouveau. Le B.U.B. ne cesse de r\u00e9p\u00e9ter depuis des ann\u00e9es que la N-VA est un parti extr\u00e9miste et s\u00e9paratiste.<\/p>\n<p>De vroegere eerste minister en huidig fractieleider van de liberale groep in het Europees parlement, Guy Verhofstadt (VLD), heeft tijdens een interview op de RTBF van 22 september 2012 de N-VA openlijk bekritiseerd door te stellen dat zijn VLD-collega Patrick Dewael geen ongelijk heeft te stellen dat deze partij extreemrechts is \u201cwanneer men ziet dat er veel mensen van extreemrechts op de N-VA-lijsten staan.\u201d Die vaststelling is nochtans niet nieuw. De B.U.B. houdt sinds jaar en dag niet op te herhalen dat de N-VA een extremistische en separatistische partij is.<\/p>\n","protected":false},"author":2,"featured_media":0,"comment_status":"closed","ping_status":"open","sticky":false,"template":"","format":"standard","meta":{"ngg_post_thumbnail":0,"jetpack_post_was_ever_published":false,"_jetpack_newsletter_access":"","_jetpack_dont_email_post_to_subs":true,"_jetpack_newsletter_tier_id":0,"_jetpack_memberships_contains_paywalled_content":false,"powered_cache_disable_cache":false,"_jetpack_memberships_contains_paid_content":false,"footnotes":"","jetpack_publicize_message":"","jetpack_publicize_feature_enabled":true,"jetpack_social_post_already_shared":false,"jetpack_social_options":{"image_generator_settings":{"template":"highway","default_image_id":0,"font":"","enabled":false},"version":2}},"categories":[10,1],"tags":[],"class_list":["post-6227","post","type-post","status-publish","format-standard","hentry","category-ideology","category-news0"],"jetpack_publicize_connections":[],"jetpack_featured_media_url":"","jetpack_sharing_enabled":true,"jetpack_shortlink":"https:\/\/wp.me\/p6Y7u0-1Cr","jetpack_likes_enabled":false,"_links":{"self":[{"href":"https:\/\/www.unionbelge.be\/index.php?rest_route=\/wp\/v2\/posts\/6227","targetHints":{"allow":["GET"]}}],"collection":[{"href":"https:\/\/www.unionbelge.be\/index.php?rest_route=\/wp\/v2\/posts"}],"about":[{"href":"https:\/\/www.unionbelge.be\/index.php?rest_route=\/wp\/v2\/types\/post"}],"author":[{"embeddable":true,"href":"https:\/\/www.unionbelge.be\/index.php?rest_route=\/wp\/v2\/users\/2"}],"replies":[{"embeddable":true,"href":"https:\/\/www.unionbelge.be\/index.php?rest_route=%2Fwp%2Fv2%2Fcomments&post=6227"}],"version-history":[{"count":16,"href":"https:\/\/www.unionbelge.be\/index.php?rest_route=\/wp\/v2\/posts\/6227\/revisions"}],"predecessor-version":[{"id":10931,"href":"https:\/\/www.unionbelge.be\/index.php?rest_route=\/wp\/v2\/posts\/6227\/revisions\/10931"}],"wp:attachment":[{"href":"https:\/\/www.unionbelge.be\/index.php?rest_route=%2Fwp%2Fv2%2Fmedia&parent=6227"}],"wp:term":[{"taxonomy":"category","embeddable":true,"href":"https:\/\/www.unionbelge.be\/index.php?rest_route=%2Fwp%2Fv2%2Fcategories&post=6227"},{"taxonomy":"post_tag","embeddable":true,"href":"https:\/\/www.unionbelge.be\/index.php?rest_route=%2Fwp%2Fv2%2Ftags&post=6227"}],"curies":[{"name":"wp","href":"https:\/\/api.w.org\/{rel}","templated":true}]}}