{"id":5974,"date":"2012-07-10T23:31:58","date_gmt":"2012-07-10T21:31:58","guid":{"rendered":"http:\/\/www.unionbelge.be\/?p=5974"},"modified":"2016-11-16T12:52:41","modified_gmt":"2016-11-16T11:52:41","slug":"les-jeunes-neerlandophones-se-sentent-belges-avant-tout-de-nederlandstalige-jongeren-voelen-zich-bovenal-belg","status":"publish","type":"post","link":"https:\/\/www.unionbelge.be\/?p=5974","title":{"rendered":"LES JEUNES NEERLANDOPHONES SE SENTENT BELGES AVANT TOUT &#8211; DE NEDERLANDSTALIGE JONGEREN VOELEN ZICH BOVENAL BELG"},"content":{"rendered":"<p style=\"text-align: justify;\"><strong>LES JEUNES NEERLANDOPHONES SE SENTENT BELGES AVANT TOUT<\/strong><\/p>\n<p style=\"text-align: justify;\"><strong>Une nouvelle \u00e9tude de la KUL confirme ce que l\u2019on savait d\u00e9j\u00e0: une \u00e9crasante majorit\u00e9 des (jeunes) n\u00e9erlandophones se sent en premier lieu belge. Les r\u00e9sultats de l\u2019enqu\u00eate, r\u00e9alis\u00e9e sur un \u00e9chantillon de 3.426 jeunes du troisi\u00e8me secondaire confirme en effet un sondage semblable de la KULeuven de juillet 2011. <\/strong><\/p>\n<p style=\"text-align: justify;\">A l\u2019\u00e9poque, 8% des jeunes de 21 ans se disait favorable \u00e0 une scission de la Belgique (<a href=\"https:\/\/www.unionbelge.be\/?p=4087\"><span style=\"text-decoration: underline;\">cliquez ici pour lire notre publication<\/span><\/a>). De la nouvelle enqu\u00eate, il ressort que l\u2019adolescent n\u00e9erlandophone moyen de 14 ans fait en premier lieu r\u00e9f\u00e9rence \u00e0 la Belgique (et puis \u00e0 sa commune) en mati\u00e8re d\u2019identit\u00e9. Les jeunes Limbourgeois constituent la seule exception: ils s\u2019identifient d\u2019abord selon leur commune, puis (dans cet ordre) comme Belge, Limbourgeois et en dernier lieu comme \u00ab\u00a0Flamand\u00a0\u00bb (ce qu\u2019ils ne sont \u00e9videmment pas d\u2019un point de vue historique et sociologique). Voil\u00e0 la preuve que tant l\u2019identit\u00e9 belge que l\u2019identit\u00e9 provinciale sont toujours tr\u00e8s fortes en Belgique.<\/p>\n<p style=\"text-align: justify;\">Nous le r\u00e9p\u00e9tons: <span style=\"text-decoration: underline;\">la fin de la Belgique est le souhait de la particratie nationaliste ainsi que de ses m\u00e9dias, non de la population belge<\/span>\u00a0! Malgr\u00e9 la propagande incessante et quotidienne des m\u00e9dias \u201cflamands\u201d \u00e0 l\u2019encontre de l\u2019identit\u00e9 belge et celle de ses provinces, le sentiment belge et provincial est plus vivant que jamais.<\/p>\n<p style=\"text-align: justify;\">Ceux qui pensent que la nation belge n\u2019existe pas (ou plus) ont visiblement tort. C\u2019est le contraire qui est vrai: la soi-disant nation \u00ab\u00a0flamande\u00a0\u00bb ou \u00ab\u00a0wallonne\u00a0\u00bb est une chim\u00e8re, cr\u00e9\u00e9e par des politiciens anti-belges, mais non accept\u00e9e par la grande majorit\u00e9 des citoyens de notre pays. Afin de traduire au plus vite cette volont\u00e9 populaire en une r\u00e9alit\u00e9 politique, il nous faut des partis unitaristes, l\u00e9galistes et bi-, voire trilingues comme le B.U.B. (et le cartel BELG-UNIE).<\/p>\n<p style=\"text-align: justify;\"><strong>DE NEDERLANDSTALIGE JONGEREN VOELEN ZICH BOVENAL BELG <\/strong><\/p>\n<p style=\"text-align: justify;\"><strong>Een nieuwe studie van de KULeuven bevestigt wat we al wisten\u00a0: een verpletterende meerderheid van de (jonge) Nederlandstaligen voelen zich in de eerste plaats Belg. De resultaten van de peiling, uitgevoerd op een staal van 3.426 jongeren van het derde middelbaar bevestigen immers een gelijkaardige onderzoek van de KULeuven uit juli 2011. <\/strong><\/p>\n<p style=\"text-align: justify;\">Op dat moment verklaarde 8% van de jongeren van 21 jaar zich voorstander van een splitsing van Belgi\u00eb (<a href=\"https:\/\/www.unionbelge.be\/?p=4087\"><span style=\"text-decoration: underline;\">klik hier om onze publicatie te lezen<\/span><\/a>). Uit de nieuwe peiling blijkt dat de gemiddelde veertienjarige tiener zich in de eerste plaats met Belgi\u00eb (en daarna met zijn gemeente) identificeert. De jonge Limburgers vormen de enige uitzondering\u00a0: ze identificeren zich eerst met hun gemeente, dan (in die volgorde) als Belg, Limburger en tenslotte als \u00ab\u00a0Vlaming\u00a0\u00bb (wat ze uiteraard vanuit sociologisch noch historisch oogpunt zijn). Daarmee is het bewijs geleverd dat zowel de Belgische als de provinciale identiteit nog steeds zeer sterk zijn in Belgi\u00eb.<\/p>\n<p style=\"text-align: justify;\">We herhalen het: <span style=\"text-decoration: underline;\">het einde van Belgi\u00eb is de wens van de nationalistische particratie alsook van haar media, maar geenszins van de Belgische bevolking\u00a0!<\/span> Ondanks de onophoudelijke en dagelijkse propaganda van de \u00ab\u00a0Vlaamse\u00a0\u00bb media tegen de Belgische en provincial identiteit, zijn de Belgische en provinciale gevoelens sterker dan ooit.<\/p>\n<p style=\"text-align: justify;\">Zij die denken dat er geen Belgische natie (meer) bestaat hebben duidelijk ongelijk. Het tegendeel is waar\u00a0: de zogenaamde \u00ab\u00a0Vlaamse\u00a0\u00bb of \u00ab\u00a0Waalse\u00a0\u00bb natie is een hersenschim, in het leven geroepen door anti-Belgische politici, maar niet aanvaard door de overgrote meerderheid van de burgers van ons land. Teneinde deze volkswil zo snel mogelijk in een politieke realiteit te vertalen, hebben we nood aan unitaristische, legalistische en twee of zelfs drietalige partijen zoals de B.U.B. (en het kartel BELG-UNIE).<\/p>\n<p><a href=\"http:\/\/www.lalibre.be\/societe\/general\/article\/748972\/les-adolescents-flamands-se-sentent-belges-avant-tout.html\"><em><strong>Les adolescents flamands se sentent Belges avant tout (LLB 10.07.12)<\/strong><\/em><\/a><\/p>\n<p id=\"articleHat\" style=\"text-align: justify;\"><em>Ce sont les r\u00e9sultats d&#8217;une \u00e9tude de la KU Leuven r\u00e9alis\u00e9e sur 3.426 jeunes de troisi\u00e8me secondaire.<\/em><\/p>\n<div id=\"articleText\">\n<p style=\"text-align: justify;\"><em>L&#8217;adolescent flamand moyen de 14 ans fait r\u00e9f\u00e9rence en premier lieu \u00e0 son pays en mati\u00e8re d&#8217;identit\u00e9. Ensuite vient sa commune, et puis seulement la Flandre ou sa province. La seule exception, ce sont les jeunes Limbourgeois, qui s&#8217;identifient d&#8217;abord selon leur commune, puis comme Belge, Limbourgeois et Flamand. L&#8217;Europe arrive en dernier partout. Ce sont les r\u00e9sultats d&#8217;une \u00e9tude de la KU Leuven r\u00e9alis\u00e9e sur 3.426 jeunes de troisi\u00e8me secondaire. Les jeunes sont donc visiblement attach\u00e9s \u00e0 leur commune, mais cela n&#8217;\u00e9tonne pas le coordinateur de l&#8217;\u00e9tude Marc Hooghe, selon ses propos mardi dans De Standaard et Het Nieuwsblad.<\/em><\/p>\n<p style=\"text-align: justify;\"><em>&#8220;Les identit\u00e9s locales sont plus vivaces en Flandre qu&#8217;aux Pays-Bas. Ce qui saute aux yeux, c&#8217;est le score \u00e9lev\u00e9 de la Belgique. Les \u00e9v\u00e9nements r\u00e9cents ne semblent pas avoir eu beaucoup d&#8217;influence sur le sentiment d&#8217;identit\u00e9 des jeunes.&#8221; L&#8217;enqu\u00eate n&#8217;a tenu compte que de jeunes n\u00e9s en Flandre.<\/em><\/p>\n<div>\n<p><a href=\"http:\/\/www.standaard.be\/artikel\/detail.aspx?artikelid=DMF20120709_00217206&amp;word=belg\"><em><strong>Vlaamse tieners voelen zich bovenal Belg<\/strong><\/em><\/a> (DS 10.07.12)<\/p>\n<p style=\"text-align: justify;\"><em>BRUSSEL &#8211; Vraag een 14-jarige Vlaming naar zijn identiteit en hij noemt zich \u2018Belg&#8217;. Zelfs al houdt hij van de N-VA.<\/em><\/p>\n<\/div>\n<div id=\"ctl00_CtPH1_articleDetailNew_articleDetail_divArticleBody\">\n<p style=\"text-align: justify;\"><em>De gemiddelde Vlaamse veertienjarige noemt zich eerst Belg, dan inwoner van zijn gemeente en dan pas Vlaming of inwoner van zijn provincie. Behalve de Limburgers. Die ontlenen hun identiteit eerst aan hun gemeente en noemen zich daarna \u2013 in die volgorde \u2013 Belg, Limburger, Vlaming. Europa komt overal het laatst.<\/em><\/p>\n<p style=\"text-align: justify;\"><em>Dat blijkt uit een onderzoek van de KU Leuven onder 3.426 jongeren uit het derde jaar secundair. Co\u00f6rdinator Marc Hooghe kijkt er niet van op dat ze gehecht zijn aan hun gemeente. \u2018Lokale identiteiten leven sterker in Vlaanderen dan in pakweg Nederland. Wat opvalt, is de hoge score van Belgi\u00eb. Recente gebeurtenissen lijken weinig invloed gehad te hebben op het identiteitsgevoel van de jongeren.&#8217;<\/em><\/p>\n<p style=\"text-align: justify;\"><em>Dat laatste blijkt ook in vergelijking met een eerder onderzoek van Hooghe. In 2006 stelde hij dezelfde vragen al eens aan vierdejaars. Die voelden zich even Belgisch, maar minder Vlaams en minder Europees. \u2018Het gaat uiteraard om andere jongeren, dus is het moeilijk om over een evolutie te spreken. Ze zijn ook een jaar jonger en misschien daardoor net iets minder kritisch tegenover Vlaanderen of Europa. Maar het lijkt er wel op dat Vlaanderen en Europa aan belang winnen.&#8217;<\/em><\/p>\n<p style=\"text-align: justify;\"><em>Wie denkt dat Belgi\u00eb hoger scoort omdat ook veel allochtone jongeren de vragenlijst invulden, die zich misschien veeleer Genkenaar of Belg voelen dan Vlaming, vergist zich. Voor de bovenstaande resultaten werd alleen rekening gehouden met de scores van wie in Vlaanderen geboren werd.<\/em><\/p>\n<p style=\"text-align: justify;\"><em>De onderzoekers peilden ook naar de politieke voorkeur van de veertienjarigen. Met opvallende resultaten. Liberalen (7,2procent) en socialisten (6,3procent) blijken de jongeren nauwelijks nog te kennen, CD&amp;V (27,5procent) en N-VA (25,7procent) wel. Die laatste scoort bijna even goed (23,1procent) bij jongeren die zich \u2018eerder Belg&#8217; voelen. 27 procent denkt overigens dat Bart De Wever de Vlaamse minister-president is.<\/em><\/p>\n<\/div>\n<\/div>\n","protected":false},"excerpt":{"rendered":"<p>Ceux qui pensent que la nation belge n\u2019existe pas (ou plus) ont visiblement tort. C\u2019est le contraire qui est vrai: la soi-disant nation \u00ab flamande \u00bb ou \u00ab wallonne \u00bb est une chim\u00e8re, cr\u00e9\u00e9e par des politiciens anti-belges, mais non accept\u00e9e par la grande majorit\u00e9 des citoyens de notre pays. Afin de traduire au plus vite cette volont\u00e9 populaire en une r\u00e9alit\u00e9 politique, il nous faut des partis unitaristes, l\u00e9galistes et bi-, voire trilingues comme le B.U.B. (et le cartel BELG-UNIE).<\/p>\n<p>Zij die denken dat er geen Belgische natie (meer) bestaat hebben duidelijk ongelijk. Het tegendeel is waar : de zogenaamde \u00ab Vlaamse \u00bb of \u00ab Waalse \u00bb natie is een hersenschim, in het leven geroepen door anti-Belgische politici, maar niet aanvaard door de overgrote meerderheid van de burgers van ons land. Teneinde deze volkswil zo snel mogelijk in een politieke realiteit te vertalen, hebben we nood aan unitaristische, legalistische en twee of zelfs drietalige partijen zoals de B.U.B. (en het kartel BELG-UNIE).<\/p>\n","protected":false},"author":2,"featured_media":0,"comment_status":"closed","ping_status":"open","sticky":false,"template":"","format":"standard","meta":{"ngg_post_thumbnail":0,"jetpack_post_was_ever_published":false,"_jetpack_newsletter_access":"","_jetpack_dont_email_post_to_subs":true,"_jetpack_newsletter_tier_id":0,"_jetpack_memberships_contains_paywalled_content":false,"powered_cache_disable_cache":false,"_jetpack_memberships_contains_paid_content":false,"footnotes":"","jetpack_publicize_message":"","jetpack_publicize_feature_enabled":true,"jetpack_social_post_already_shared":false,"jetpack_social_options":{"image_generator_settings":{"template":"highway","default_image_id":0,"font":"","enabled":false},"version":2}},"categories":[24],"tags":[],"class_list":["post-5974","post","type-post","status-publish","format-standard","hentry","category-sociology"],"jetpack_publicize_connections":[],"jetpack_featured_media_url":"","jetpack_sharing_enabled":true,"jetpack_shortlink":"https:\/\/wp.me\/p6Y7u0-1ym","jetpack_likes_enabled":false,"_links":{"self":[{"href":"https:\/\/www.unionbelge.be\/index.php?rest_route=\/wp\/v2\/posts\/5974","targetHints":{"allow":["GET"]}}],"collection":[{"href":"https:\/\/www.unionbelge.be\/index.php?rest_route=\/wp\/v2\/posts"}],"about":[{"href":"https:\/\/www.unionbelge.be\/index.php?rest_route=\/wp\/v2\/types\/post"}],"author":[{"embeddable":true,"href":"https:\/\/www.unionbelge.be\/index.php?rest_route=\/wp\/v2\/users\/2"}],"replies":[{"embeddable":true,"href":"https:\/\/www.unionbelge.be\/index.php?rest_route=%2Fwp%2Fv2%2Fcomments&post=5974"}],"version-history":[{"count":6,"href":"https:\/\/www.unionbelge.be\/index.php?rest_route=\/wp\/v2\/posts\/5974\/revisions"}],"predecessor-version":[{"id":10924,"href":"https:\/\/www.unionbelge.be\/index.php?rest_route=\/wp\/v2\/posts\/5974\/revisions\/10924"}],"wp:attachment":[{"href":"https:\/\/www.unionbelge.be\/index.php?rest_route=%2Fwp%2Fv2%2Fmedia&parent=5974"}],"wp:term":[{"taxonomy":"category","embeddable":true,"href":"https:\/\/www.unionbelge.be\/index.php?rest_route=%2Fwp%2Fv2%2Fcategories&post=5974"},{"taxonomy":"post_tag","embeddable":true,"href":"https:\/\/www.unionbelge.be\/index.php?rest_route=%2Fwp%2Fv2%2Ftags&post=5974"}],"curies":[{"name":"wp","href":"https:\/\/api.w.org\/{rel}","templated":true}]}}