{"id":5953,"date":"2012-07-08T10:49:13","date_gmt":"2012-07-08T08:49:13","guid":{"rendered":"http:\/\/www.unionbelge.be\/?p=5953"},"modified":"2016-11-16T12:53:42","modified_gmt":"2016-11-16T11:53:42","slug":"unibelgium-fedcaf-bij-belg-unie-unibelgium-fedcaf-rejoint-belg-unie","status":"publish","type":"post","link":"https:\/\/www.unionbelge.be\/?p=5953","title":{"rendered":"UNIBELGIUM BIJ BELG-UNIE &#8211; UNIBELGIUM REJOINT BELG-UNIE !"},"content":{"rendered":"<p style=\"text-align: justify;\"><strong>LE CARTEL BELG-UNIE S\u2019ETEND ENCORE\u00a0!<\/strong><strong>\u00a0<\/strong><\/p>\n<p style=\"text-align: justify;\"><strong>Le 5 mai 2010, le B.U.B. et le CDF ont cr\u00e9\u00e9 le cartel BELG-UNIE afin de rassembler tous les partis pro-belges notamment en vue des \u00e9lections f\u00e9d\u00e9rales qui ont eu lieu le 13 juin 2010. Avec succ\u00e8s\u00a0: le cartel remportait plus de 20.500 voix dans 4 provinces plus Bruxelles-Hal-Vilvorde. Le 22 juin 2011, le cartel s\u2019est \u00e9largi de l\u2019Alliance belge (BAB) et d\u2019anciens membres notables du Parti Populaire (PP). Le 3 juillet 2012, Unibelgium a d\u00e9clar\u00e9 vouloir se joindre au cartel.<\/strong><strong>\u00a0<\/strong><\/p>\n<p style=\"text-align: justify;\">Unibelgium est un nouveau parti politique qui a \u00e9t\u00e9 cr\u00e9\u00e9 par la pr\u00e9sidente de la Fedcaf \u2013 la nouvelle f\u00e9d\u00e9ration professionnelle des cafetiers belges &#8211; Diane Delen et met bien entendu \u00e9galement l\u2019accent sur l\u2019unit\u00e9 de la Belgique, tout comme les trois autres partis du cartel. Unibelgium lutte en outre pour la libert\u00e9 du commerce, le respect de la classe moyenne et des ouvriers, la d\u00e9fense des familles et le droit \u00e0 l\u2019habitat, au travail et \u00e0 la sant\u00e9 pour tous.<\/p>\n<p style=\"text-align: justify;\">Les quatre partis faisant d\u00e9sormais partie du cartel gardent \u00e9videmment leur propre programme, mais participeront aux \u00e9lections provinciales du 14 octobre 2012 avec une d\u00e9claration commune (<a href=\"http:\/\/www.belg-unie.be\/wp-content\/uploads\/2011\/07\/Tract-Cartel-Aff-2011.pdf\"><span style=\"text-decoration: underline;\">cliquez ici<\/span><\/a>). Le but principal de cette participation est l\u2019ancrage provincial du cartel, non seulement parce que la province est proche des Belges, mais aussi parce que les quatre partis pro-belges du cartel sont tr\u00e8s attach\u00e9s aux provinces de Belgique, qu\u2019ils consid\u00e8rent comme des niveaux interm\u00e9diaires n\u00e9cessaires entre les communes et l\u2019Etat national.<\/p>\n<p style=\"text-align: justify;\"><strong>Il va de soi que cette nouvelle \u00e9volution signifie un renforcement consid\u00e9rable du Mouvement belge parce que les caf\u00e9s repr\u00e9sentent toujours un maillon important de la soci\u00e9t\u00e9 belge. En donnant votre voix \u00e0 BELG-UNIE lors des \u00e9lections provinciales du 14 octobre prochain, vous pourrez faire reculer les partis traditionnels anti-belges et faire avancer le projet de la Belgique unitaire\u00a0!<\/strong><\/p>\n<p style=\"text-align: justify;\">\n<p style=\"text-align: justify;\"><strong>HET KARTEL BELG-UNIE BREIDT ZICH VERDER UIT!<\/strong><\/p>\n<p style=\"text-align: justify;\"><strong>Op 5 mei 2010 richtten de B.U.B. en CDF het kartel BELG-UNIE op om alle pro-Belgische partijen te verenigen, onder andere met het oog op de federale verkiezingen van 13 juni 2010. Met succes: het kartel behaalde toen meer dan 20.500 stemmen in vier provincies plus Brussel-Halle-Vilvoorde. Op 22 juni 2011 werd het kartel verder uitgebreid met de Belgische Alliantie en enkele oud-leden van de Parti Populaire (PP).\u00a0Op 3 juli 2012 verklaarde Unibelgium het kartel te willen vervoegen.<\/strong><\/p>\n<p style=\"text-align: justify;\">Unibelgium is een nieuwe politieke partij die werd opgericht door Fedcaf-voorzitster Diane Delen \u2013 Fedcaf is de nieuwe beroepsvereniging van de Belgische caf\u00e9houders &#8211; en legt vanzelfsprekend ook de klemtoon op de eenheid van Belgi\u00eb, net als de andere drie partijen van het kartel. Voorts strijdt Unibelgium voor de vrijheid van handel, het respect voor de middenstand en de arbeiders, de verdediging van de families en het recht op wonen, werk en gezondheid voor iedereen.<\/p>\n<p style=\"text-align: justify;\">De vier partijen die nu deel uitmaken van het kartel behouden uiteraard elk hun programma, maar trekken met \u00e9\u00e9n gemeenschappelijke kartelverklaring (<a href=\"http:\/\/www.belg-unie.be\/wp-content\/uploads\/2011\/07\/Tract-Cartel-Aff-2011.pdf\"><span style=\"text-decoration: underline;\">klik hier<\/span><\/a>) naar de provinciale verkiezingen op 14 oktober 2012. Het hoofddoel van deze deelname is het kartel provinciaal te verankeren, niet alleen omdat de provincie dicht bij de Belgen staat, maar ook omdat de vier pro-Belgische partijen van het kartel sterk aan de provincies van Belgi\u00eb gehecht zijn, die zij zien als noodzakelijke niveaus tussen de gemeenten en de nationale staat.<\/p>\n<p style=\"text-align: justify;\"><strong>Het spreekt vanzelf dat deze nieuwe evolutie een belangrijke versterking van de Belgische Beweging betekent aangezien de caf\u00e9s nog altijd een belangrijke schakel zijn in de Belgische maatschappij. Door uw stem aan BELG-UNIE te geven bij de provincieraadsverkiezingen van 14 oktober a.s.\u00a0kan u de anti-Belgische traditionele partijen verder terugdringen en het unitaire Belgi\u00eb weer een stap dichterbij brengen !<\/strong><\/p>\n","protected":false},"excerpt":{"rendered":"<p>Le 5 mai 2010, le B.U.B. et le CDF ont cr\u00e9\u00e9e le cartel BELG-UNIE afin de rassembler tous les partis pro-belges notamment en vue des \u00e9lections f\u00e9d\u00e9rales qui ont eu lieu le 13 juin 2010. Avec succ\u00e8s : le cartel remportait plus de 20.500 voix dans 4 provinces plus Bruxelles-Hal-Vilvorde. Le 22 juin 2011, le cartel s\u2019est \u00e9largi de l\u2019Alliance belge (BAB) et d\u2019anciens membres notables du Parti Populaire (PP). Le 3 juillet 2012, Unibelgium a d\u00e9clar\u00e9 vouloir se joindre au cartel. <\/p>\n<p>Op 5 mei 2010 richtten de B.U.B. en CDF het kartel BELG-UNIE op om alle pro-Belgische partijen te verenigen, onder andere met het oog op de federale verkiezingen van 13 juni 2010. Met succes: het kartel behaalde toen meer dan 20.500 stemmen in vier provincies plus Brussel-Halle-Vilvoorde. Op 22 juni 2011 werd het kartel verder uitgebreid met de Belgische Alliantie en enkele oud-leden van de Parti Populaire (PP). Op 3 juli 2012 verklaarde Unibelgium het kartel te willen vervoegen.<\/p>\n","protected":false},"author":2,"featured_media":0,"comment_status":"closed","ping_status":"open","sticky":false,"template":"","format":"standard","meta":{"ngg_post_thumbnail":0,"jetpack_post_was_ever_published":false,"_jetpack_newsletter_access":"","_jetpack_dont_email_post_to_subs":true,"_jetpack_newsletter_tier_id":0,"_jetpack_memberships_contains_paywalled_content":false,"powered_cache_disable_cache":false,"_jetpack_memberships_contains_paid_content":false,"footnotes":"","jetpack_publicize_message":"","jetpack_publicize_feature_enabled":true,"jetpack_social_post_already_shared":false,"jetpack_social_options":{"image_generator_settings":{"template":"highway","default_image_id":0,"font":"","enabled":false},"version":2}},"categories":[1,4],"tags":[],"class_list":["post-5953","post","type-post","status-publish","format-standard","hentry","category-news0","category-info"],"jetpack_publicize_connections":[],"jetpack_featured_media_url":"","jetpack_sharing_enabled":true,"jetpack_shortlink":"https:\/\/wp.me\/p6Y7u0-1y1","jetpack_likes_enabled":false,"_links":{"self":[{"href":"https:\/\/www.unionbelge.be\/index.php?rest_route=\/wp\/v2\/posts\/5953","targetHints":{"allow":["GET"]}}],"collection":[{"href":"https:\/\/www.unionbelge.be\/index.php?rest_route=\/wp\/v2\/posts"}],"about":[{"href":"https:\/\/www.unionbelge.be\/index.php?rest_route=\/wp\/v2\/types\/post"}],"author":[{"embeddable":true,"href":"https:\/\/www.unionbelge.be\/index.php?rest_route=\/wp\/v2\/users\/2"}],"replies":[{"embeddable":true,"href":"https:\/\/www.unionbelge.be\/index.php?rest_route=%2Fwp%2Fv2%2Fcomments&post=5953"}],"version-history":[{"count":17,"href":"https:\/\/www.unionbelge.be\/index.php?rest_route=\/wp\/v2\/posts\/5953\/revisions"}],"predecessor-version":[{"id":10925,"href":"https:\/\/www.unionbelge.be\/index.php?rest_route=\/wp\/v2\/posts\/5953\/revisions\/10925"}],"wp:attachment":[{"href":"https:\/\/www.unionbelge.be\/index.php?rest_route=%2Fwp%2Fv2%2Fmedia&parent=5953"}],"wp:term":[{"taxonomy":"category","embeddable":true,"href":"https:\/\/www.unionbelge.be\/index.php?rest_route=%2Fwp%2Fv2%2Fcategories&post=5953"},{"taxonomy":"post_tag","embeddable":true,"href":"https:\/\/www.unionbelge.be\/index.php?rest_route=%2Fwp%2Fv2%2Ftags&post=5953"}],"curies":[{"name":"wp","href":"https:\/\/api.w.org\/{rel}","templated":true}]}}