{"id":5672,"date":"2012-05-14T02:00:17","date_gmt":"2012-05-14T00:00:17","guid":{"rendered":"http:\/\/www.unionbelge.be\/?p=5672"},"modified":"2016-11-16T12:18:39","modified_gmt":"2016-11-16T11:18:39","slug":"partijraad-conseil-du-parti-parteirat-05-05-2012","status":"publish","type":"post","link":"https:\/\/www.unionbelge.be\/?p=5672","title":{"rendered":"PARTIJRAAD &#8211; CONSEIL DU PARTI &#8211; PARTEIRAT 05.05.2012"},"content":{"rendered":"<div class=\"mceTemp\">\n<figure id=\"attachment_5673\" aria-describedby=\"caption-attachment-5673\" style=\"width: 300px\" class=\"wp-caption alignleft\"><a href=\"https:\/\/www.unionbelge.be\/wp-content\/uploads\/2012\/05\/MEI-2012-128.jpg\"><img loading=\"lazy\" decoding=\"async\" class=\"size-medium wp-image-5673\" title=\"MEI 2012 128\" src=\"https:\/\/www.unionbelge.be\/wp-content\/uploads\/2012\/05\/MEI-2012-128-300x200.jpg\" alt=\"\" width=\"300\" height=\"200\" srcset=\"https:\/\/www.unionbelge.be\/wp-content\/uploads\/2012\/05\/MEI-2012-128-300x200.jpg 300w, https:\/\/www.unionbelge.be\/wp-content\/uploads\/2012\/05\/MEI-2012-128-420x280.jpg 420w, https:\/\/www.unionbelge.be\/wp-content\/uploads\/2012\/05\/MEI-2012-128-800x533.jpg 800w, https:\/\/www.unionbelge.be\/wp-content\/uploads\/2012\/05\/MEI-2012-128-1024x682.jpg 1024w\" sizes=\"auto, (max-width: 300px) 100vw, 300px\" \/><\/a><figcaption id=\"caption-attachment-5673\" class=\"wp-caption-text\">Politieke discussie op de partijraad van 5 mei 2012 &#8211; discussion politique au conseil du parti du 5 mai 2012 (foto &#8211; photo B.U.B.)<\/figcaption><\/figure>\n<\/div>\n<p><strong>KORT VERSLAG<\/strong><\/p>\n<p><strong>Op de partijraad van 5 mei 2012 te Brussel werd onder meer beslist dat de B.U.B. een klacht zal indienen tegen politieke partijen als\u00a0deze niet onmiddellijk ophouden hun medewerking te verlenen aan de ongrondwettelijke opschorting van artikel 195 van de Belgische Grondwet, die de anti-Belgische staatshervorming moet mogelijk maken.<\/strong><\/p>\n<p>De B.U.B. zal enkele politieke partijen in de komende dagen eerst in gebreke stellen om de wet te respecteren, zoals dat van elke Belgische burger gevraagd wordt.<\/p>\n<p>BELG-UNIE, waar de B.U.B. deel van uitmaakt, zal ook overal provinciale kartellijsten indienen bij de\u00a0provinciale en gemeenteverkiezingen van 14 oktober 2012. Deze lijsten dienen als &#8220;opwarming&#8221; voor de latere federale verkiezingen.<\/p>\n<p>Op 30 juni 2012 zal de partijdag van de B.U.B. <a href=\"https:\/\/www.unionbelge.be\/?p=5605\">in het prachtige exotische park Pairi Daiza <\/a>in de provincie Henegouwen plaatsvinden. Inschrijven kan via onze website.<\/p>\n<p><strong>BREF COMPTE-RENDU<\/strong><\/p>\n<p><strong>Au conseil du parti du 5 mai 2012 \u00e0 Bruxelles, il a notamment \u00e9t\u00e9 d\u00e9cid\u00e9 que le B.U.B. d\u00e9posera plainte contre des partis politiques si \u00a0ces partis n&#8217;arr\u00eatent pas imm\u00e9diatement de soutenir la suspension anticonstitutionnelle de l&#8217;article 195 de la Constitution belge, qui doit rendre possible la r\u00e9forme de l&#8217;Etat antibelge.\u00a0<\/strong><\/p>\n<p>Le B.U.B. mettra d&#8217;abord quelques partis politiques en demeure de respecter la loi dans les jours qui viennent, comme cela est demand\u00e9 \u00e0 chaque citoyen belge.<\/p>\n<p>BELG-UNIE, dont le B.U.B. fait partie, d\u00e9posera aussi partout des listes de cartel provinciales pour les \u00e9lections communales et provinciales d&#8217;octobre 2012.\u00a0\u00a0Ces listes serviront de &#8220;r\u00e9chauffement&#8221; pour les prochaines \u00e9lections f\u00e9d\u00e9rales.<\/p>\n<p>Le\u00a030 juin 2012 aura lieu le jour du parti <a href=\"https:\/\/www.unionbelge.be\/?p=5605\">au magnifique parc exotique Pairi Daiza<\/a> dans la province du Hainaut. Vous pouvez vous inscrire via notre site web.<\/p>\n<figure id=\"attachment_5675\" aria-describedby=\"caption-attachment-5675\" style=\"width: 640px\" class=\"wp-caption aligncenter\"><a href=\"https:\/\/www.unionbelge.be\/wp-content\/uploads\/2012\/05\/MEI-2012-112.jpg\"><img loading=\"lazy\" decoding=\"async\" class=\"size-large wp-image-5675\" title=\"MEI 2012 112\" src=\"https:\/\/www.unionbelge.be\/wp-content\/uploads\/2012\/05\/MEI-2012-112-1024x682.jpg\" alt=\"\" width=\"640\" height=\"426\" srcset=\"https:\/\/www.unionbelge.be\/wp-content\/uploads\/2012\/05\/MEI-2012-112-1024x682.jpg 1024w, https:\/\/www.unionbelge.be\/wp-content\/uploads\/2012\/05\/MEI-2012-112-420x280.jpg 420w, https:\/\/www.unionbelge.be\/wp-content\/uploads\/2012\/05\/MEI-2012-112-800x533.jpg 800w, https:\/\/www.unionbelge.be\/wp-content\/uploads\/2012\/05\/MEI-2012-112-300x200.jpg 300w, https:\/\/www.unionbelge.be\/wp-content\/uploads\/2012\/05\/MEI-2012-112-1200x800.jpg 1200w\" sizes=\"auto, (max-width: 640px) 100vw, 640px\" \/><\/a><figcaption id=\"caption-attachment-5675\" class=\"wp-caption-text\">Van links naar rechts \/ de gauche \u00e0 droite: C\u00e9dric Lemaire (Luik &#8211; Li\u00e8ge); Marie-Luce Lovinfosse (Brabant) en\/et Adrien Mertens (Namen &#8211; Namur) (photo &#8211; foto B.U.B.)<\/figcaption><\/figure>\n","protected":false},"excerpt":{"rendered":"<p>Op de partijraad van 5 mei 2012 te Brussel werd ondermeer beslist dat de B.U.B. een klacht zal indienen tegen politieke partijen als deze niet onmiddellijk ophouden hun medewerking te verlenen aan de ongrondwettelijke opschorting van artikel 195 van de Belgische Grondwet, die de anti-Belgische staatshervorming moet mogelijk maken. <\/p>\n<p>Au conseil du parti du 5 mai 2012 \u00e0 Bruxelles, il a notamment \u00e9t\u00e9 d\u00e9cid\u00e9 que le B.U.B. d\u00e9posera plainte contre des partis politiques si  ceux-ci n&#8217;arr\u00eatent pas imm\u00e9diatement de soutenir la suspension anticonstitutionnelle de l&#8217;article 195 de la Constitution belge, qui doit rendre possible la r\u00e9forme de l&#8217;Etat antibelge. <\/p>\n","protected":false},"author":2,"featured_media":0,"comment_status":"closed","ping_status":"open","sticky":false,"template":"","format":"standard","meta":{"ngg_post_thumbnail":0,"jetpack_post_was_ever_published":false,"_jetpack_newsletter_access":"","_jetpack_dont_email_post_to_subs":true,"_jetpack_newsletter_tier_id":0,"_jetpack_memberships_contains_paywalled_content":false,"powered_cache_disable_cache":false,"_jetpack_memberships_contains_paid_content":false,"footnotes":"","jetpack_publicize_message":"","jetpack_publicize_feature_enabled":true,"jetpack_social_post_already_shared":false,"jetpack_social_options":{"image_generator_settings":{"template":"highway","default_image_id":0,"font":"","enabled":false},"version":2}},"categories":[1,4],"tags":[],"class_list":["post-5672","post","type-post","status-publish","format-standard","hentry","category-news0","category-info"],"jetpack_publicize_connections":[],"jetpack_featured_media_url":"","jetpack_sharing_enabled":true,"jetpack_shortlink":"https:\/\/wp.me\/p6Y7u0-1tu","jetpack_likes_enabled":false,"_links":{"self":[{"href":"https:\/\/www.unionbelge.be\/index.php?rest_route=\/wp\/v2\/posts\/5672","targetHints":{"allow":["GET"]}}],"collection":[{"href":"https:\/\/www.unionbelge.be\/index.php?rest_route=\/wp\/v2\/posts"}],"about":[{"href":"https:\/\/www.unionbelge.be\/index.php?rest_route=\/wp\/v2\/types\/post"}],"author":[{"embeddable":true,"href":"https:\/\/www.unionbelge.be\/index.php?rest_route=\/wp\/v2\/users\/2"}],"replies":[{"embeddable":true,"href":"https:\/\/www.unionbelge.be\/index.php?rest_route=%2Fwp%2Fv2%2Fcomments&post=5672"}],"version-history":[{"count":17,"href":"https:\/\/www.unionbelge.be\/index.php?rest_route=\/wp\/v2\/posts\/5672\/revisions"}],"predecessor-version":[{"id":10897,"href":"https:\/\/www.unionbelge.be\/index.php?rest_route=\/wp\/v2\/posts\/5672\/revisions\/10897"}],"wp:attachment":[{"href":"https:\/\/www.unionbelge.be\/index.php?rest_route=%2Fwp%2Fv2%2Fmedia&parent=5672"}],"wp:term":[{"taxonomy":"category","embeddable":true,"href":"https:\/\/www.unionbelge.be\/index.php?rest_route=%2Fwp%2Fv2%2Fcategories&post=5672"},{"taxonomy":"post_tag","embeddable":true,"href":"https:\/\/www.unionbelge.be\/index.php?rest_route=%2Fwp%2Fv2%2Ftags&post=5672"}],"curies":[{"name":"wp","href":"https:\/\/api.w.org\/{rel}","templated":true}]}}