{"id":5664,"date":"2012-05-09T00:23:12","date_gmt":"2012-05-08T22:23:12","guid":{"rendered":"http:\/\/www.unionbelge.be\/?p=5664"},"modified":"2016-11-16T12:20:41","modified_gmt":"2016-11-16T11:20:41","slug":"hoe-geloofwaardig-di-rupo-quelle-est-la-credibilite-de-di-rupo","status":"publish","type":"post","link":"https:\/\/www.unionbelge.be\/?p=5664","title":{"rendered":"HOE GELOOFWAARDIG IS DI RUPO? &#8211; QUELLE EST LA CREDIBILITE DE DI RUPO?"},"content":{"rendered":"<p><strong>HOE GELOOFWAARDIG IS DI RUPO?<\/strong><\/p>\n<p><strong>Op 8 mei 2012 riep Eerste Minister Elio Di Rupo \u2013 zeer terecht \u2013 op om te strijden tegen extremistische ideologie\u00ebn. Hij deed dit in het concentratiekamp Auschwitz-Birkenau n.a.v. de herdenking van de Duitse capitulatie in 1945. Zijn oproep is des te dringender aangezien overal in Europa (Schotland, Griekenland, Nederland, Frankrijk, Belgi\u00eb &#8230;) het extremisme en het nationalisme electoraal oprukt.\u00a0<\/strong><\/p>\n<p>De vraag is echter hoe geloofwaardig zo\u2019n oproep klinkt uit de mond van een man die een jaar lang heeft onderhandeld met de fascisto\u00efde N-VA om met deze partij een regering te vormen en om vervolgens, na het opstappen van die N-VA, een regering zonder de N-VA te vormen, doch om hun extreem nationalistische programma (deels) uit te voeren.<\/p>\n<p>Daarvoor aarzelde en aarzelt zijn partij er zelfs niet voor de Belgische Grondwet op te schorten en de Belgen hun politieke rechten &#8211; m.n. het recht om via verkiezingen te kunnen oordelen over deze belangrijke \u201cstaatshervorming\u201d &#8211; tijdelijk af te nemen. Van verantwoordelijke politici die zich voornemen om het extremisme te stoppen, zou je toch iets meer staatsmanszin en logica verwachten.<\/p>\n<p><strong><br \/>\nQUELLE EST LA CREDIBILITE DE DI RUPO?<\/strong><\/p>\n<p><strong>Le 8 mai 2012, le Premier Ministre, Elio Di Rupo, a appel\u00e9 \u2013 \u00e0 juste titre &#8211; \u00e0 la lutte contre les id\u00e9ologies extr\u00e9mistes. Il tenait ses propos lors d\u2019une c\u00e9r\u00e9monie de souvenir dans le camp de concentration d\u2019Auschwitz-Birkenau \u00e0 l\u2019occasion de la comm\u00e9moration de la capitulation allemande en 1945. Son appel est d\u2019autant plus urgent vu que partout en <\/strong><strong>Europe<\/strong><strong> (en Ecosse, en Gr\u00e8ce, aux Pays-Bas, en <\/strong><strong>France<\/strong><strong>, en Belgique\u2026), l\u2019extr\u00e9misme et le nationalisme ont le vent en poupe.<\/strong><\/p>\n<p>Cependant, il convient de se poser des questions sur la cr\u00e9dibilit\u00e9 d\u2019un tel appel qui provient d\u2019un homme qui a n\u00e9goci\u00e9 pendant une ann\u00e9e avec la N-VA fascistoide afin de former un gouvernement avec ce parti pour ensuite, lorsque la N-VA avait quitt\u00e9 la table des n\u00e9gociations, former un gouvernement sans ce parti tout en poursuivant l\u2019ex\u00e9cution (partielle) de leur programme extr\u00e9miste.<\/p>\n<p>Pour arriver \u00e0 ce but, son parti n\u2019h\u00e9sitait en n\u2019h\u00e9site m\u00eame pas \u00e0 suspendre la Constitution belge ni \u00e0 enlever temporairement les droits politiques aux Belges, notamment leur droit d\u2019\u00e9mettre un avis par le biais d\u2019\u00e9lections sur cette \u201cr\u00e9forme de l\u2019Etat\u201d importante. On pourrait tout de m\u00eame attendre un peu plus de civisme et de logique de la part de politiciens qui pr\u00f4nent l\u2019arr\u00eat de l\u2019extr\u00e9misme.<\/p>\n","protected":false},"excerpt":{"rendered":"<p>Op 8 mei 2012 riep Eerste Minister Elio Di Rupo \u2013 zeer terecht \u2013 op om te strijden tegen extremistische ideologie\u00ebn. Hij deed dit in het concentratiekamp Auschwitz-Birkenau n.a.v. de herdenking van de Duitse capitulatie in 1945. Zijn oproep is des te dringender aangezien overal in Europa (Schotland, Griekenland, Nederland, Frankrijk, Belgi\u00eb &#8230;) het extremisme en het nationalisme electoraal oprukt. <\/p>\n<p>Le 8 mai 2012, le Premier Ministre, Elio Di Rupo, a appel\u00e9 \u2013 \u00e0 juste titre &#8211; \u00e0 la lutte contre les id\u00e9ologies extr\u00e9mistes. Il tenait ses propos lors d\u2019une c\u00e9r\u00e9monie de souvenir dans le camp de concentration d\u2019Auschwitz-Birkenau \u00e0 l\u2019occasion de la comm\u00e9moration de la capitulation allemande en 1945. Son appel est d\u2019autant plus urgent vu que partout en Europe (en Ecosse, en Gr\u00e8ce, aux Pays-Bas, en France, en Belgique\u2026), l\u2019extr\u00e9misme et le nationalisme ont le vent en poupe.<\/p>\n","protected":false},"author":2,"featured_media":0,"comment_status":"closed","ping_status":"open","sticky":false,"template":"","format":"standard","meta":{"ngg_post_thumbnail":0,"jetpack_post_was_ever_published":false,"_jetpack_newsletter_access":"","_jetpack_dont_email_post_to_subs":true,"_jetpack_newsletter_tier_id":0,"_jetpack_memberships_contains_paywalled_content":false,"powered_cache_disable_cache":false,"_jetpack_memberships_contains_paid_content":false,"footnotes":"","jetpack_publicize_message":"","jetpack_publicize_feature_enabled":true,"jetpack_social_post_already_shared":false,"jetpack_social_options":{"image_generator_settings":{"template":"highway","default_image_id":0,"font":"","enabled":false},"version":2}},"categories":[1],"tags":[],"class_list":["post-5664","post","type-post","status-publish","format-standard","hentry","category-news0"],"jetpack_publicize_connections":[],"jetpack_featured_media_url":"","jetpack_sharing_enabled":true,"jetpack_shortlink":"https:\/\/wp.me\/p6Y7u0-1tm","jetpack_likes_enabled":false,"_links":{"self":[{"href":"https:\/\/www.unionbelge.be\/index.php?rest_route=\/wp\/v2\/posts\/5664","targetHints":{"allow":["GET"]}}],"collection":[{"href":"https:\/\/www.unionbelge.be\/index.php?rest_route=\/wp\/v2\/posts"}],"about":[{"href":"https:\/\/www.unionbelge.be\/index.php?rest_route=\/wp\/v2\/types\/post"}],"author":[{"embeddable":true,"href":"https:\/\/www.unionbelge.be\/index.php?rest_route=\/wp\/v2\/users\/2"}],"replies":[{"embeddable":true,"href":"https:\/\/www.unionbelge.be\/index.php?rest_route=%2Fwp%2Fv2%2Fcomments&post=5664"}],"version-history":[{"count":5,"href":"https:\/\/www.unionbelge.be\/index.php?rest_route=\/wp\/v2\/posts\/5664\/revisions"}],"predecessor-version":[{"id":10899,"href":"https:\/\/www.unionbelge.be\/index.php?rest_route=\/wp\/v2\/posts\/5664\/revisions\/10899"}],"wp:attachment":[{"href":"https:\/\/www.unionbelge.be\/index.php?rest_route=%2Fwp%2Fv2%2Fmedia&parent=5664"}],"wp:term":[{"taxonomy":"category","embeddable":true,"href":"https:\/\/www.unionbelge.be\/index.php?rest_route=%2Fwp%2Fv2%2Fcategories&post=5664"},{"taxonomy":"post_tag","embeddable":true,"href":"https:\/\/www.unionbelge.be\/index.php?rest_route=%2Fwp%2Fv2%2Ftags&post=5664"}],"curies":[{"name":"wp","href":"https:\/\/api.w.org\/{rel}","templated":true}]}}