{"id":5409,"date":"2012-03-14T16:45:16","date_gmt":"2012-03-14T14:45:16","guid":{"rendered":"http:\/\/www.unionbelge.be\/?p=5409"},"modified":"2016-11-16T11:24:39","modified_gmt":"2016-11-16T10:24:39","slug":"drame-national-nationale-tragedie","status":"publish","type":"post","link":"https:\/\/www.unionbelge.be\/?p=5409","title":{"rendered":"DRAME NATIONAL &#8211; NATIONALE TRAGEDIE"},"content":{"rendered":"<p><strong>DRAME NATIONAL<\/strong><\/p>\n<p>Suite \u00e0 l&#8217;effroyable accident d&#8217;un autocar belge, \u00a0survenu en Valais (Suisse), au cours duquel au moins 28 personnes, dont 22 enfants, ont perdu la vie, toute la Belgique est en deuil.<\/p>\n<p>Le B.U.B. pr\u00e9sente ses plus sinc\u00e8res condol\u00e9ances aux familles des victimes de la terrible catastrophe qui s&#8217;est produite.<\/p>\n<p><strong>NATIONALE TRAGEDIE\u00a0<\/strong><\/p>\n<p>Na een vreselijk ongeval met een Belgische bus in Vallis (Zwitserland), waarbij minstens 28 personen, waaronder 22 kinderen, het leven lieten, is heel Belgi\u00eb in rouw gehuld.<\/p>\n<p>De B.U.B. biedt zijn meest innige deelneming aan de families van de door de vreselijke catastrofe getroffen slachtoffers aan.<\/p>\n<p>&nbsp;<\/p>\n","protected":false},"excerpt":{"rendered":"<p>Suite \u00e0 l&#8217;effroyable accident d&#8217;un autocar belge,  survenu en Valais (Suisse), au cours duquel au moins 28 personnes, dont 22 enfants, ont perdu la vie, toute la Belgique est en deuil.<\/p>\n<p>Na een vreselijk ongeval met een Belgische bus in Vallis (Zwitserland), waarbij minstens 28 personen, waaronder 22 kinderen, het leven lieten, is heel Belgi\u00eb in rouw gehuld.<\/p>\n","protected":false},"author":2,"featured_media":0,"comment_status":"closed","ping_status":"open","sticky":false,"template":"","format":"standard","meta":{"ngg_post_thumbnail":0,"jetpack_post_was_ever_published":false,"_jetpack_newsletter_access":"","_jetpack_dont_email_post_to_subs":true,"_jetpack_newsletter_tier_id":0,"_jetpack_memberships_contains_paywalled_content":false,"powered_cache_disable_cache":false,"_jetpack_memberships_contains_paid_content":false,"footnotes":"","jetpack_publicize_message":"","jetpack_publicize_feature_enabled":true,"jetpack_social_post_already_shared":false,"jetpack_social_options":{"image_generator_settings":{"template":"highway","default_image_id":0,"font":"","enabled":false},"version":2}},"categories":[1],"tags":[],"class_list":["post-5409","post","type-post","status-publish","format-standard","hentry","category-news0"],"jetpack_publicize_connections":[],"jetpack_featured_media_url":"","jetpack_sharing_enabled":true,"jetpack_shortlink":"https:\/\/wp.me\/p6Y7u0-1pf","jetpack_likes_enabled":false,"_links":{"self":[{"href":"https:\/\/www.unionbelge.be\/index.php?rest_route=\/wp\/v2\/posts\/5409","targetHints":{"allow":["GET"]}}],"collection":[{"href":"https:\/\/www.unionbelge.be\/index.php?rest_route=\/wp\/v2\/posts"}],"about":[{"href":"https:\/\/www.unionbelge.be\/index.php?rest_route=\/wp\/v2\/types\/post"}],"author":[{"embeddable":true,"href":"https:\/\/www.unionbelge.be\/index.php?rest_route=\/wp\/v2\/users\/2"}],"replies":[{"embeddable":true,"href":"https:\/\/www.unionbelge.be\/index.php?rest_route=%2Fwp%2Fv2%2Fcomments&post=5409"}],"version-history":[{"count":7,"href":"https:\/\/www.unionbelge.be\/index.php?rest_route=\/wp\/v2\/posts\/5409\/revisions"}],"predecessor-version":[{"id":10867,"href":"https:\/\/www.unionbelge.be\/index.php?rest_route=\/wp\/v2\/posts\/5409\/revisions\/10867"}],"wp:attachment":[{"href":"https:\/\/www.unionbelge.be\/index.php?rest_route=%2Fwp%2Fv2%2Fmedia&parent=5409"}],"wp:term":[{"taxonomy":"category","embeddable":true,"href":"https:\/\/www.unionbelge.be\/index.php?rest_route=%2Fwp%2Fv2%2Fcategories&post=5409"},{"taxonomy":"post_tag","embeddable":true,"href":"https:\/\/www.unionbelge.be\/index.php?rest_route=%2Fwp%2Fv2%2Ftags&post=5409"}],"curies":[{"name":"wp","href":"https:\/\/api.w.org\/{rel}","templated":true}]}}