{"id":5344,"date":"2012-03-04T02:26:14","date_gmt":"2012-03-04T00:26:14","guid":{"rendered":"http:\/\/www.unionbelge.be\/?p=5344"},"modified":"2016-11-16T11:35:15","modified_gmt":"2016-11-16T10:35:15","slug":"succession-au-trone-troonsopvolging","status":"publish","type":"post","link":"https:\/\/www.unionbelge.be\/?p=5344","title":{"rendered":"SUCCESSION AU TRONE &#8211; TROONSOPVOLGING"},"content":{"rendered":"<p><strong>LE ROI ALBERT II ABDIQUERAIT-IL EN 2013?<\/strong><\/p>\n<p><strong>Le 3 mars 2012, les Belges pouvaient lire en manchette de leurs journaux que le Roi Albert II c\u00e8derait le tr\u00f4ne \u00e0 son fils le Prince Philippe en date du 21 juillet 2013 apr\u00e8s la sanction de la sixi\u00e8me r\u00e9forme de l&#8217;Etat. Le B.U.B. formule quelques observations. <\/strong><\/p>\n<p>En Belgique, les rois n&#8217;abdiquent pas sauf dans ces circonstances exceptionnelles. Ainsi, le Roi L\u00e9pold III\u00a0se voyait\u00a0oblig\u00e9 de passer le tr\u00f4ne \u00e0 son fils Baudouin Ier en 1951 apr\u00e8s son retour d&#8217;exil tr\u00e8s controvers\u00e9. Cette p\u00e9riode mouvement\u00e9e est connue\u00a0comme la &#8220;Question royale&#8221;. Actuellement, la Belgique ne conna\u00eet pourtant pas d&#8217;\u00e9meutes ni de mouvement de contestation contre la figure du Roi Albert II, m\u00eame si on peut se poser l\u00e9gitimement des questions sur son attitude trop g\u00e9n\u00e9reuse par rapport aux exigences du groupuscule des flamingants et de wallingants.<\/p>\n<p>Par ailleurs, l&#8217;\u00e9tat de sant\u00e9 du Roi Albert II ne semble pas menac\u00e9 de sorte qu&#8217;il n&#8217;y ait pas d&#8217;urgence de ce c\u00f4t\u00e9-l\u00e0 non plus.<\/p>\n<p><strong>N\u00e9anmoins, cette succession aurait peut-\u00eatre, si elle avait lieu, un m\u00e9rite: le nouveau Roi Philippe Ier saurait mieux que son p\u00e8re qu&#8217;il n&#8217;est pas autoris\u00e9 de signer des r\u00e9formes de l&#8217;Etat anticonstitutionnelles comme celle qui est pr\u00e9par\u00e9e actuellement par la particratie en violation flagrante de l&#8217;article 195 de la constitution belge. Le Roi est en effet le dernier garant de la l\u00e9galit\u00e9 et il serait donc inimaginable qu&#8217;il mette sa signature en-dessous d&#8217;une r\u00e9forme constitutionnelle qui ne respecte pas les fondements m\u00eames de notre Etat de droit.<\/strong><\/p>\n<p>&nbsp;<\/p>\n<p><strong>ZOU KONING ALBERT II IN 2013 AFTREDEN?<\/strong><\/p>\n<p><strong>Op 3 maart\u00a02012 konden de Belgen op de voorpagina van hun kranten lezen dat Koning\u00a0Albert II op 21 juli 2013 de troon zou afstaan aan zijn zoon Prins Filip na de bekrachtiging van de zesde staatshervorming. De B.U.B. heeft hier enkele bedenkingen bij.<\/strong><\/p>\n<p>In Belgi\u00eb treden de koningen niet af tenzij in uitzonderlijke omstandigheden. Zo\u00a0zag zich Koning Leopold III verplicht om in 1951 de troon af te staan aan zijn zoon Boudewijn I na zijn controversi\u00eble terugkeer uit ballingschap. Deze bewogen periode staat bekend als de &#8220;Koningskwestie&#8221;. Momenteel kent Belgi\u00eb echter geen rellen noch een protestbeweging tegen de figuur van Koning\u00a0Albert II, ook al kan men zich met recht en rede de vraag stellen of hij niet teveel toegevingen doet aan het groepje flaminganten en wallinganten.<\/p>\n<p>De gezondheidstoestand van Koning Albert II lijkt ons ook niet bedreigd zodat er op dat vlak geen urgentie is.<\/p>\n<p><strong>Nochtans zou die opvolging, als ze plaats zou vinden, misschien een verdienste hebben: de nieuwe Koning Filip I zou beter weten dan zijn vader dat het niet toegelaten is om ongrondwettelijke staatshervormingen te ondertekenen, zoals die nu door de particratie in flagrante schending van artikel 195 van de Belgische grondwet wordt voorbereid.<\/strong> <strong>De Koning staat immers als laatste orgaan garant voor de wettelijkheid zodat het ondenkbaar zou zijn dat hij zijn handtekening zet onder een grondwetshervorming die niet de grondvesten zelf van onze rechtstaat respecteert.<\/strong><\/p>\n","protected":false},"excerpt":{"rendered":"<p>Le 3 mars 2012, les Belges pouvaient lire en manchette de leurs journaux que le Roi Albert II c\u00e8derait le tr\u00f4ne \u00e0 son fils le Prince Philippe en date du 21 juillet 2013 apr\u00e8s la sanction de la sixi\u00e8me r\u00e9forme de l&#8217;Etat. Le B.U.B. ne croit pas \u00e0 ces rumeurs.<\/p>\n<p>Op 3 maart 2012 konden de Belgen op de voorpagina van hun kranten lezen dat Koning Albert II op 21 juli 2013 de troon zou afstaan aan zijn zoon Prins Filip na de bekrachtiging van de zesde staatshervorming. De B.U.B. gelooft die geruchten niet. <\/p>\n","protected":false},"author":2,"featured_media":0,"comment_status":"closed","ping_status":"open","sticky":false,"template":"","format":"standard","meta":{"ngg_post_thumbnail":0,"jetpack_post_was_ever_published":false,"_jetpack_newsletter_access":"","_jetpack_dont_email_post_to_subs":true,"_jetpack_newsletter_tier_id":0,"_jetpack_memberships_contains_paywalled_content":false,"powered_cache_disable_cache":false,"_jetpack_memberships_contains_paid_content":false,"footnotes":"","jetpack_publicize_message":"","jetpack_publicize_feature_enabled":true,"jetpack_social_post_already_shared":false,"jetpack_social_options":{"image_generator_settings":{"template":"highway","default_image_id":0,"font":"","enabled":false},"version":2}},"categories":[1],"tags":[],"class_list":["post-5344","post","type-post","status-publish","format-standard","hentry","category-news0"],"jetpack_publicize_connections":[],"jetpack_featured_media_url":"","jetpack_sharing_enabled":true,"jetpack_shortlink":"https:\/\/wp.me\/p6Y7u0-1oc","jetpack_likes_enabled":false,"_links":{"self":[{"href":"https:\/\/www.unionbelge.be\/index.php?rest_route=\/wp\/v2\/posts\/5344","targetHints":{"allow":["GET"]}}],"collection":[{"href":"https:\/\/www.unionbelge.be\/index.php?rest_route=\/wp\/v2\/posts"}],"about":[{"href":"https:\/\/www.unionbelge.be\/index.php?rest_route=\/wp\/v2\/types\/post"}],"author":[{"embeddable":true,"href":"https:\/\/www.unionbelge.be\/index.php?rest_route=\/wp\/v2\/users\/2"}],"replies":[{"embeddable":true,"href":"https:\/\/www.unionbelge.be\/index.php?rest_route=%2Fwp%2Fv2%2Fcomments&post=5344"}],"version-history":[{"count":6,"href":"https:\/\/www.unionbelge.be\/index.php?rest_route=\/wp\/v2\/posts\/5344\/revisions"}],"predecessor-version":[{"id":10874,"href":"https:\/\/www.unionbelge.be\/index.php?rest_route=\/wp\/v2\/posts\/5344\/revisions\/10874"}],"wp:attachment":[{"href":"https:\/\/www.unionbelge.be\/index.php?rest_route=%2Fwp%2Fv2%2Fmedia&parent=5344"}],"wp:term":[{"taxonomy":"category","embeddable":true,"href":"https:\/\/www.unionbelge.be\/index.php?rest_route=%2Fwp%2Fv2%2Fcategories&post=5344"},{"taxonomy":"post_tag","embeddable":true,"href":"https:\/\/www.unionbelge.be\/index.php?rest_route=%2Fwp%2Fv2%2Ftags&post=5344"}],"curies":[{"name":"wp","href":"https:\/\/api.w.org\/{rel}","templated":true}]}}