{"id":5026,"date":"2011-12-11T13:24:17","date_gmt":"2011-12-11T11:24:17","guid":{"rendered":"http:\/\/www.unionbelge.be\/?p=5026"},"modified":"2016-11-16T16:17:08","modified_gmt":"2016-11-16T15:17:08","slug":"de-belgisch-europese-paradox-le-paradoxe-belgo-europeen","status":"publish","type":"post","link":"https:\/\/www.unionbelge.be\/?p=5026","title":{"rendered":"DE BELGISCH-EUROPESE PARADOX &#8211; LE PARADOXE BELGO-EUROPEEN"},"content":{"rendered":"<p style=\"text-align: justify;\"><strong><br \/>\nDE BELGISCH-EUROPESE PARADOX<\/strong><\/p>\n<p style=\"text-align: justify;\"><strong>Gelet op de crisis van de euro leggen de \u00ab Belgische \u00bb politici steeds meer de nadruk op een sterkere Europese integratie. De lidstaten moeten nog meer bevoegdheden aan de meertalige Europese Unie afstaan om de crisis te kunnen beheersen. Tegelijkertijd pleiten diezelfde politici voor de verdere opsplitsing van Belgi\u00eb op taalbasis door een zesde staatshervorming waarvan sommigen zeggen dat ze \u201ccopernicaans\u201d moet zijn, d.w.z. dat het zwaartepunt van de macht moet liggen op het niveau van de gemeenschappen en de gewesten en niet meer op federaal niveau. Begrijpe wie begrijpen kan.<\/strong><\/p>\n<p style=\"text-align: justify;\">Het is ongelooflijk dat de \u201cBelgische\u201d particratie en pers \u2013 de aanhalingstekens zijn zeer goed op hun plaats \u2013 de Belgisch- Europese paradox niet zien of niet willen zien. Hoe kan men nu pleiten voor meer solidariteit tussen bijvoorbeeld Belgen, Fransen, Grieken, Esten, Bulgaren, Portugezen, Ieren enerzijds terwijl men de solidariteit tussen Nederlandstalige en Franstalige Belgen wil verminderen anderzijds? <strong>Men kan toch niet het grote meertalige Europa ondanks de taalproblematiek en de enorme verschillen \u00e9\u00e9n maken en tegelijkertijd het kleine meertalige Belgi\u00eb wegens de taalproblematiek en de \u2013 logischerwijze &#8211; kleinere verschillen opsplitsen !<\/strong><\/p>\n<p style=\"text-align: justify;\">In essentie gaat het daarover in Belgi\u00eb: de Nederlandstalige en Franstalige particratie zien alleen maar verschillen tussen Noord- en Zuid-Belgi\u00eb \u2013 terwijl er veel meer gelijkenissen zijn \u2013 en willen daarom meer bevoegdheden opsplitsen (het zogenaamd \u201cresponsabiliseren van de deelstaten\u201d) via de staatshervormingen, waarvan de politici nu de zesde voorbereiden in het kader van de nieuwe regering Di Rupo I. Deze paradox is schizofreen en typeert de hele \u201cBelgische\u201d politiek, die veel van haar rationaliteit door nationalistische reflexen verloren heeft. Als bovendien de pers dit nationalistisch spel meespeelt door geen kritische vragen te stellen bij deze paradox \u2013 wat ze inderdaad niet doet -, is heel de democratie in gevaar.<\/p>\n<p style=\"text-align: justify;\"><strong>LE PARADOXE BELGO-EUROPEEN<\/strong><\/p>\n<p style=\"text-align: justify;\"><strong>Vu la crise de l\u2019euro, les politiciens \u201cbelges\u201d mettent de plus en plus l\u2019accent sur une int\u00e9gration renforc\u00e9e de l\u2019Union europ\u00e9enne. Les Etats membres doivent transf\u00e9rer encore davantage de comp\u00e9tences vers le niveau europ\u00e9en pour pouvoir juguler la crise. En m\u00eame temps, ces m\u00eames politiciens plaident pour de nouvelles scissions de comp\u00e9tences f\u00e9d\u00e9rales sur base linguistique par le biais d\u2019une sixi\u00e8me r\u00e9forme de l\u2019Etat dont d\u2019aucuns disent qu\u2019elle doit \u00eatre \u00ab copernicienne \u00bb, c\u2019est-\u00e0-dire que le point de gravit\u00e9 du pouvoir doit se situer au niveau des communaut\u00e9s et des r\u00e9gions et non plus au niveau f\u00e9d\u00e9ral. Comprenne qui pourra.<\/strong><\/p>\n<p style=\"text-align: justify;\">Il est incroyable que la particratie et la presse \u00ab belges \u00bb &#8211; les guillemets sont ici vraiment \u00e0 propos \u2013 ne voient pas ou ne veuillent pas voir le paradoxe belgo-europ\u00e9en. Comment donc peut-on plaider pour plus de solidarit\u00e9 entre par exemple les Belges, les Fran\u00e7ais, les Grecs, les Estoniens, les Bulgares, les Portugais, les Irlandais tout en voulant diminuer la solidarit\u00e9 entre Belges n\u00e9erlandophones et francophones ? <strong>On ne peut tout de m\u00eame pas unifier la grande Europe multilingue en d\u00e9pit de la probl\u00e9matique des langues et des diff\u00e9rences \u00e9normes tout en scindant la petite Belgique multilingue en raison de la probl\u00e9matique linguistique et des diff\u00e9rences \u2013 logiquement &#8211; plus r\u00e9duites !<\/strong><\/p>\n<p style=\"text-align: justify;\">Car, en essence, c\u2019est de cela qu\u2019il s\u2019agit en Belgique : la particratie n\u00e9erlandophone et francophone ne voient que les diff\u00e9rences entre la Belgique du nord et la Belgique du sud \u2013 tandis qu\u2019il y a beaucoup plus de ressemblances \u2013 et, partant, entendent scinder davantage de comp\u00e9tences (ce que la particratie appelle \u00ab la responsabilisation des entit\u00e9s f\u00e9d\u00e9r\u00e9es \u00bb) via les r\u00e9formes de l\u2019Etat, dont les politiciens pr\u00e9parent actuellement la sixi\u00e8me dans le cadre du nouveau gouvernement Di Rupo Ier. Ce paradoxe est schizophr\u00e8ne et caract\u00e9rise toute la politique \u00ab belge \u00bb, qui a perdu une grande partie de sa rationalit\u00e9 par des r\u00e9flexes nationalistes. Si, en outre, la presse joue ce jeu nationaliste en ne posant pas de questions critiques \u00e0 propos de ce paradoxe \u2013 ce qu\u2019elle ne fait effectivement pas -, toute la d\u00e9mocratie est en danger.<\/p>\n","protected":false},"excerpt":{"rendered":"<p>Gelet op de crisis van de euro leggen de \u00ab Belgische \u00bb politici steeds meer de nadruk op een sterkere Europese integratie. De lidstaten moeten nog meer bevoegdheden aan de meertalige Europese Unie afstaan om de crisis te kunnen beheersen. Tegelijkertijd pleiten diezelfde politici voor de verdere opsplitsing van Belgi\u00eb op taalbasis door een zesde staatshervorming waarvan sommigen zeggen dat ze \u201ccopernicaans\u201d moet zijn, d.w.z. dat het zwaartepunt van de macht moet liggen op het niveau van de gemeenschappen en de gewesten en niet meer op federaal niveau. Begrijpe wie begrijpen kan.<\/p>\n<p>Vu la crise de l\u2019euro, les politiciens \u201cbelges\u201d mettent de plus en plus l\u2019accent sur une int\u00e9gration renforc\u00e9e de l\u2019Union europ\u00e9enne. Les Etats membres doivent transf\u00e9rer encore davantage de comp\u00e9tences vers le niveau europ\u00e9en pour pouvoir juguler la crise. En m\u00eame temps, ces m\u00eames politiciens plaident pour de nouvelles scissions de comp\u00e9tences f\u00e9d\u00e9rales sur base linguistique par le biais d\u2019une sixi\u00e8me r\u00e9forme de l\u2019Etat dont d\u2019aucuns disent qu\u2019elle doit \u00eatre \u00ab copernicienne \u00bb, c\u2019est-\u00e0-dire que le point de gravit\u00e9 du pouvoir doit se situer au niveau des communaut\u00e9s et des r\u00e9gions et non plus au niveau f\u00e9d\u00e9ral. Comprenne qui pourra.<\/p>\n","protected":false},"author":2,"featured_media":0,"comment_status":"closed","ping_status":"open","sticky":false,"template":"","format":"standard","meta":{"ngg_post_thumbnail":0,"jetpack_post_was_ever_published":false,"_jetpack_newsletter_access":"","_jetpack_dont_email_post_to_subs":true,"_jetpack_newsletter_tier_id":0,"_jetpack_memberships_contains_paywalled_content":false,"powered_cache_disable_cache":false,"_jetpack_memberships_contains_paid_content":false,"footnotes":"","jetpack_publicize_message":"","jetpack_publicize_feature_enabled":true,"jetpack_social_post_already_shared":false,"jetpack_social_options":{"image_generator_settings":{"template":"highway","default_image_id":0,"font":"","enabled":false},"version":2}},"categories":[10,1],"tags":[],"class_list":["post-5026","post","type-post","status-publish","format-standard","hentry","category-ideology","category-news0"],"jetpack_publicize_connections":[],"jetpack_featured_media_url":"","jetpack_sharing_enabled":true,"jetpack_shortlink":"https:\/\/wp.me\/p6Y7u0-1j4","jetpack_likes_enabled":false,"_links":{"self":[{"href":"https:\/\/www.unionbelge.be\/index.php?rest_route=\/wp\/v2\/posts\/5026","targetHints":{"allow":["GET"]}}],"collection":[{"href":"https:\/\/www.unionbelge.be\/index.php?rest_route=\/wp\/v2\/posts"}],"about":[{"href":"https:\/\/www.unionbelge.be\/index.php?rest_route=\/wp\/v2\/types\/post"}],"author":[{"embeddable":true,"href":"https:\/\/www.unionbelge.be\/index.php?rest_route=\/wp\/v2\/users\/2"}],"replies":[{"embeddable":true,"href":"https:\/\/www.unionbelge.be\/index.php?rest_route=%2Fwp%2Fv2%2Fcomments&post=5026"}],"version-history":[{"count":5,"href":"https:\/\/www.unionbelge.be\/index.php?rest_route=\/wp\/v2\/posts\/5026\/revisions"}],"predecessor-version":[{"id":11060,"href":"https:\/\/www.unionbelge.be\/index.php?rest_route=\/wp\/v2\/posts\/5026\/revisions\/11060"}],"wp:attachment":[{"href":"https:\/\/www.unionbelge.be\/index.php?rest_route=%2Fwp%2Fv2%2Fmedia&parent=5026"}],"wp:term":[{"taxonomy":"category","embeddable":true,"href":"https:\/\/www.unionbelge.be\/index.php?rest_route=%2Fwp%2Fv2%2Fcategories&post=5026"},{"taxonomy":"post_tag","embeddable":true,"href":"https:\/\/www.unionbelge.be\/index.php?rest_route=%2Fwp%2Fv2%2Ftags&post=5026"}],"curies":[{"name":"wp","href":"https:\/\/api.w.org\/{rel}","templated":true}]}}