{"id":5014,"date":"2011-12-09T18:59:51","date_gmt":"2011-12-09T16:59:51","guid":{"rendered":"http:\/\/www.unionbelge.be\/?p=5014"},"modified":"2016-11-16T16:17:38","modified_gmt":"2016-11-16T15:17:38","slug":"5014","status":"publish","type":"post","link":"https:\/\/www.unionbelge.be\/?p=5014","title":{"rendered":"IL Y A AU TOTAL 67 MINISTERES EN BELGIQUE ! &#8211; ER ZIJN IN TOTAAL 67 MINISTERIES IN BELGI\u00cb !"},"content":{"rendered":"<p><strong><br \/>\nIL Y A AU TOTAL 67 MINISTERES EN BELGIQUE\u00a0!<\/strong><\/p>\n<p style=\"text-align: justify;\"><strong>Le B.U.B. prend acte du fait que le nouveau gouvernement f\u00e9d\u00e9ral est compos\u00e9 de 13 ministres et de 6 secr\u00e9taires d\u2019Etat. Mais s\u2019agit-il vraiment d\u2019une \u00e9conomie, comme la particratie et sa presse le pretendent?<\/strong><\/p>\n<p style=\"text-align: justify;\">Selon l\u2019article 96, alin\u00e9a premier de la Constitution, le Roi nomme ses ministres. Pourtant, les partis d\u00e9cident entre eux qui re\u00e7oit quel poste. Apparemment, pour la particratie, la Cour royale n\u2019est utile que lorsqu\u2019il s\u2019agit de d\u00e9blayer le terrain encombr\u00e9 par les politiciens, comme on l\u2019a vu pendant 540 jours\u2026<\/p>\n<p style=\"text-align: justify;\">En soi, il est bien s\u00fbr positif que le gouvernement f\u00e9d\u00e9ral compte un peu moins de ministres et de secr\u00e9taires d\u2019Etat. Ainsi, le nombre de ministres f\u00e9d\u00e9raux diminue de 15 \u00e0 13, tandis que le nombre de secr\u00e9taires d&#8217;Etat est revu \u00e0 la baisse de 6 \u00e0 5.\u00a0 Dans les m\u00e9dias, on a discut\u00e9 beaucoup sur le nombre total de n\u00e9erlandophones et de francophones au gouvernement f\u00e9d\u00e9ral et des \u00ab\u00a0 \u00e9quilibres n\u00e9cessaires\u00a0\u00bb. En revanche, il ne semble pas important de rechercher un \u00e9quilibre entre les employ\u00e9s et les ind\u00e9pendants, entre les musulmans et les catholiques, entre les jeunes et les personnes \u00e2g\u00e9es\u2026 M\u00eame la r\u00e9partition provinciale ne semble pas int\u00e9resser la particratie parce que le Luxembourg et le Limbourg sont priv\u00e9s de ministre\u00a0!<\/p>\n<p style=\"text-align: justify;\">Ceci \u00e9tant dit, la soi-disant \u201cdiminution\u201d des minist\u00e8res est une tromperie. Le cabinet minist\u00e9riel des Pays-Bas compte 12 ministres et 6 secr\u00e9taires d\u2019Etat pour gouverner 16 millions d\u2019habitants. D\u2019ailleurs, la diff\u00e9rence entre un \u201cministre\u201d et un \u201csecr\u00e9taire d\u2019Etat\u201d est purement acad\u00e9mique. En pratique, cela revient au m\u00eame parce que les salaires des ministres et des secr\u00e9taires d\u2019Etat ne diff\u00e8rent que l\u00e9g\u00e8rement\u00a0: environ 11.000 \u20ac net par mois pour un ministre et environ 10.000 \u20ac net par mois pour un secr\u00e9taire d\u2019Etat. Dans la Belgique f\u00e9d\u00e9rale, avec ses trois r\u00e9gions et trois communaut\u00e9s, il y a &#8211; sauf erreur de notre part, le syst\u00e8me f\u00e9d\u00e9ral \u00e9tant tr\u00e8s compliqu\u00e9 &#8211; 67 portefeuilles de ministres pour 11 millions d\u2019habitants. Le gouvernement de la communaut\u00e9 \u201cfran\u00e7aise\u201d (sic) ou de ce que certains appellent d\u00e9sormais la \u00ab\u00a0F\u00e9d\u00e9ration Wallonie-Bruxelles\u00a0\u00bb (sic) compte sept ministres, le gouvernement \u201cflamand\u201d (sic) (r\u00e9gion et communaut\u00e9) neuf, le gouvernement de la r\u00e9gion \u201cwallonne\u201d (sic) huit, le gouvernement de la r\u00e9gion bruxelloise huit et le gouvernement de la communaut\u00e9 germanophone quatre. De plus, il y a encore trois organes ex\u00e9cutifs en r\u00e9gion bruxelloise: le coll\u00e8ge de la commission communautaire \u201cflamande\u201d (sic), la commission communautaire \u201cfran\u00e7aise\u201d (sic) et la commission communautaire commune (13 portefeuilles de ministres). Ainsi, la comp\u00e9tence de l\u2019enseignement est \u00e9parpill\u00e9e sur neuf ( ! ) d\u00e9partements minist\u00e9riels: le minist\u00e8re pour l\u2019enseignement sup\u00e9rieur de la communaut\u00e9 \u201cfran\u00e7aise\u201d et \u2013 \u00e9galement en communaut\u00e9 \u201cfran\u00e7aise\u201d \u2013\u00a0 le minist\u00e8re de l\u2019enseignement obligatoire et le minist\u00e8re de l&#8217;enfance et de la jeunesse. De plus, il y a le minist\u00e8re des travaux publics de la r\u00e9gion \u201cflamande\u201d et le minist\u00e8re de l\u2019enseignement public de la communaut\u00e9 \u201cflamande\u201d. Au sein des commissions communautaires bruxelloises, deux ministres sont comp\u00e9tents pour l\u2019enseignement. Le gouvernement de la communaut\u00e9 germanophone a un ministre pour l\u2019enseignement et un ministre f\u00e9d\u00e9ral est charg\u00e9 des comp\u00e9tences r\u00e9siduelles f\u00e9d\u00e9rales en mati\u00e8re d\u2019enseignement.<\/p>\n<p style=\"text-align: justify;\">Dans la Belgique unitaire propos\u00e9e par le B.U.B., il n\u2019y aurait plus que douze \u00e0 quinze d\u00e9partements minist\u00e9riels selon cette r\u00e9partition minimale de douze d\u00e9partements: 1) le premier ministre; 2) les Affaires \u00e9trang\u00e8res (le commerce ext\u00e9rieur, la coop\u00e9ration au d\u00e9veloppement, le tourisme et l\u2019immigration y compris); 3) la Mobilit\u00e9 et les Travaux publics (les entreprises du secteur public y comprises); 4) la Justice; 5) la D\u00e9fense; 6) les Affaires int\u00e9rieures; 7) l\u2019Agriculture, les PME, les Ind\u00e9pendants et la Politique scientifique; 8 ) la Culture, la T\u00e9l\u00e9communication et les M\u00e9dias; 9) la Sant\u00e9 publique, les Affaires Sociales et les Pensions; 10) l\u2019Environnement, le D\u00e9veloppement durable; l\u2019Energie et le Climat; 11) le Budget, les Finances et la lutte contre la fraude; 12) l\u2019Emploi et les Entreprises (la fonction publique y comprise).<\/p>\n<p style=\"text-align: justify;\">Cette r\u00e9forme ne rel\u00e8ve m\u00eame pas de l\u2019exploit: \u00e0 l\u2019exception des Travaux Publics (aujourd\u2019hui g\u00e9r\u00e9s par la R\u00e9gie des B\u00e2timents f\u00e9d\u00e9rale), tous ces d\u00e9partements existent encore aujourd\u2019hui. Evidemment, il reste possible que des secr\u00e9taires d\u2019Etat (maximum trois) soient adjoints au gouvernement national lorsqu\u2019il s\u2019agit de traiter certaines t\u00e2ches sp\u00e9cifiques comme la politique de l\u2019\u00e9galit\u00e9 des chances, la politique des grandes villes, la politique des handicap\u00e9s, l\u2019\u00e9conomie sociale. Toutefois, m\u00eame dans ce cas, le nombre total de ministres et de secr\u00e9taires d\u2019Etat serait toujours 75% inf\u00e9rieur au nombre actuel\u00a0!<\/p>\n<p style=\"text-align: justify;\">En combinaison avec la suppression des conseils r\u00e9gionaux et communautaires, cette r\u00e9forme, favorable au contribuable, serait vraiment syst\u00e9mique.<\/p>\n<p style=\"text-align: justify;\">On craint cependant que le nouveau gouvernement Di Rupo Ier fasse exactement le contraire en compliquant davantage la structure \u00e9tatique et en la rendant encore plus co\u00fbteuse.<\/p>\n<p style=\"text-align: justify;\"><strong>ER ZIJN IN TOTAAL 67 MINISTERIES IN BELGIE !<\/strong><\/p>\n<div style=\"text-align: justify;\">\n<p><strong>De B.U.B. neemt kennis van het feit dat de nieuwe federale regering uit 13 ministers en 6 staatssecretarissen bestaat. Maar is dat nu echt een besparing, zoals de particratie en haar pers doen uitschijnen?\u00a0<\/strong><\/p>\n<\/div>\n<p style=\"text-align: justify;\">Volgens artikel 96, eerste lid van de Grondwet benoemt de Koning zijn ministers. Nochtans maken de partijen onderling uit wie welk \u201cpostje\u201d krijgt. Voor de particratie is het Hof blijkbaar enkel nuttig als het gaat om het opruimen van hun eigen puinhoop, zoals we 540 dagen mochten beleven\u2026<\/p>\n<p style=\"text-align: justify;\">Op zich is het natuurlijk niet slecht dat de federale regering wat afslankt. Zo vermindert het aantal federale ministers van 15 naar 13 en het aantal staatssecretarissen van 6 naar 5. In de media werd veel gepraat over het totaal aantal Nederlandstaligen en Franstaligen in de federale regering en de noodzakelijke \u201cevenwichten\u201d. Een evenwicht zoeken tussen werknemers en zelfstandigen, moslims en katholieken, jongeren en ouderen\u2026 is blijkbaar niet belangrijk. Zelfs de provinciale verdeling schijnt de particratie niet te interesseren aangezien Luxemburg en Limburg niet \u00e9\u00e9n minister hebben !<\/p>\n<p style=\"text-align: justify;\">Dit gezegd zijnde is de zogenaamde \u201cafslanking\u201d van de ministeries puur bedrog. Het ministerieel kabinet van Nederland telt 12 ministers en 8 staatssecretarissen voor 16 miljoen inwoners. Het verschil tussen een \u201cminister\u201d en een \u201cstaatssecretaris\u201d is trouwens louter academisch. In de praktijk is het quasi hetzelfde: het loon van ministers en staatssecretarissen verschilt nauwelijks: een minister verdient ongeveer 11.000 \u20ac netto per maand en een staatssecretaris ongeveer 10.000 \u20ac per maand. In het federale Belgi\u00eb met zijn drie gewesten en drie gemeenschappen zijn er \u2013 behoudens vergissing gelet op de complexiteit van het federaal systeem &#8211; 67 ministerportefeuilles voor 11 miljoen inwoners. De \u201cFranse\u201d (sic) gemeenschapsregering of wat sommigen nu de regering van de \u201cFederatie Walloni\u00eb-Brussel\u201d (sic) noemen telt zeven ministers, de \u201cVlaamse\u201d (sic) regering (gewest en gemeenschap) negen, de \u201cWaalse\u201d (sic) gewestregering acht, de Brusselse gewestregering acht en de regering van de Duitstalige gemeenschap vier. Bovendien zijn er in Brussel nog drie uitvoerende organen: het college van de \u201cVlaamse\u201d, van de \u201cFranse\u201d en van de gemeenschappelijke gemeenschapscommissie (13 ministerportefeuilles). Alleen al de bevoegdheid onderwijs is versnipperd over liefst negen (!) ministers en staatssecretarissen: de minister voor hoger onderwijs van de \u201cFranse\u201d gemeenschapsregering en \u2013 in dezelfde regering \u2013 de minister voor leerplichtonderwijs en die voor kinderen en jongeren; de minister van openbare werken en die van onderwijs in de \u201cVlaamse\u201d regering; de twee ministers van onderwijs in de Brusselse gemeenschapscommissies; de minister van de Duitstalige gemeenschap en de federale staatssecretaris, belast met de residuaire federale onderwijsbevoegdheden.<\/p>\n<p style=\"text-align: justify;\">In het unitaire Belgi\u00eb dat de B.U.B. voorstelt, zouden twaalf tot vijftien ministeri\u00eble departementen volstaan volgens deze minimale verdeling van twaalf departementen: 1) de eerste minster; 2) Buitenlandse zaken (m.i.v. buitenlandse handel, ontwikkelingssamenwerking, toerisme en migratie); 3) Verkeer en Openbare Werken (m.i.v. overheidsbedrijven); 4) Justitie; 5) Defensie; 6) Binnenlandse Zaken; 7) Landbouw, KMO\u2019s, Zelfstandigen en Wetenschapsbeleid; 8 ) Cultuur, Telecommunicatie en Media ; 9) Volksgezondheid, Sociale Zaken en Pensioenen; 10) Leefmilieu, Duurzame Ontwikkeling, Energie en Klimaat; 11) Begroting, Financi\u00ebn en Fraudebestrijding; 12) Werkgelegenheid en Ondernemen (m.i.v. Ambtenarenzaken).<\/p>\n<p style=\"text-align: justify;\">Op zich zou dit niet eens zo\u2019n grote hervorming zijn: op Openbare Werken (vandaag ondergebracht in de federale Regie der Gebouwen) na bestaan al deze departementen vandaag nog. Natuurlijk kan het mogelijk zijn dat er voor specifieke taken (gelijke-kansenbeleid, jeugdbeleid, grootstedenbeleid, gehandicaptenzorg, sociale economie) staatssecretarissen (met een maximum van drie) aan de nationale regering worden toegevoegd, maar dan nog zou het volledige aantal ministers en staatssecretarissen in totaal 75% lager zijn dan het huidige aantal !<\/p>\n<p style=\"text-align: justify;\">In combinatie met de afschaffing van de gewest- en gemeenschapsraden is dit een echte systemische hervorming die de burger bovendien daadwerkelijk in zijn portemonnee zou voelen.<\/p>\n<p style=\"text-align: justify;\">Wij vrezen echter dat de nieuwe regering Di Rupo I net het tegenovergestelde gaat doen door de staatsstructuur nog ingewikkelder en nog duurder de maken.<\/p>\n","protected":false},"excerpt":{"rendered":"<p>Le B.U.B. prend acte du fait que le nouveau gouvernement f\u00e9d\u00e9ral est compos\u00e9 de 13 ministres et de 6 secr\u00e9taires d\u2019Etat. Mais s\u2019agit-il vraiment d\u2019une \u00e9conomie, comme la particratie et sa presse le pretendent?<\/p>\n<p>De B.U.B. neemt kennis van het feit dat de nieuwe federale regering uit 13 ministers en 6 staatssecretarissen bestaat. Maar is dat nu echt een besparing, zoals de particratie en haar pers doen uitschijnen? <\/p>\n","protected":false},"author":2,"featured_media":0,"comment_status":"closed","ping_status":"open","sticky":false,"template":"","format":"standard","meta":{"ngg_post_thumbnail":0,"jetpack_post_was_ever_published":false,"_jetpack_newsletter_access":"","_jetpack_dont_email_post_to_subs":true,"_jetpack_newsletter_tier_id":0,"_jetpack_memberships_contains_paywalled_content":false,"powered_cache_disable_cache":false,"_jetpack_memberships_contains_paid_content":false,"footnotes":"","jetpack_publicize_message":"","jetpack_publicize_feature_enabled":true,"jetpack_social_post_already_shared":false,"jetpack_social_options":{"image_generator_settings":{"template":"highway","default_image_id":0,"font":"","enabled":false},"version":2}},"categories":[22,1],"tags":[],"class_list":["post-5014","post","type-post","status-publish","format-standard","hentry","category-law","category-news0"],"jetpack_publicize_connections":[],"jetpack_featured_media_url":"","jetpack_sharing_enabled":true,"jetpack_shortlink":"https:\/\/wp.me\/s6Y7u0-5014","jetpack_likes_enabled":false,"_links":{"self":[{"href":"https:\/\/www.unionbelge.be\/index.php?rest_route=\/wp\/v2\/posts\/5014","targetHints":{"allow":["GET"]}}],"collection":[{"href":"https:\/\/www.unionbelge.be\/index.php?rest_route=\/wp\/v2\/posts"}],"about":[{"href":"https:\/\/www.unionbelge.be\/index.php?rest_route=\/wp\/v2\/types\/post"}],"author":[{"embeddable":true,"href":"https:\/\/www.unionbelge.be\/index.php?rest_route=\/wp\/v2\/users\/2"}],"replies":[{"embeddable":true,"href":"https:\/\/www.unionbelge.be\/index.php?rest_route=%2Fwp%2Fv2%2Fcomments&post=5014"}],"version-history":[{"count":8,"href":"https:\/\/www.unionbelge.be\/index.php?rest_route=\/wp\/v2\/posts\/5014\/revisions"}],"predecessor-version":[{"id":11062,"href":"https:\/\/www.unionbelge.be\/index.php?rest_route=\/wp\/v2\/posts\/5014\/revisions\/11062"}],"wp:attachment":[{"href":"https:\/\/www.unionbelge.be\/index.php?rest_route=%2Fwp%2Fv2%2Fmedia&parent=5014"}],"wp:term":[{"taxonomy":"category","embeddable":true,"href":"https:\/\/www.unionbelge.be\/index.php?rest_route=%2Fwp%2Fv2%2Fcategories&post=5014"},{"taxonomy":"post_tag","embeddable":true,"href":"https:\/\/www.unionbelge.be\/index.php?rest_route=%2Fwp%2Fv2%2Ftags&post=5014"}],"curies":[{"name":"wp","href":"https:\/\/api.w.org\/{rel}","templated":true}]}}