{"id":4993,"date":"2011-12-04T19:41:46","date_gmt":"2011-12-04T17:41:46","guid":{"rendered":"http:\/\/www.unionbelge.be\/?p=4993"},"modified":"2016-11-21T00:20:52","modified_gmt":"2016-11-20T23:20:52","slug":"belg-unie-op-15-zuid-belgie-15-pour-belg-unie-en-belgique-du-sud","status":"publish","type":"post","link":"https:\/\/www.unionbelge.be\/?p=4993","title":{"rendered":"BELG-UNIE OP 15% IN ZUID-BELGIE ? &#8211; 15% POUR BELG-UNIE EN BELGIQUE DU SUD ?"},"content":{"rendered":"<p style=\"text-align: justify;\"><strong><a href=\"https:\/\/www.unionbelge.be\/wp-content\/uploads\/2011\/12\/B.U.B.-2007-2009-111.jpg\"><img loading=\"lazy\" decoding=\"async\" class=\"alignleft size-full wp-image-4994\" title=\"B.U.B. 2007-2009 111\" src=\"https:\/\/www.unionbelge.be\/wp-content\/uploads\/2011\/12\/B.U.B.-2007-2009-111.jpg\" alt=\"\" width=\"369\" height=\"246\" srcset=\"https:\/\/www.unionbelge.be\/wp-content\/uploads\/2011\/12\/B.U.B.-2007-2009-111.jpg 369w, https:\/\/www.unionbelge.be\/wp-content\/uploads\/2011\/12\/B.U.B.-2007-2009-111-300x200.jpg 300w\" sizes=\"auto, (max-width: 369px) 100vw, 369px\" \/><\/a>Foto &#8211; photo B.U.B.<\/strong><\/p>\n<p style=\"text-align: justify;\"><strong>NIEUWE KIESPEILING LLB<\/strong><\/p>\n<p style=\"text-align: justify;\"><strong>Uit een opmerkelijke peiling van La Libre Belgique van eind november 2011 blijkt dat 15% van de Zuid-Belgen zouden overwegen om op het pro-Belgisch kartel BELG-UNIE te stemmen bij de volgende verkiezingen.<\/strong><\/p>\n<p style=\"text-align: justify;\"><a href=\"http:\/\/www.lalibre.be\/actu\/crise-politique\/article\/704108\/wallonie-paysage-un-brin-plus-vert.html\">http:\/\/www.lalibre.be\/actu\/crise-politique\/article\/704108\/wallonie-paysage-un-brin-plus-vert.html<\/a><\/p>\n<p style=\"text-align: justify;\"><em>&#8220;Enfin, la hi\u00e9rarchie \u00e9volue et se resserre fort lorsque l\u2019on demande aux sond\u00e9s non pas leurs intentions de vote, mais quels partis pourraient figurer parmi &#8220;leurs choix possibles&#8221;, sur une gradation de &#8220;tr\u00e8s probable&#8221; \u00e0 &#8220;vous n\u2019y pensez pas&#8221;. En additionnant les &#8220;<span style=\"text-decoration: underline;\">tr\u00e8s probables&#8221; aux &#8220;possibles<\/span>&#8220;, on arrive \u00e0 33 au PS, 30 pour Ecolo, 29 pour le MR et 27 pour le CDH. Et cette fois, <span style=\"text-decoration: underline;\">le premier &#8220;petit&#8221; <\/span>n\u2019est pas le FN, mais <strong><span style=\"text-decoration: underline;\">Belg. unie<\/span> (\u00e0 hauteur de <span style=\"text-decoration: underline;\">15<\/span>).&#8221;<\/strong><\/em><\/p>\n<p style=\"text-align: justify;\">Het gaat hier niet om werkelijke kiesintenties, maar op mogelijke stemmen. <strong>BELG-UNIE\u00a0wordt door 15% van de respondenten als een mogelijke optie beschouwd.<\/strong><\/p>\n<p>Hieruit kunnen we drie lessen trekken:<\/p>\n<p style=\"text-align: justify;\">1)\u00a0\u00a0\u00a0 aangezien er zoveel Belgen voor een quasi onbekende lijst zouden kunnen stemmen, kan men hieruit afleiden dat ze de door de particratie voorbereide staatshervorming niet zien zitten. Minstens moet deze staatshervorming dan ook het voorwerp van een referendum of een volksraadpleging uitmaken.<\/p>\n<p>2)\u00a0\u00a0\u00a0 als de N-VA, die elke dag op TV komt, 39% van de kiesintenties in Noord-Belgi\u00eb haalt, is dat groot nieuws, maar als de unitaristen, die quasi nooit op TV komen, een potentieel van 15% halen, zwijgen de media erover. Hebben ze misschien schrik van ons?<\/p>\n<p style=\"text-align: justify;\">3)\u00a0\u00a0dit is het zoveelste bewijs van het feit dat de B.U.B. en het kartel BELG-UNIE beroofd worden van veel stemmen aangezien ze hun standpunten niet via de openbare media mogen bekendmaken. Dit is een ernstige schending van de democratie en dus onaanvaardbaar. <strong>Laten we hopen dat de VRT en de RTBF eindelijk hun verantwoordelijkheid opnemen t.o.v. ons alsook t.o.v. 50% van de Belgen die onze unitaristische idee\u00ebn delen, maar die ons nog niet of niet genoeg kennen. <\/strong><\/p>\n<p style=\"text-align: justify;\"><strong>NOUVEAU SONDAGE ELECTORAL DE LLB<\/strong><\/p>\n<p style=\"text-align: justify;\"><strong>Il ressort d&#8217;un sondage remarquable de La Libre Belgique de fin novembre 2011 que 15% des Belges du sud pourraient envisager de voter pour le cartel pro-belge\u00a0BELG-UNIE lors des prochaines \u00e9lections.<\/strong><\/p>\n<p style=\"text-align: justify;\"><a href=\"http:\/\/www.lalibre.be\/actu\/crise-politique\/article\/704108\/wallonie-paysage-un-brin-plus-vert.html\">http:\/\/www.lalibre.be\/actu\/crise-politique\/article\/704108\/wallonie-paysage-un-brin-plus-vert.html<\/a><\/p>\n<p style=\"text-align: justify;\"><em>&#8220;Enfin, la hi\u00e9rarchie \u00e9volue et se resserre fort lorsque l\u2019on demande aux sond\u00e9s non pas leurs intentions de vote, mais quels partis pourraient figurer parmi &#8220;leurs choix possibles&#8221;, sur une gradation de &#8220;tr\u00e8s probable&#8221; \u00e0 &#8220;vous n\u2019y pensez pas&#8221;. En additionnant les &#8220;tr\u00e8s probables&#8221; aux &#8220;possibles&#8221;, on arrive \u00e0 33 au PS, 30 pour Ecolo, 29 pour le MR et 27 pour le CDH. Et cette fois, le premier &#8220;petit&#8221; n\u2019est pas le FN, mais <strong>Belg. unie (\u00e0 hauteur de 15).&#8221;<\/strong><\/em><\/p>\n<p style=\"text-align: justify;\">Il ne s&#8217;agit donc pas de v\u00e9ritables intentions de vote, mais de votes possibles. <strong>BELG-UNIE est consid\u00e9r\u00e9 par 15% des sond\u00e9s comme une option possible.\u00a0<\/strong><\/p>\n<p>On peut en tirer trois le\u00e7ons:<\/p>\n<p style=\"text-align: justify;\">1)\u00a0\u00a0puisqu\u2019autant de Belges pourraient voter pour une liste quasiment inconnue, on peut en d\u00e9duire qu\u2019ils ne voient pas d\u2019un bon oeil la r\u00e9forme de l\u2019Etat qui est pr\u00e9par\u00e9e par la particratie. A tout le moins, cette r\u00e9forme de l\u2019Etat devra faire l\u2019objet d\u2019un r\u00e9f\u00e9rendum ou d\u2019une consultation populaire.<\/p>\n<p>2)\u00a0\u00a0\u00a0lorsque la N-VA, qui passe tous les jours \u00e0 la t\u00e9l\u00e9vision, \u00a0obtient 39% des intentions de votes, c\u2019est une grande nouvelle, mais lorsque les unitaristes, qui n\u2019ont quasiment aucun acc\u00e8s aux m\u00e9dias, obtiennent un potentiel de 15% des votes, les m\u00e9dias se taisent. Ont-ils<br \/>\npeut-\u00eatre peur de nous?<\/p>\n<p style=\"text-align: justify;\">3)\u00a0\u00a0\u00a0ceci constitue une nouvelle preuve du fait que le B.U.B. ainsi que le cartel BELG-UNIE soient priv\u00e9s d\u2019un nombre important de voix comme ils ne peuvent pas divulguer leurs points de vue \u00e0 travers les m\u00e9dias publics. C\u2019est une violation flagrante de la d\u00e9mocratie et donc inacceptable. <strong>Esp\u00e9rons que la VRT et la RTBF prendront enfin leurs responsabilit\u00e9s \u00e0 notre \u00e9gard ainsi qu\u2019\u00e0 l\u2019\u00e9gard des 50% de Belges qui partagent nos id\u00e9es unitaristes, mais qui ne nous connaissent pas encore (suffisamment). <\/strong><\/p>\n","protected":false},"excerpt":{"rendered":"<p>Uit een opmerkelijke peiling van La Libre Belgique blijkt dat 15% van de Zuid-Belgen zouden overwegen om op het pro-Belgisch kartel BELG-UNIE te stemmen bij de volgende verkiezingen.<\/p>\n<p>Il ressort d&#8217;un sondage remarquable de La Libre Belgique de fin novembre 2011 que 15% des Belges du sud pourraient envisager de voter pour le cartel pro-belge BELG-UNIE lors des prochaines \u00e9lections.<\/p>\n","protected":false},"author":2,"featured_media":0,"comment_status":"closed","ping_status":"open","sticky":false,"template":"","format":"standard","meta":{"ngg_post_thumbnail":0,"jetpack_post_was_ever_published":false,"_jetpack_newsletter_access":"","_jetpack_dont_email_post_to_subs":true,"_jetpack_newsletter_tier_id":0,"_jetpack_memberships_contains_paywalled_content":false,"powered_cache_disable_cache":false,"_jetpack_memberships_contains_paid_content":false,"footnotes":"","jetpack_publicize_message":"","jetpack_publicize_feature_enabled":true,"jetpack_social_post_already_shared":false,"jetpack_social_options":{"image_generator_settings":{"template":"highway","default_image_id":0,"font":"","enabled":false},"version":2}},"categories":[4,24],"tags":[],"class_list":["post-4993","post","type-post","status-publish","format-standard","hentry","category-info","category-sociology"],"jetpack_publicize_connections":[],"jetpack_featured_media_url":"","jetpack_sharing_enabled":true,"jetpack_shortlink":"https:\/\/wp.me\/p6Y7u0-1ix","jetpack_likes_enabled":false,"_links":{"self":[{"href":"https:\/\/www.unionbelge.be\/index.php?rest_route=\/wp\/v2\/posts\/4993","targetHints":{"allow":["GET"]}}],"collection":[{"href":"https:\/\/www.unionbelge.be\/index.php?rest_route=\/wp\/v2\/posts"}],"about":[{"href":"https:\/\/www.unionbelge.be\/index.php?rest_route=\/wp\/v2\/types\/post"}],"author":[{"embeddable":true,"href":"https:\/\/www.unionbelge.be\/index.php?rest_route=\/wp\/v2\/users\/2"}],"replies":[{"embeddable":true,"href":"https:\/\/www.unionbelge.be\/index.php?rest_route=%2Fwp%2Fv2%2Fcomments&post=4993"}],"version-history":[{"count":8,"href":"https:\/\/www.unionbelge.be\/index.php?rest_route=\/wp\/v2\/posts\/4993\/revisions"}],"predecessor-version":[{"id":11413,"href":"https:\/\/www.unionbelge.be\/index.php?rest_route=\/wp\/v2\/posts\/4993\/revisions\/11413"}],"wp:attachment":[{"href":"https:\/\/www.unionbelge.be\/index.php?rest_route=%2Fwp%2Fv2%2Fmedia&parent=4993"}],"wp:term":[{"taxonomy":"category","embeddable":true,"href":"https:\/\/www.unionbelge.be\/index.php?rest_route=%2Fwp%2Fv2%2Fcategories&post=4993"},{"taxonomy":"post_tag","embeddable":true,"href":"https:\/\/www.unionbelge.be\/index.php?rest_route=%2Fwp%2Fv2%2Ftags&post=4993"}],"curies":[{"name":"wp","href":"https:\/\/api.w.org\/{rel}","templated":true}]}}