{"id":4842,"date":"2011-11-01T13:38:23","date_gmt":"2011-11-01T11:38:23","guid":{"rendered":"http:\/\/www.unionbelge.be\/?p=4842"},"modified":"2016-11-16T16:25:18","modified_gmt":"2016-11-16T15:25:18","slug":"le-prince-philippe-en-chine-prins-filip-china","status":"publish","type":"post","link":"https:\/\/www.unionbelge.be\/?p=4842","title":{"rendered":"LE PRINCE PHILIPPE EN CHINE &#8211; PRINS FILIP IN CHINA"},"content":{"rendered":"<p><strong>LA MISSION PRINCIERE EN CHINE ETAIT UN GRAND SUCCES<\/strong><\/p>\n<p><strong>La mission \u00e9conomique belge sous la direction du Prince Philippe qui s\u2019est d\u00e9roul\u00e9e du 19 au 29 octobre 2011 \u00e9tait un grand succ\u00e8s. Gr\u00e2ce \u00e0 la pr\u00e9sence du Prince h\u00e9ritier, de nouvelles portes se sont ouvertes dans le plus grand march\u00e9 \u00e9conomique du monde.<\/strong><\/p>\n<p>Le Prince Philippe a encore une fois prouv\u00e9 qu\u2019il est le leader du commerce international belge, mettant ainsi les r\u00e9gions dans l\u2019ombre.\u00a0 Avec une trentaine de contrats et accords sign\u00e9s, la plus grande mission princi\u00e8re de l&#8217;histoire a rencontr\u00e9 un succ\u00e8s foudroyant. Le Prince a donn\u00e9 la possibilit\u00e9 \u00e0 de nombreuses soci\u00e9t\u00e9s belges de conqu\u00e9rir le march\u00e9 chinois car dans l\u2019Empire du Milieu le contact humain pr\u00e9alable est primordial et indispensable. Le Prince, qui conna\u00eet bien ce grand pays fascinant, avait minutieusement pr\u00e9par\u00e9 sa visite. Il sait que les Chinois adorent les t\u00eates couronn\u00e9es et raffolent des c\u00e9r\u00e9monies.<\/p>\n<p>Les Belges peuvent donc \u00eatre heureux d\u2019avoir une monarchie qui leur fournit tous ces privil\u00e8ges auxquels d\u2019autres nations, c\u2019est-\u00e0-dire des r\u00e9publiques de notre taille, n\u2019ont pas droit.<\/p>\n<p>D&#8217;autre part,\u00a0l&#8217;on constate de nouveau\u00a0l\u2019importance de la collaboration entre toutes les entreprises belges. La Belgique est un pays trop petit pour \u00eatre divis\u00e9. Le commerce ext\u00e9rieur n\u00e9cessite une approche nationale et coh\u00e9rente. Les agences commerciales r\u00e9gionales devraient fusionner pour former de nouveau une agence f\u00e9d\u00e9rale du commerce ext\u00e9rieur dans laquelle chaque province sera repr\u00e9sent\u00e9e proportionnellement \u00e0 sa taille et \u00e0 son nombre d\u2019habitants.<\/p>\n<p><strong>La Belgique est un pays merveilleux et prosp\u00e8re. Ce constat doit nous animer chaque jour afin de nous am\u00e9liorer constamment. Le Prince Philippe nous montre la voie.<\/strong><\/p>\n<div class=\"mceTemp\"><\/div>\n<p><strong><br \/>\nPRINSELIJKE<\/strong><strong> MISSIE IN CHINA WAS GROOT SUCCES<\/strong><\/p>\n<p><strong>De Belgische economische missie onder leiding van Prins Filip, die van 19 tot 29 oktober plaatsvond, \u00a0was een groot succes. Dankzij de aanwezigheid van de Kroonprins zijn nieuwe deuren open gegaan in de grootste economische markt van de wereld. <\/strong><\/p>\n<p>Prins Filip heeft nogmaals bewezen dat hij de leider is van de Belgische internationale handel en zette zo de gewesten in de schaduw. Met een dertigtal getekende contracten en akkoorden was de grootste prinselijke missie van de geschiedenis een geweldig succes. De Prins heeft aan vele Belgische bedrijven de kans gegeven om de Chinese markt te veroveren want in China is het voorafgaandelijk persoonlijk contact primordiaal en onontbeerlijk. De Prins, die dit groot en fascinerend land goed kent, had zijn missie perfect voorbereid. Hij weet dat de Chinezen houden van gekroonde hoofden en ceremonie\u00ebn.<\/p>\n<p>De Belgen kunnen dan ook tevreden zijn dat ze een monarchie hebben, die hen voorrechten biedt die andere landen, namelijk republieken van onze grootte, niet genieten.<\/p>\n<p>Anderzijds stelt men opnieuw\u00a0het belang van de samenwerking tussen alle Belgische ondernemingen vast. Belgi\u00eb is een te klein land om verdeeld te zijn. De buitenlandse handel heeft nood aan een nationale en coherente aanpak. De regionale handelsagentschappen zouden moeten fusioneren om opnieuw een federaal agentschap van de buitenlandse handel te vormen waarin elke provincie in evenredigheid met haar oppervlakte en inwonersaantal zal vertegenwoordigd zijn.<\/p>\n<p><strong>Belgi\u00eb is een fantastisch en welvarend land. Deze vaststelling moet ons elke dag motiveren om er het beste van te maken. Prins Filip toont ons hoe het moet. <\/strong><\/p>\n","protected":false},"excerpt":{"rendered":"<p>La mission \u00e9conomique belge sous la direction du Prince Philippe qui s\u2019est d\u00e9roul\u00e9e du 19 au 29 octobre 2011 \u00e9tait un grand succ\u00e8s. Gr\u00e2ce \u00e0 la pr\u00e9sence du Prince h\u00e9ritier, de nouvelles portes se sont ouvertes dans le plus grand march\u00e9 \u00e9conomique du monde.<\/p>\n<p>De Belgische economische missie onder leiding van Prins Filip, die van 19 tot 29 oktober plaatsvond,  was een groot succes. Dankzij de aanwezigheid van de Kroonprins zijn nieuwe deuren open gegaan in de grootste economische markt van de wereld. <\/p>\n","protected":false},"author":2,"featured_media":0,"comment_status":"closed","ping_status":"open","sticky":false,"template":"","format":"standard","meta":{"ngg_post_thumbnail":0,"jetpack_post_was_ever_published":false,"_jetpack_newsletter_access":"","_jetpack_dont_email_post_to_subs":true,"_jetpack_newsletter_tier_id":0,"_jetpack_memberships_contains_paywalled_content":false,"powered_cache_disable_cache":false,"_jetpack_memberships_contains_paid_content":false,"footnotes":"","jetpack_publicize_message":"","jetpack_publicize_feature_enabled":true,"jetpack_social_post_already_shared":false,"jetpack_social_options":{"image_generator_settings":{"template":"highway","default_image_id":0,"font":"","enabled":false},"version":2}},"categories":[23,1],"tags":[],"class_list":["post-4842","post","type-post","status-publish","format-standard","hentry","category-economy","category-news0"],"jetpack_publicize_connections":[],"jetpack_featured_media_url":"","jetpack_sharing_enabled":true,"jetpack_shortlink":"https:\/\/wp.me\/p6Y7u0-1g6","jetpack_likes_enabled":false,"_links":{"self":[{"href":"https:\/\/www.unionbelge.be\/index.php?rest_route=\/wp\/v2\/posts\/4842","targetHints":{"allow":["GET"]}}],"collection":[{"href":"https:\/\/www.unionbelge.be\/index.php?rest_route=\/wp\/v2\/posts"}],"about":[{"href":"https:\/\/www.unionbelge.be\/index.php?rest_route=\/wp\/v2\/types\/post"}],"author":[{"embeddable":true,"href":"https:\/\/www.unionbelge.be\/index.php?rest_route=\/wp\/v2\/users\/2"}],"replies":[{"embeddable":true,"href":"https:\/\/www.unionbelge.be\/index.php?rest_route=%2Fwp%2Fv2%2Fcomments&post=4842"}],"version-history":[{"count":11,"href":"https:\/\/www.unionbelge.be\/index.php?rest_route=\/wp\/v2\/posts\/4842\/revisions"}],"predecessor-version":[{"id":11075,"href":"https:\/\/www.unionbelge.be\/index.php?rest_route=\/wp\/v2\/posts\/4842\/revisions\/11075"}],"wp:attachment":[{"href":"https:\/\/www.unionbelge.be\/index.php?rest_route=%2Fwp%2Fv2%2Fmedia&parent=4842"}],"wp:term":[{"taxonomy":"category","embeddable":true,"href":"https:\/\/www.unionbelge.be\/index.php?rest_route=%2Fwp%2Fv2%2Fcategories&post=4842"},{"taxonomy":"post_tag","embeddable":true,"href":"https:\/\/www.unionbelge.be\/index.php?rest_route=%2Fwp%2Fv2%2Ftags&post=4842"}],"curies":[{"name":"wp","href":"https:\/\/api.w.org\/{rel}","templated":true}]}}