{"id":4803,"date":"2011-10-23T14:12:50","date_gmt":"2011-10-23T12:12:50","guid":{"rendered":"http:\/\/www.unionbelge.be\/?p=4803"},"modified":"2016-11-16T16:27:23","modified_gmt":"2016-11-16T15:27:23","slug":"nationaal-klimaat-en-milieuplan-plan-climat-environnement-national","status":"publish","type":"post","link":"https:\/\/www.unionbelge.be\/?p=4803","title":{"rendered":"NATIONAAL KLIMAAT- EN MILIEUPLAN &#8211; UN PLAN CLIMAT ET ENVIRONNEMENT NATIONAL"},"content":{"rendered":"<p><strong>FEDERALISME VERVUILT<\/strong><\/p>\n<p><strong>Volgens de Environmental Performance Index 2010 van de Europese Commissie zou Belgi\u00eb het op \u00e9\u00e9n na vervuildste land van de 27 E.U.-lidstaten zijn. Alleen Cyprus zou nog vuiler zijn. Daarom pleit de B.U.B. voor een nationale en unitaire aanpak van de milieuproblematiek in Belgi\u00eb.\u00a0<\/strong><\/p>\n<p>Rivieren, lucht en grond stoppen niet aan de taalgrens. Het is een boutade, maar 40 jaar taalfederalisme houdt geenszins rekening met deze evidente realiteit. Milieu en klimaat hebben ook niets met taal te maken. Het zijn nationale en internationale domeinen. Vooral in een dichtbevolkt land als Belgi\u00eb waar het centrum \u2013 Brabant \u2013 in drie gewesten ligt, heeft de bevolking geen nood aan drie verschillende wetgevingen op vlak van milieu en ruimtelijke ordening. De splitsing van deze bevoegdheden in 1980 is totaal ondoordacht en zonder redelijke motivering gebeurd.<\/p>\n<p>Het is dan ook tijd om een einde te stellen aan deze absurditeit en die bevoegdheden te herfederaliseren zodat de Belgische lucht, bodem en rivieren door een nationale aanpak weer proper kunnen worden. Een nationaal klimaat- en milieuplan onder leiding van \u00e9\u00e9n enkele federale minister kan dan uitgewerkt worden. <strong>De Belgen moeten opnieuw voor hun prachtig landje zorg gaan dragen zonder te vervallen in belachelijke broedertwisten die ons in binnen- en buitenland alleen maar verzwakken !<\/strong><\/p>\n<p><strong>\u00a0<\/strong><\/p>\n<p><strong>LE FEDERALISME POLLUE<\/strong><\/p>\n<p><strong>Selon l\u2019Indice de la Performance Environnementale 2010 de la Commission europ\u00e9enne, la Belgique serait, \u00e0 un pays pr\u00e8s, le pays le plus pollu\u00e9 des 27 Etats membres de l\u2019Union europ\u00e9enne. Seul Chypre serait encore plus pollu\u00e9e. C\u2019est pour cette raison que le B.U.B. plaide pour une approche nationale et unitaire de la probl\u00e9matique environnementale en Belgique.\u00a0<\/strong><strong>\u00a0<\/strong><\/p>\n<p>Les rivi\u00e8res, l\u2019air et le sol ne s\u2019arr\u00eatent pas \u00e0 la fronti\u00e8re linguistique. C\u2019est une boutade, mais 40 ans de f\u00e9d\u00e9ralisme linguistique n\u2019ont pas tenu compte de cette r\u00e9alit\u00e9 \u00e9vidente. L\u2019environnement et le climat ne sont pas davantage li\u00e9s \u00e0 la langue que l\u2019on parle. Ce sont des domaines nationaux et internationaux. Surtout dans un pays dens\u00e9ment peupl\u00e9 comme la Belgique dont le centre \u2013 le Brabant \u2013 se trouve dans trois r\u00e9gions, la population n\u2019a pas besoin de trois l\u00e9gislations diff\u00e9rentes en mati\u00e8re d\u2019environnement et d\u2019urbanisme. La scission de ces comp\u00e9tences en 1980 s\u2019est r\u00e9alis\u00e9e de fa\u00e7on irr\u00e9fl\u00e9chie et sans motivation rationnelle.<\/p>\n<p>Il est d\u00e8s lors temps de mettre fin \u00e0 cette absurdit\u00e9 en ref\u00e9d\u00e9ralisant ces comp\u00e9tences de sorte que l\u2019air, le sol et les rivi\u00e8res belges puissent redevenir propres par une approche nationale. Un plan climat et environnement national sous la direction d\u2019un seul ministre f\u00e9d\u00e9ral peut alors \u00eatre \u00e9labor\u00e9. <strong>Les Belges doivent r\u00e9apprendre \u00e0 prendre soin de leur petit pays\u00a0magnifique sans tomber dans des querelles fratricides et ridicules qui ne font que nous affaiblir sur le plan national et international\u00a0!<\/strong><\/p>\n","protected":false},"excerpt":{"rendered":"<p>Volgens de Environmental Performance Index 2010 van de Europese Commissie zou Belgi\u00eb het op \u00e9\u00e9n na vervuildste land van de 27 E.U.-lidstaten zijn. Alleen Cyprus zou nog vuiler zijn. Daarom pleit de B.U.B. voor een nationale en unitaire aanpak van de milieuproblematiek in Belgi\u00eb.  <\/p>\n<p>Selon l\u2019Indice de la Performance Environnementale 2010 de la Commission europ\u00e9enne, la Belgique serait, \u00e0 un pays pr\u00e8s, le pays le plus pollu\u00e9 des 27 Etats membres de l\u2019Union europ\u00e9enne. Seul Chypre serait encore plus pollu\u00e9e. C\u2019est pour cette raison que le B.U.B. plaide pour une approche nationale et unitaire de la probl\u00e9matique environnementale en Belgique.  <\/p>\n","protected":false},"author":2,"featured_media":0,"comment_status":"closed","ping_status":"open","sticky":false,"template":"","format":"standard","meta":{"ngg_post_thumbnail":0,"jetpack_post_was_ever_published":false,"_jetpack_newsletter_access":"","_jetpack_dont_email_post_to_subs":true,"_jetpack_newsletter_tier_id":0,"_jetpack_memberships_contains_paywalled_content":false,"powered_cache_disable_cache":false,"_jetpack_memberships_contains_paid_content":false,"footnotes":"","jetpack_publicize_message":"","jetpack_publicize_feature_enabled":true,"jetpack_social_post_already_shared":false,"jetpack_social_options":{"image_generator_settings":{"template":"highway","default_image_id":0,"font":"","enabled":false},"version":2}},"categories":[23,1],"tags":[],"class_list":["post-4803","post","type-post","status-publish","format-standard","hentry","category-economy","category-news0"],"jetpack_publicize_connections":[],"jetpack_featured_media_url":"","jetpack_sharing_enabled":true,"jetpack_shortlink":"https:\/\/wp.me\/p6Y7u0-1ft","jetpack_likes_enabled":false,"_links":{"self":[{"href":"https:\/\/www.unionbelge.be\/index.php?rest_route=\/wp\/v2\/posts\/4803","targetHints":{"allow":["GET"]}}],"collection":[{"href":"https:\/\/www.unionbelge.be\/index.php?rest_route=\/wp\/v2\/posts"}],"about":[{"href":"https:\/\/www.unionbelge.be\/index.php?rest_route=\/wp\/v2\/types\/post"}],"author":[{"embeddable":true,"href":"https:\/\/www.unionbelge.be\/index.php?rest_route=\/wp\/v2\/users\/2"}],"replies":[{"embeddable":true,"href":"https:\/\/www.unionbelge.be\/index.php?rest_route=%2Fwp%2Fv2%2Fcomments&post=4803"}],"version-history":[{"count":10,"href":"https:\/\/www.unionbelge.be\/index.php?rest_route=\/wp\/v2\/posts\/4803\/revisions"}],"predecessor-version":[{"id":11081,"href":"https:\/\/www.unionbelge.be\/index.php?rest_route=\/wp\/v2\/posts\/4803\/revisions\/11081"}],"wp:attachment":[{"href":"https:\/\/www.unionbelge.be\/index.php?rest_route=%2Fwp%2Fv2%2Fmedia&parent=4803"}],"wp:term":[{"taxonomy":"category","embeddable":true,"href":"https:\/\/www.unionbelge.be\/index.php?rest_route=%2Fwp%2Fv2%2Fcategories&post=4803"},{"taxonomy":"post_tag","embeddable":true,"href":"https:\/\/www.unionbelge.be\/index.php?rest_route=%2Fwp%2Fv2%2Ftags&post=4803"}],"curies":[{"name":"wp","href":"https:\/\/api.w.org\/{rel}","templated":true}]}}