{"id":4709,"date":"2011-10-09T10:54:51","date_gmt":"2011-10-09T08:54:51","guid":{"rendered":"http:\/\/www.unionbelge.be\/?p=4709"},"modified":"2016-11-21T00:03:50","modified_gmt":"2016-11-20T23:03:50","slug":"dexia-federalisme-bedreigt-belgie-%e2%80%93-le-federalisme-menace-la-belgique","status":"publish","type":"post","link":"https:\/\/www.unionbelge.be\/?p=4709","title":{"rendered":"DEXIA : LE FEDERALISME MENACE LA BELGIQUE &#8211; FEDERALISME BEDREIGT BELGIE"},"content":{"rendered":"<figure id=\"attachment_4710\" aria-describedby=\"caption-attachment-4710\" style=\"width: 300px\" class=\"wp-caption alignleft\"><a href=\"https:\/\/www.unionbelge.be\/wp-content\/uploads\/2011\/10\/Dexiatoren.jpg\"><img loading=\"lazy\" decoding=\"async\" class=\"size-medium wp-image-4710\" src=\"https:\/\/www.unionbelge.be\/wp-content\/uploads\/2011\/10\/Dexiatoren-300x229.jpg\" alt=\"\" width=\"300\" height=\"229\" \/><\/a><figcaption id=\"caption-attachment-4710\" class=\"wp-caption-text\">La Tour de Dexia \u00e0 Bruxelles: Dexia en voit de toutes les couleurs, aussi \u00e0 cause du f\u00e9d\u00e9ralisme &#8220;belge&#8221;\u00a0&#8211; De Dexia-toren in Brussel: Dexia ziet alle kleuren van de regenboog, ook door het &#8220;Belgisch&#8221; federalisme (photo \/ foto: ssmot)<\/figcaption><\/figure>\n<p><strong>DEXIA\u00a0: LE FEDERALISME MENACE LA BELGIQUE\u00a0<\/strong><\/p>\n<p><strong>Comme si la Belgique n\u2019\u00e9tait pas encore assez d\u00e9stabilis\u00e9e par les probl\u00e8mes politico-communautaires et les n\u00e9gociations sur une 6<sup>i\u00e8me<\/sup> r\u00e9forme de l\u2019Etat, la politique \u00ab\u00a0belge\u00a0\u00bb peine \u00e0 trouver une position commune entre l\u2019Etat f\u00e9d\u00e9ral et les r\u00e9gions sur le sauvetage de Dexia Banque face \u00e0 l\u2019Etat fran\u00e7ais qui est coactionnaire. Les dangers du f\u00e9d\u00e9ralisme linguistique sont encore largement sous-estim\u00e9s, ce que le B.U.B. ne cesse de d\u00e9noncer.\u00a0Nous esp\u00e9rons en tout cas que l&#8217;on va enfin cr\u00e9er une grande banque belge. <\/strong><\/p>\n<p>Lors de premi\u00e8re crise bancaire de 2008, l\u2019Etat fran\u00e7ais a d\u00fb intervenir pour sauver la banque Dexia de la faillite m\u00eame si c\u2019\u00e9tait surtout la branche fran\u00e7aise de Dexia, le Cr\u00e9dit local de France, qui, par ses op\u00e9rations risqu\u00e9es, avait creus\u00e9 le d\u00e9ficit. Les Belges savent depuis lors que les Fran\u00e7ais pensent d\u2019abord \u00e0 leurs int\u00e9r\u00eats. Entre 2008 et 2011, le Cr\u00e9dit Local de France s\u2019est d\u2019ailleurs lourdement endett\u00e9 aux frais de\u2026 Dexia Banque Belgique. De Standaard cite le chiffre de pas moins de 44 milliards d\u2019euros\u00a0! Il semble donc que la France a surtout profit\u00e9 de sa participation dans Dexia pour vider Dexia Banque Belgique de sa substance et d\u2019ainsi garder son triple A, la meilleure cotation sur les march\u00e9s financiers. Il s\u2019y ajoute le fait que Dexia Cr\u00e9dit Local n\u2019est pas une banque de retail contrairement \u00e0 Dexia Banque Belgique et qu\u2019une \u00e9ventuelle faillite ne toucherait donc pas directement les consommateurs fran\u00e7ais. Par cons\u00e9quent, les n\u00e9gociations qui se d\u00e9roulent actuellement autour de la nationalisation et donc le rachat par l\u2019Etat belge de Dexia Banque risquent de devenir tr\u00e8s difficiles.<\/p>\n<p>Dans ce contexte, il est capital que la Belgique parle d\u2019une seule voix. Mais ce n\u2019est pas le cas. A cause de la r\u00e9gionalisation de la tutelle sur les communes et les provinces, ces derni\u00e8res empruntant beaucoup \u00e0 Dexia, anciennement le Cr\u00e9dit communal, et l\u2019implication directe (5,7%) et indirecte des trois r\u00e9gions dans le capital de Dexia via l\u2019actionnaire belge principal qui est le Holding communal (14,7%) dont elles garantissent une partie des dettes, la Belgique (5,7%) peine \u00e0 trouver une position commune face aux requins de l\u2019Etat fran\u00e7ais (5,7%) et leur Caisse de D\u00e9p\u00f4ts et Consignations (17,6%).<\/p>\n<p>Le f\u00e9d\u00e9ralisme belge n\u2019est donc pas seulement cher, compliqu\u00e9, inefficace, discriminatoire et antid\u00e9mocratique, mais constitue \u00e9galement <strong>une menace pour la survie de l\u2019Etat belge, voire pour le portefeuille des citoyens belges.<\/strong>\u00a0\u00a0En effet, si l\u2019Etat belge doit s\u2019endetter trop lourdement pour sauver Dexia Banque ou si Dexia Banque tombe en faillite, la Belgique ne pourra plus payer ses dettes (notamment vis-\u00e0-vis des \u00e9pargnants de Dexia) et deviendra in\u00e9vitablement la Gr\u00e8ce du nord. Ce sera alors en grande partie \u00e0 cause de ce syst\u00e8me horrible qui est le f\u00e9d\u00e9ralisme.<\/p>\n<p><strong>Ce n\u2019est pas le B.U.B. qui aura manqu\u00e9 \u00e0 son devoir d\u2019avertir le peuple belge des risques du f\u00e9d\u00e9ralisme linguistique et il est clair que la sixi\u00e8me r\u00e9forme de l\u2019Etat que les politiciens nous annoncent fi\u00e8rement ne va pas du tout arranger les choses, bien au contraire\u00a0! La Belgique est donc sur une tr\u00e8s mauvaise piste et il temps que les Belges en prennent enfin conscience.<\/strong><\/p>\n<p><strong>Par ailleurs, le B.U.B. esp\u00e8re que l&#8217;on va enfin cr\u00e9er <span style=\"text-decoration: underline;\">la grande banque belge<\/span> dont la Belgique et les Belges ont besoin, une chose qui aurait d\u00e9j\u00e0 d\u00fb \u00eatre faite il y a 15 ans \u00e0 l&#8217;\u00e9poque de la BBL et de la G\u00e9n\u00e9rale ou en tout cas en 2008 apr\u00e8s la d\u00e9b\u00e2cle de Fortis. <\/strong><\/p>\n<p><strong>\u00a0<\/strong><\/p>\n<figure id=\"attachment_4719\" aria-describedby=\"caption-attachment-4719\" style=\"width: 300px\" class=\"wp-caption alignright\"><a href=\"https:\/\/www.unionbelge.be\/wp-content\/uploads\/2011\/10\/3-r\u00e9gions-3-gewesten.jpg\"><img loading=\"lazy\" decoding=\"async\" class=\"size-medium wp-image-4719\" title=\"3 r\u00e9gions - 3 gewesten\" src=\"https:\/\/www.unionbelge.be\/wp-content\/uploads\/2011\/10\/3-r\u00e9gions-3-gewesten-300x207.jpg\" alt=\"\" width=\"300\" height=\"207\" srcset=\"https:\/\/www.unionbelge.be\/wp-content\/uploads\/2011\/10\/3-r\u00e9gions-3-gewesten-300x207.jpg 300w, https:\/\/www.unionbelge.be\/wp-content\/uploads\/2011\/10\/3-r\u00e9gions-3-gewesten.jpg 468w\" sizes=\"auto, (max-width: 300px) 100vw, 300px\" \/><\/a><figcaption id=\"caption-attachment-4719\" class=\"wp-caption-text\">De drie gewestelijke &#8220;stamhoofden&#8221;; Frankrijk lacht &#8211; Les trois &#8220;chefs de tribu&#8221; r\u00e9gionaux; la France ricane; Foto &#8211; photo Belga<\/figcaption><\/figure>\n<p><strong>DEXIA : FEDERALISME BEDREIGT BELGIE<\/strong><\/p>\n<p><strong>Alsof Belgi\u00eb nog niet genoeg op de proef werd gesteld door de politiek-communautaire problemen et de onderhandelingen over een zesde staatshervorming slaagt de \u00ab\u00a0Belgische\u00a0\u00bb politiek er moeilijk in om een gemeenschappelijk standpunt te vinden tussen de federale staat en de gewesten m.b.t. de redding van Dexia Bank tegenover de Franse staat die medeaandeelhouder is. De gevaren van het taalfederalisme worden nog veel te veel onderschat, wat de B.U.B. blijft aanklagen. Wij hopen in elk geval dat men eindelijk eens een grote Belgische bank gaat cre\u00ebren.<\/strong><\/p>\n<p>Tijdens de eerste bankencrisis in 2008 moest de Franse staat tussenkomen om Dexia-bank van het faillissement te redden ondanks het feit dat het vooral de Franse tak van Dexia, het Cr\u00e9dit Local de France, was die door risico-operaties de schulden van de bank had veroorzaakt. Sindsdien weten de Belgen dat de Fransen vooral aan hun eigen belangen denken. Van 2008 tot 2011 heeft Cr\u00e9dit Local de France opnieuw veel schulden gemaakt op kosten van\u2026 Dexia Bank Belgi\u00eb. De Standaard citeert het bedrag van 44 miljard euro ! Het lijkt er dus op dat Frankrijk vooral geprofiteerd heeft van zijn participatie in Dexia om Dexia Bank Belgi\u00eb leeg te zuigen om zo zijn \u201ctriple A\u201d-notering op de financi\u00eble markten te kunnen behouden. Daar komt nog bij dat Dexia Cr\u00e9dit Local geen retailbank is in tegenstelling tot Dexia Bank Belgi\u00eb en dat een eventueel faillissement dus niet rechtstreeks de Franse consumenten zal raken. Bijgevolg zullen de onderhandelingen die momenteel gevoerd worden over de nationalisering en dus de koop door de Belgische staat van Dexia Bank zeer moeilijk verlopen.<\/p>\n<p>In deze context is het van het allergrootste belang dat Belgi\u00eb met \u00e9\u00e9n stem spreekt. Maar dat is niet het geval. Wegens de regionalisering van de voogdij over de gemeenten en provincies, die heel veel geld lenen van Dexia, het vroegere Gemeentekrediet, en de directe (5,7%) en indirecte participatie van de drie gewesten in het kapitaal van Dexia via de grootste Belgische aandeelhouder, de Gemeentelijke Holding (14,7%) waarvan ze een deel van de schulden waarborgen, slaagt Belgi\u00eb (5,7%) er moeilijk in een gemeenschappelijk standpunt in te nemen tegenover de haaien van Franse staat (5,7%) en hun \u201cCaisse de D\u00e9p\u00f4ts et Consignations\u201d (17,6 %).<\/p>\n<p>Het Belgisch federalisme is dus niet alleen duur, ingewikkeld, ineffici\u00ebnt, discriminerend en ondemocratisch, maar is ook een <strong>bedreiging voor de Belgische staat en zelfs voor de portemonnaie van de Belgische burgers. <\/strong>Als de Belgische staat immers te duur moet betalen om Dexia Bank te redden of als Dexia Bank failliet gaat, zal Belgi\u00eb zijn schulden niet meer kunnen betalen (ondermeer aan de spaarders van Dexia) en zal het onvermijdelijk het Griekenland van het Noorden worden. Dat zal dan grotendeels te wijten zijn aan dat verschrikkelijk systeem dat federalisme heet.<\/p>\n<p><strong>Het is in elk geval niet de B.U.B. die haar plicht verzuimd zal hebben het Belgisch volk te waarschuwen voor de risico\u2019s van het taalfederalisme en het is duidelijk dat de zesde staatshervorming die de politici nu fier aankondigen deze problemen niet gaat verhelpen, wel integendeel ! Belgi\u00eb bevindt zich dus op een heel slecht spoor en het is tijd dat de Belgen er zich eindelijk eens bewust van gaan worden. <\/strong><\/p>\n<p><strong>Anderzijds hoopt de B.U.B. dat men eindelijk die <span style=\"text-decoration: underline;\">grote Belgische bank<\/span> gaat cre\u00ebren die Belgi\u00eb en de Belgen nodig hebben, iets wat men 15 jaar geleden in de tijd van de BBL en de Generale, minstens in 2008 na het Fortis-debacle al had moeten doen. <\/strong><\/p>\n","protected":false},"excerpt":{"rendered":"<p>Comme si la Belgique n\u2019\u00e9tait pas encore assez d\u00e9stabilis\u00e9e par les probl\u00e8mes politico-communautaires et les n\u00e9gociations sur une 6i\u00e8me r\u00e9forme de l\u2019Etat, la politique \u00ab belge \u00bb peine \u00e0 trouver une position commune entre l\u2019Etat f\u00e9d\u00e9ral et les r\u00e9gions sur le sauvetage de Dexia Banque face \u00e0 l\u2019Etat fran\u00e7ais qui est coactionnaire. Les dangers du f\u00e9d\u00e9ralisme linguistique sont encore largement sous-estim\u00e9s, ce que le B.U.B. ne cesse de d\u00e9noncer. Nous esp\u00e9rons en tout cas que l&#8217;on va enfin cr\u00e9er une grande banque belge. <\/p>\n<p>Alsof Belgi\u00eb nog niet genoeg op de proef werd gesteld door de politiek-communautaire problemen et de onderhandelingen over een zesde staatshervorming slaagt de \u00ab Belgische \u00bb politiek er moeilijk in om een gemeenschappelijk standpunt te vinden tussen de federale staat en de gewesten m.b.t. de redding van Dexia Bank tegenover de Franse staat die medeaandeelhouder is. De gevaren van het taalfederalisme worden nog veel te veel onderschat, wat de B.U.B. blijft aanklagen. Wij hopen in elk geval dat men eindelijk eens een grote Belgische bank gaat cre\u00ebren.<\/p>\n","protected":false},"author":2,"featured_media":0,"comment_status":"closed","ping_status":"open","sticky":false,"template":"","format":"standard","meta":{"ngg_post_thumbnail":0,"jetpack_post_was_ever_published":false,"_jetpack_newsletter_access":"","_jetpack_dont_email_post_to_subs":true,"_jetpack_newsletter_tier_id":0,"_jetpack_memberships_contains_paywalled_content":false,"powered_cache_disable_cache":false,"_jetpack_memberships_contains_paid_content":false,"footnotes":"","jetpack_publicize_message":"","jetpack_publicize_feature_enabled":true,"jetpack_social_post_already_shared":false,"jetpack_social_options":{"image_generator_settings":{"template":"highway","default_image_id":0,"font":"","enabled":false},"version":2}},"categories":[23,1],"tags":[],"class_list":["post-4709","post","type-post","status-publish","format-standard","hentry","category-economy","category-news0"],"jetpack_publicize_connections":[],"jetpack_featured_media_url":"","jetpack_sharing_enabled":true,"jetpack_shortlink":"https:\/\/wp.me\/p6Y7u0-1dX","jetpack_likes_enabled":false,"_links":{"self":[{"href":"https:\/\/www.unionbelge.be\/index.php?rest_route=\/wp\/v2\/posts\/4709","targetHints":{"allow":["GET"]}}],"collection":[{"href":"https:\/\/www.unionbelge.be\/index.php?rest_route=\/wp\/v2\/posts"}],"about":[{"href":"https:\/\/www.unionbelge.be\/index.php?rest_route=\/wp\/v2\/types\/post"}],"author":[{"embeddable":true,"href":"https:\/\/www.unionbelge.be\/index.php?rest_route=\/wp\/v2\/users\/2"}],"replies":[{"embeddable":true,"href":"https:\/\/www.unionbelge.be\/index.php?rest_route=%2Fwp%2Fv2%2Fcomments&post=4709"}],"version-history":[{"count":15,"href":"https:\/\/www.unionbelge.be\/index.php?rest_route=\/wp\/v2\/posts\/4709\/revisions"}],"predecessor-version":[{"id":11396,"href":"https:\/\/www.unionbelge.be\/index.php?rest_route=\/wp\/v2\/posts\/4709\/revisions\/11396"}],"wp:attachment":[{"href":"https:\/\/www.unionbelge.be\/index.php?rest_route=%2Fwp%2Fv2%2Fmedia&parent=4709"}],"wp:term":[{"taxonomy":"category","embeddable":true,"href":"https:\/\/www.unionbelge.be\/index.php?rest_route=%2Fwp%2Fv2%2Fcategories&post=4709"},{"taxonomy":"post_tag","embeddable":true,"href":"https:\/\/www.unionbelge.be\/index.php?rest_route=%2Fwp%2Fv2%2Ftags&post=4709"}],"curies":[{"name":"wp","href":"https:\/\/api.w.org\/{rel}","templated":true}]}}