{"id":4547,"date":"2011-09-18T18:30:09","date_gmt":"2011-09-18T16:30:09","guid":{"rendered":"http:\/\/www.unionbelge.be\/?p=4547"},"modified":"2016-11-16T16:43:56","modified_gmt":"2016-11-16T15:43:56","slug":"betoging-in-linkebeek-manifestation-a-linkebeek","status":"publish","type":"post","link":"https:\/\/www.unionbelge.be\/?p=4547","title":{"rendered":"BETOGING IN LINKEBEEK &#8211; MANIFESTATION A LINKEBEEK"},"content":{"rendered":"<p><strong>HET EFFECT VAN HET &#8220;AKKOORD&#8221;<\/strong><\/p>\n<p><strong>Vele na\u00efevelingen dachten dat het akkoord over BHV van 14 september communautaire rust ging brengen, dat de Belgische politiek zou gepacificeerd worden&#8230; De betoging van zo&#8217;n 3.000 flaminganten\u00a0\u00a0in Linkebeek, een Brabantse voorstad van Brussel, heeft daar anders over beslist.\u00a0 De flaminganten zullen uiteraard niet rusten totdat ze hun republiekje hebben kunnen oprichten, waar niemand buiten henzelf van wil weten.<\/strong><\/p>\n<p>Het Vlaams Belang en de\u00a0N-VA deden op 18 september 2011 gezamenlijk mee aan de betoging voor een onafhankelijk &#8220;Vlaams&#8221; republiekje in Linkebeek. Dat is natuurlijk logisch. Men kan er\u00a0CD&amp;V,\u00a0VLD,\u00a0 SP.a en Groen aan toevoegen. En waarom niet PS, Ecolo,\u00a0CDH en MR? Ze zijn immers allen verenigd wat de splitsing van BHV betreft en op termijn van Belgi\u00eb !<strong>\u00a0<\/strong><\/p>\n<p>Toegevingen aan extremisten hebben geen zin. De overdracht van het Sudetenland aan Adolf Hitler op de Conferentie van M\u00fcnchen in 1938 heeft de Tweede Wereldoorlog ook niet kunnen verhinderen. Wanneer gaan de na\u00efeve onderhandelaars &#8211; voor zover ze zelf niet in het complot tegen Belgi\u00eb zitten &#8211; dat eens begrijpen?<\/p>\n<p>Voorts stellen we vast hoe weinig flaminganten er zijn. Dit moest een grote manifestatie worden. Bussen\u00a0haalden de betogers uit alle hoeken van het zogenaamde &#8220;Vlaanderen&#8221; naar Linkebeek. En dan nog waren\u00a0het maar 3.000 man. Voor dit clubje wordt heel Belgi\u00eb geblokkeerd, worden splitsingen doorgevoerd, wordt er massaal gecapituleerd, worden er dure eden gebroken en worden de Belgische burgers keer op keer verraden. <strong>Het zijn niet de extremisten die Belgi\u00eb kapot maken, maar de traditionele partijen, de &#8220;onderhandelaars&#8221;, de angsthazen en de opportunisten.<\/strong><\/p>\n<p><strong>L&#8217;EFFET DE &#8220;L&#8217;ACCORD&#8221;<\/strong><\/p>\n<p><strong>Bon nombre de na\u00effs pensaient qu&#8217;apr\u00e8s l&#8217;accord sur BHV du 14 septembre, il y aurait une paix communautaire&#8230; La manifestation de quelques 3.000 flamingants \u00e0 Linkebeek dans la banlieue braban\u00e7onne de Bruxelles en a d\u00e9cid\u00e9 autrement. Il est \u00e9vident que les flamingants ne se reposeront pas jusqu&#8217;\u00e0 ce qu&#8217;ils aient pu cr\u00e9er leur petite r\u00e9publique, dont personne sauf eux ne veut.<\/strong><\/p>\n<p>Le 18 septembre 2011, le Vlaams Belang et\u00a0la N-VA participaient c\u00f4te \u00e0 c\u00f4te \u00e0 la manifestation pour une r\u00e9publique ind\u00e9pendante de &#8220;Flandre&#8221; \u00e0 Linkebeek. C&#8217;est bien s\u00fbr logique. On pourrait y ajouter le CD&amp;V, le VLD, le SP.a et Groen. Et pourquoi pas le PS, Ecolo, le CDH et le MR? Ils sont en effet\u00a0tous unis en ce qui concerne la scission de BHV et \u00e0 terme de la Belgique !<\/p>\n<p>Des concessions \u00e0 des extr\u00e9mistes n&#8217;ont aucun sens. Le transfert des Sud\u00e8tes \u00e0 Adolf Hitler \u00e0 la Conf\u00e9rence de Munich de 1938 n&#8217;a pas davantage emp\u00each\u00e9 la deuxi\u00e8me guerre mondiale. Quand est-ce que les n\u00e9gociateurs na\u00effs &#8211; pour autant qu&#8217;ils ne soient pas eux-m\u00eames impliqu\u00e9s dans le complot anti-belge\u00a0&#8211; vont-ils enfin le comprendre?<\/p>\n<p>En outre, nous constatons que les flamingants ne sont pas tr\u00e8s nombreux. Ceci devait \u00eatre une grande manifestation. Des autocars ont amen\u00e9 les manifestants de tous les coins de la soi-disant &#8220;Flandre&#8221; vers Linkebeek. Et encore, ils n&#8217;\u00e9taient que 3.000. Pour ce petit club, la particratie bloque la Belgique, effectue des scissions, capitule \u00e0 outrance, viole ses promesses et trahit les citoyens belges tour \u00e0 tour. <strong>Ce ne sont pas les extr\u00e9mistes qui d\u00e9truisent la Belgique, mais les partis traditionnels, les n\u00e9gociateurs&#8221;, les peureux et les opportunistes.<\/strong><\/p>\n","protected":false},"excerpt":{"rendered":"<p>Vele na\u00efevelingen dachten dat het akkoord over BHV van 14 september communautaire rust ging brengen, dat de Belgische politiek zou gepacificeerd worden&#8230; De betoging van zo&#8217;n 3.000 flaminganten  in Linkebeek, een Brabantse voorstad van Brussel, heeft daar anders over beslist.  De flaminganten zullen uiteraard niet rusten totdat ze hun republiekje hebben kunnen oprichten, waar niemand buiten henzelf van wil weten.<\/p>\n<p>Bon nombre de na\u00effs pensaient qu&#8217;apr\u00e8s l&#8217;accord sur BHV du 14 septembre, il y aurait une paix communautaire&#8230; La manifestation de quelques 3.000 flamingants \u00e0 Linkebeek dans la banlieue braban\u00e7onne de Bruxelles en a d\u00e9cid\u00e9 autrement. Il est \u00e9vident que les flamingants ne se reposeront pas jusqu&#8217;\u00e0 ce qu&#8217;ils aient pu cr\u00e9er leur petite r\u00e9publique, dont personne sauf eux ne veut.<\/p>\n","protected":false},"author":2,"featured_media":0,"comment_status":"closed","ping_status":"open","sticky":false,"template":"","format":"standard","meta":{"ngg_post_thumbnail":0,"jetpack_post_was_ever_published":false,"_jetpack_newsletter_access":"","_jetpack_dont_email_post_to_subs":true,"_jetpack_newsletter_tier_id":0,"_jetpack_memberships_contains_paywalled_content":false,"powered_cache_disable_cache":false,"_jetpack_memberships_contains_paid_content":false,"footnotes":"","jetpack_publicize_message":"","jetpack_publicize_feature_enabled":true,"jetpack_social_post_already_shared":false,"jetpack_social_options":{"image_generator_settings":{"template":"highway","default_image_id":0,"font":"","enabled":false},"version":2}},"categories":[1],"tags":[],"class_list":["post-4547","post","type-post","status-publish","format-standard","hentry","category-news0"],"jetpack_publicize_connections":[],"jetpack_featured_media_url":"","jetpack_sharing_enabled":true,"jetpack_shortlink":"https:\/\/wp.me\/p6Y7u0-1bl","jetpack_likes_enabled":false,"_links":{"self":[{"href":"https:\/\/www.unionbelge.be\/index.php?rest_route=\/wp\/v2\/posts\/4547","targetHints":{"allow":["GET"]}}],"collection":[{"href":"https:\/\/www.unionbelge.be\/index.php?rest_route=\/wp\/v2\/posts"}],"about":[{"href":"https:\/\/www.unionbelge.be\/index.php?rest_route=\/wp\/v2\/types\/post"}],"author":[{"embeddable":true,"href":"https:\/\/www.unionbelge.be\/index.php?rest_route=\/wp\/v2\/users\/2"}],"replies":[{"embeddable":true,"href":"https:\/\/www.unionbelge.be\/index.php?rest_route=%2Fwp%2Fv2%2Fcomments&post=4547"}],"version-history":[{"count":6,"href":"https:\/\/www.unionbelge.be\/index.php?rest_route=\/wp\/v2\/posts\/4547\/revisions"}],"predecessor-version":[{"id":11109,"href":"https:\/\/www.unionbelge.be\/index.php?rest_route=\/wp\/v2\/posts\/4547\/revisions\/11109"}],"wp:attachment":[{"href":"https:\/\/www.unionbelge.be\/index.php?rest_route=%2Fwp%2Fv2%2Fmedia&parent=4547"}],"wp:term":[{"taxonomy":"category","embeddable":true,"href":"https:\/\/www.unionbelge.be\/index.php?rest_route=%2Fwp%2Fv2%2Fcategories&post=4547"},{"taxonomy":"post_tag","embeddable":true,"href":"https:\/\/www.unionbelge.be\/index.php?rest_route=%2Fwp%2Fv2%2Ftags&post=4547"}],"curies":[{"name":"wp","href":"https:\/\/api.w.org\/{rel}","templated":true}]}}