{"id":4525,"date":"2011-09-16T19:18:43","date_gmt":"2011-09-16T17:18:43","guid":{"rendered":"http:\/\/www.unionbelge.be\/?p=4525"},"modified":"2011-09-16T19:21:04","modified_gmt":"2011-09-16T17:21:04","slug":"roland-duchatelet-notre-systeme-nie-les-bilingues-ons-systeem-negeert-de-tweetaligen-ues-wil-tweetalige-partijen","status":"publish","type":"post","link":"https:\/\/www.unionbelge.be\/?p=4525","title":{"rendered":"ROLAND DUCHATELET: &#8220;NOTRE SYSTEME NIE LES BILINGUES !&#8221; &#8211; &#8220;ONS SYSTEEM NEGEERT DE TWEETALIGEN !&#8221;"},"content":{"rendered":"<p><strong>Le B.U.B. ne peut que donner raison au nouveau pr\u00e9sident de l&#8217;\u00e9quipe de foot du Standard lorsqu&#8217;il met en cause le caract\u00e8re unilingue de &#8220;notre&#8221; syst\u00e8me f\u00e9d\u00e9ral. <\/strong><\/p>\n<p>Voici un extrait de l&#8217;interview qu&#8217;il vient de donner aux journalistes de Sudpresse dans lequel il met l&#8217;accent sur la n\u00e9cessit\u00e9 de partis bilingues en Belgique (on dirait m\u00eame trilingues pour ne pas oublier les Germanophones):<\/p>\n<p><strong>De B.U.B. kan de nieuwe voorzitter van de voetbalploeg Standard alleen maar gelijk geven wanneer hij het eentalig karakter van &#8220;ons&#8221; federaal systeem in vraag stelt. <\/strong><\/p>\n<p>Ziehier een uittreksel van het interview dat hij juist gegeven heeft aan de journalisten van Sudpresse waarin hij de nadruk legt op de noodzaak van tweetalige partijen in Belgi\u00eb (we zouden zelfs drietalige zeggen om de Duitstaligen niet te vergeten):<\/p>\n<p>LA CAPITALE<\/p>\n<h1><em>Duchatelet (Standard): &#8220;Avec des partis uniques, le probl\u00e8me De Wever serait supprim\u00e9&#8221;<\/em><\/h1>\n<div id=\"picture\">\n<p><img loading=\"lazy\" decoding=\"async\" src=\"http:\/\/www.lacapitale.be\/zc\/thumb300x200\/mediastore\/SP\/Sport_belge\/duchatelet2.jpg\" alt=\" Duchatelet (Standard): &quot;Avec des partis uniques, le probl\u00e8me De Wever serait supprim\u00e9&quot; \" width=\"300\" height=\"200\" \/><\/p>\n<\/div>\n<p><em>Interrog\u00e9  par les journalistes de Sudpresse \u00e0 l&#8217;occasion du premier d\u00e9placement  europ\u00e9en du Standard, le nouveau pr\u00e9sident du club n&#8217;a pu \u00e9viter les  questions politiques, lui qui avait fond\u00e9 le parti Vivant. Il n&#8217;a pas  chang\u00e9: \u00e0 l&#8217;entendre, il d\u00e9tient m\u00eame la solution pour qu&#8217;on en finisse  enfin avec nos probl\u00e8mes: <strong>le retour aux partis uniques!<\/strong><\/em><\/p>\n<p><em>Publi\u00e9 le 16\/09 \u00e0 17<abbr title=\"heure\">h<\/abbr>11<\/em><\/p>\n<p><em>\u201c \u00c0 18 ans, j&#8217;ai d\u00fb choisir si je  voulais voter pour les partis francophones ou flamands. Mais en tant que  bilingue, je ne voulais pas effectuer ce choix! <strong>Notre syst\u00e8me nie  compl\u00e8tement les bilingues.<\/strong> Quand on parle de protection des minorit\u00e9s,  il y a clairement quelque chose \u00e0 faire. En Belgique, on a deux partis  socialistes, deux partis lib\u00e9raux etc. <strong>Je plaide fortement pour qu&#8217;on en  revienne \u00e0 des partis uniques. <\/strong>Cette division implique que le Premier  ministre n&#8217;a le soutien que de 15 % de la population. C&#8217;est beaucoup  trop peu. <strong>Si on adoptait un syst\u00e8me de partis uniques, le probl\u00e8me \u201c De  Wever \u201d serait supprim\u00e9 tout de suite.<\/strong> \u201d<\/em><\/p>\n","protected":false},"excerpt":{"rendered":"<p>Le B.U.B. ne peut que donner raison au nouveau pr\u00e9sident de l&#8217;\u00e9quipe de foot du Standard lorsqu&#8217;il met en cause le caract\u00e8re unilingue de &#8220;notre&#8221; syst\u00e8me f\u00e9d\u00e9ral. <\/p>\n<p>De B.U.B. kan de nieuwe voorzitter van de voetbalploeg Standard alleen maar gelijk geven wanneer hij het eentalig karakter van &#8220;ons&#8221; federaal systeem in vraag stelt. <\/p>\n","protected":false},"author":2,"featured_media":0,"comment_status":"closed","ping_status":"open","sticky":false,"template":"","format":"standard","meta":{"ngg_post_thumbnail":0,"jetpack_post_was_ever_published":false,"_jetpack_newsletter_access":"","_jetpack_dont_email_post_to_subs":false,"_jetpack_newsletter_tier_id":0,"_jetpack_memberships_contains_paywalled_content":false,"powered_cache_disable_cache":false,"_jetpack_memberships_contains_paid_content":false,"footnotes":"","jetpack_publicize_message":"","jetpack_publicize_feature_enabled":true,"jetpack_social_post_already_shared":false,"jetpack_social_options":{"image_generator_settings":{"template":"highway","default_image_id":0,"font":"","enabled":false},"version":2}},"categories":[5],"tags":[],"class_list":["post-4525","post","type-post","status-publish","format-standard","hentry","category-opinions"],"jetpack_publicize_connections":[],"jetpack_featured_media_url":"","jetpack_sharing_enabled":true,"jetpack_shortlink":"https:\/\/wp.me\/p6Y7u0-1aZ","jetpack_likes_enabled":false,"_links":{"self":[{"href":"https:\/\/www.unionbelge.be\/index.php?rest_route=\/wp\/v2\/posts\/4525","targetHints":{"allow":["GET"]}}],"collection":[{"href":"https:\/\/www.unionbelge.be\/index.php?rest_route=\/wp\/v2\/posts"}],"about":[{"href":"https:\/\/www.unionbelge.be\/index.php?rest_route=\/wp\/v2\/types\/post"}],"author":[{"embeddable":true,"href":"https:\/\/www.unionbelge.be\/index.php?rest_route=\/wp\/v2\/users\/2"}],"replies":[{"embeddable":true,"href":"https:\/\/www.unionbelge.be\/index.php?rest_route=%2Fwp%2Fv2%2Fcomments&post=4525"}],"version-history":[{"count":2,"href":"https:\/\/www.unionbelge.be\/index.php?rest_route=\/wp\/v2\/posts\/4525\/revisions"}],"predecessor-version":[{"id":4527,"href":"https:\/\/www.unionbelge.be\/index.php?rest_route=\/wp\/v2\/posts\/4525\/revisions\/4527"}],"wp:attachment":[{"href":"https:\/\/www.unionbelge.be\/index.php?rest_route=%2Fwp%2Fv2%2Fmedia&parent=4525"}],"wp:term":[{"taxonomy":"category","embeddable":true,"href":"https:\/\/www.unionbelge.be\/index.php?rest_route=%2Fwp%2Fv2%2Fcategories&post=4525"},{"taxonomy":"post_tag","embeddable":true,"href":"https:\/\/www.unionbelge.be\/index.php?rest_route=%2Fwp%2Fv2%2Ftags&post=4525"}],"curies":[{"name":"wp","href":"https:\/\/api.w.org\/{rel}","templated":true}]}}